{"id":316600,"date":"2025-08-13T16:02:11","date_gmt":"2025-08-13T16:02:11","guid":{"rendered":"https:\/\/www.europesays.com\/fr\/316600\/"},"modified":"2025-08-13T16:02:11","modified_gmt":"2025-08-13T16:02:11","slug":"rennes-boucle-un-transfert-a-8-me","status":"publish","type":"post","link":"https:\/\/www.europesays.com\/fr\/316600\/","title":{"rendered":"Rennes boucle un transfert \u00e0 8 M\u20ac"},"content":{"rendered":"<p>Proche de Nice, o\u00f9 un contrat de 4 ans l\u2019attendait, <a href=\"https:\/\/www.footmercato.net\/joueur\/mahdi-camara\/\" rel=\"nofollow noopener\" target=\"_blank\">Mahdi Camara<\/a> (27 ans) a finalement chang\u00e9 de destination en l\u2019espace de quelques heures. En effet, dans la journ\u00e9e de mardi, on \u00e9voquait une signature chez les Aiglons. Mais dans la nuit, le joueur a finalement \u00e9t\u00e9 conquis par l\u2019ambitieux projet du Stade Rennais et ses \u00e9changes avec Habib Beye.<\/p>\n<p>            La suite apr\u00e8s cette publicit\u00e9<\/p>\n<p>Tr\u00e8s vite, les deux parties s\u2019\u00e9taient entendues sur un contrat de 4 ans. Il restait donc \u00e0 trouver un accord entre clubs, m\u00eame si tous les voyants \u00e9taient au vert entre <a href=\"https:\/\/www.footmercato.net\/club\/stade-rennais-fc\/\" rel=\"nofollow noopener\" target=\"_blank\">Rennes<\/a> et <a href=\"https:\/\/www.footmercato.net\/club\/stade-brestois-29\/\" rel=\"nofollow noopener\" target=\"_blank\">Brest<\/a>. Ce mercredi apr\u00e8s-midi, <a href=\"https:\/\/rmcsport.bfmtv.com\/football\/transferts\/direct-mercato-suivez-toutes-les-infos-transferts-du-11-aout-2025_LN-202508110030.html\" rel=\"nofollow noopener\" target=\"_blank\">RMC Sport<\/a> assure que les deux \u00e9curies se sont entendues pour un transfert de 8 M\u20ac. Le joueur est d\u00e9j\u00e0 arriv\u00e9 \u00e0 Rennes o\u00f9 il va passer sa visite m\u00e9dicale ce soir. <\/p>\n<p>\n    Pub. le 13\/08\/2025 17:52<br \/>\n            &#8211; MAJ le 13\/08\/2025 18:01\n    <\/p>\n","protected":false},"excerpt":{"rendered":"Proche de Nice, o\u00f9 un contrat de 4 ans l\u2019attendait, Mahdi Camara (27 ans) a finalement chang\u00e9 de&hellip;\n","protected":false},"author":2,"featured_media":70164,"comment_status":"","ping_status":"","sticky":false,"template":"","format":"standard","meta":{"footnotes":""},"categories":[2821],"tags":[1111,11,829,1777,674,1011,27,12,584,25],"class_list":{"0":"post-316600","1":"post","2":"type-post","3":"status-publish","4":"format-standard","5":"has-post-thumbnail","7":"category-rennes","8":"tag-actu","9":"tag-actualites","10":"tag-bretagne","11":"tag-eu","12":"tag-europe","13":"tag-fr","14":"tag-france","15":"tag-news","16":"tag-rennes","17":"tag-republique-francaise"},"share_on_mastodon":{"url":"https:\/\/pubeurope.com\/@fr\/115022302066139412","error":""},"_links":{"self":[{"href":"https:\/\/www.europesays.com\/fr\/wp-json\/wp\/v2\/posts\/316600","targetHints":{"allow":["GET"]}}],"collection":[{"href":"https:\/\/www.europesays.com\/fr\/wp-json\/wp\/v2\/posts"}],"about":[{"href":"https:\/\/www.europesays.com\/fr\/wp-json\/wp\/v2\/types\/post"}],"author":[{"embeddable":true,"href":"https:\/\/www.europesays.com\/fr\/wp-json\/wp\/v2\/users\/2"}],"replies":[{"embeddable":true,"href":"https:\/\/www.europesays.com\/fr\/wp-json\/wp\/v2\/comments?post=316600"}],"version-history":[{"count":0,"href":"https:\/\/www.europesays.com\/fr\/wp-json\/wp\/v2\/posts\/316600\/revisions"}],"wp:featuredmedia":[{"embeddable":true,"href":"https:\/\/www.europesays.com\/fr\/wp-json\/wp\/v2\/media\/70164"}],"wp:attachment":[{"href":"https:\/\/www.europesays.com\/fr\/wp-json\/wp\/v2\/media?parent=316600"}],"wp:term":[{"taxonomy":"category","embeddable":true,"href":"https:\/\/www.europesays.com\/fr\/wp-json\/wp\/v2\/categories?post=316600"},{"taxonomy":"post_tag","embeddable":true,"href":"https:\/\/www.europesays.com\/fr\/wp-json\/wp\/v2\/tags?post=316600"}],"curies":[{"name":"wp","href":"https:\/\/api.w.org\/{rel}","templated":true}]}}