{"id":316603,"date":"2025-08-13T16:04:10","date_gmt":"2025-08-13T16:04:10","guid":{"rendered":"https:\/\/www.europesays.com\/fr\/316603\/"},"modified":"2025-08-13T16:04:10","modified_gmt":"2025-08-13T16:04:10","slug":"strasbourg-refuse-une-deuxieme-offre-pour-dilane-bakwa-alsasports","status":"publish","type":"post","link":"https:\/\/www.europesays.com\/fr\/316603\/","title":{"rendered":"Strasbourg refuse une deuxi\u00e8me offre pour Dilane Bakwa \u2014 Alsa&rsquo;Sports"},"content":{"rendered":"<p><strong>Apr\u00e8s avoir refus\u00e9 une premi\u00e8re offre de 28M\u20ac bonus compris il y a six jours pour Dilane Bakwa, le Racing aurait fait de m\u00eame pour une deuxi\u00e8me offre de 31M\u20ac de la part de Nottingham Forest, d\u2019apr\u00e8s le quotidien L\u2019\u00c9quipe. <\/strong><\/p>\n<p>Strasbourg dit encore non. La semaine derni\u00e8re, le club alsacien refusait une premi\u00e8re offre de Nottingham Forest (28 M\u20ac) pour l\u2019ailier Dilane Bakwa (22 ans, contrat jusqu\u2019en juin 2027). Et montrait par la m\u00eame occasion qu\u2019il \u00e9tait d\u00e9sormais arm\u00e9 pour n\u00e9gocier \u00e0 des hauteurs in\u00e9dites, comme dans le dossier Gu\u00e9la Dou\u00e9, qui va rester au club (Strasbourg a refus\u00e9 deux offres de 15 et 18 M\u20ac de l\u2019AC Milan). <\/p>\n<p>Six jours apr\u00e8s le premier refus, voil\u00e0 le second. D\u2019apr\u00e8s le quotidien L\u2019\u00c9quipe, le Racing aurait d\u00e9clin\u00e9 la nouvelle proposition anglaise de 31\u00a0M\u20ac, bonus compris. Il se murmure que le club alsacien en attendrait \u00e0 minima 35M. \u00c0 voir si Nottingham formulera une troisi\u00e8me offre jug\u00e9e suffisante, ou si Strasbourg comptera quoiqu\u2019il arrive sur le Fran\u00e7ais cette saison. <\/p>\n","protected":false},"excerpt":{"rendered":"Apr\u00e8s avoir refus\u00e9 une premi\u00e8re offre de 28M\u20ac bonus compris il y a six jours pour Dilane Bakwa,&hellip;\n","protected":false},"author":2,"featured_media":306388,"comment_status":"","ping_status":"","sticky":false,"template":"","format":"standard","meta":{"footnotes":""},"categories":[2820],"tags":[1111,11,44695,1777,674,63,1011,27,775,12,4448,25,640],"class_list":{"0":"post-316603","1":"post","2":"type-post","3":"status-publish","4":"format-standard","5":"has-post-thumbnail","7":"category-strasbourg","8":"tag-actu","9":"tag-actualites","10":"tag-dilane-bakwa","11":"tag-eu","12":"tag-europe","13":"tag-football","14":"tag-fr","15":"tag-france","16":"tag-grand-est","17":"tag-news","18":"tag-rc-strasbourg","19":"tag-republique-francaise","20":"tag-strasbourg"},"share_on_mastodon":{"url":"https:\/\/pubeurope.com\/@fr\/115022309903481195","error":""},"_links":{"self":[{"href":"https:\/\/www.europesays.com\/fr\/wp-json\/wp\/v2\/posts\/316603","targetHints":{"allow":["GET"]}}],"collection":[{"href":"https:\/\/www.europesays.com\/fr\/wp-json\/wp\/v2\/posts"}],"about":[{"href":"https:\/\/www.europesays.com\/fr\/wp-json\/wp\/v2\/types\/post"}],"author":[{"embeddable":true,"href":"https:\/\/www.europesays.com\/fr\/wp-json\/wp\/v2\/users\/2"}],"replies":[{"embeddable":true,"href":"https:\/\/www.europesays.com\/fr\/wp-json\/wp\/v2\/comments?post=316603"}],"version-history":[{"count":0,"href":"https:\/\/www.europesays.com\/fr\/wp-json\/wp\/v2\/posts\/316603\/revisions"}],"wp:featuredmedia":[{"embeddable":true,"href":"https:\/\/www.europesays.com\/fr\/wp-json\/wp\/v2\/media\/306388"}],"wp:attachment":[{"href":"https:\/\/www.europesays.com\/fr\/wp-json\/wp\/v2\/media?parent=316603"}],"wp:term":[{"taxonomy":"category","embeddable":true,"href":"https:\/\/www.europesays.com\/fr\/wp-json\/wp\/v2\/categories?post=316603"},{"taxonomy":"post_tag","embeddable":true,"href":"https:\/\/www.europesays.com\/fr\/wp-json\/wp\/v2\/tags?post=316603"}],"curies":[{"name":"wp","href":"https:\/\/api.w.org\/{rel}","templated":true}]}}