{"id":316606,"date":"2025-08-13T16:06:10","date_gmt":"2025-08-13T16:06:10","guid":{"rendered":"https:\/\/www.europesays.com\/fr\/316606\/"},"modified":"2025-08-13T16:06:10","modified_gmt":"2025-08-13T16:06:10","slug":"lentourage-deric-ciotti-vise-par-une-enquete-pour-fichage-illegal","status":"publish","type":"post","link":"https:\/\/www.europesays.com\/fr\/316606\/","title":{"rendered":"L\u2019entourage d\u2019\u00c9ric Ciotti vis\u00e9 par une enqu\u00eate pour fichage ill\u00e9gal"},"content":{"rendered":"<p>Selon <a href=\"https:\/\/www.liberation.fr\/politique\/flic-confession-juive-sourd-les-fichiers-trop-informes-deric-ciotti-sur-des-nicois-influents-20250812_NPESDV3YMVHELD3GC2S4BZT7V4\/\" target=\"_blank\" class=\"c-link c-link--is-underlined\" rel=\"nofollow noopener\">Lib\u00e9ration<\/a>, des perquisitions ont \u00e9t\u00e9 men\u00e9es, ce mardi, par le service interd\u00e9partemental de la police judiciaire dans les locaux du conseil d\u00e9partemental des <a href=\"https:\/\/www.20minutes.fr\/societe\/alpes-maritimes\/\" class=\"c-link c-link--is-underlined\" rel=\"nofollow noopener\" target=\"_blank\">Alpes-Maritimes<\/a>, \u00e0 <a href=\"https:\/\/www.20minutes.fr\/nice\/\" class=\"c-link c-link--is-underlined\" rel=\"nofollow noopener\" target=\"_blank\">Nice<\/a>.<\/p>\n<p>Elles font suite \u00e0 un signalement par un lanceur d\u2019alerte de l\u2019existence de documents dans lesquels seraient mentionn\u00e9es \u00ab\u00a0l\u2019appartenance religieuse ou ethnique\u00a0\u00bb, \u00ab\u00a0la situation de handicap\u00a0\u00bb et \u00ab\u00a0la situation financi\u00e8re ou patrimoniale\u00a0\u00bb des personnes recens\u00e9es. Ces derni\u00e8res sont \u00e9voqu\u00e9es comme ayant de l\u2019influence dans la cinqui\u00e8me ville de France.<\/p>\n<p>Plainte pour \u00ab\u00a0fichage ill\u00e9gal d\u2019administr\u00e9s par un \u00e9lu\u00a0\u00bb<\/p>\n<p>La plainte a \u00e9t\u00e9 d\u00e9pos\u00e9e aupr\u00e8s du procureur de la R\u00e9publique de Nice et de la Cnil (Commission nationale de l\u2019informatique et des libert\u00e9s) pour \u00ab\u00a0fichage ill\u00e9gal d\u2019administr\u00e9s par un \u00e9lu\u00a0\u00bb.<\/p>\n<\/p>\n<p>Selon le quotidien national, ces tableaux Excel seraient entretenus par l&rsquo;\u00ab\u00a0\u00e9quipe du d\u00e9put\u00e9 <a href=\"https:\/\/www.20minutes.fr\/dossier\/eric_ciotti\" class=\"c-link c-link--is-underlined\" rel=\"nofollow noopener\" target=\"_blank\">\u00c9ric Ciotti<\/a>\u00a0\u00bb. L\u2019ex-patron du <a href=\"https:\/\/www.20minutes.fr\/politique\/lr\/\" class=\"c-link c-link--is-underlined\" rel=\"nofollow noopener\" target=\"_blank\">LR<\/a>, aujourd\u2019hui \u00e0 la t\u00eate de l\u2019Union des droites pour la R\u00e9publique, soutien du <a href=\"https:\/\/www.20minutes.fr\/politique\/rassemblement-national\/\" class=\"c-link c-link--is-underlined\" rel=\"nofollow noopener\" target=\"_blank\">Rassemblement national<\/a>, fut pr\u00e9sident du <a href=\"https:\/\/www.departement06.fr\/la-commission-permanente\" target=\"_blank\" class=\"c-link c-link--is-underlined\" rel=\"nofollow noopener\">d\u00e9partement des Alpes-Maritimes<\/a> de\u00a02008 \u00e0\u00a02017. Il en est toujours \u00e9lu et pr\u00e9sident de la commission des finances.<\/p>\n","protected":false},"excerpt":{"rendered":"Selon Lib\u00e9ration, des perquisitions ont \u00e9t\u00e9 men\u00e9es, ce mardi, par le service interd\u00e9partemental de la police judiciaire dans&hellip;\n","protected":false},"author":2,"featured_media":316607,"comment_status":"","ping_status":"","sticky":false,"template":"","format":"standard","meta":{"footnotes":""},"categories":[2819],"tags":[1111,47,11,2898,9233,6537,1777,674,45518,1011,27,303,12,2401,883,882,25],"class_list":{"0":"post-316606","1":"post","2":"type-post","3":"status-publish","4":"format-standard","5":"has-post-thumbnail","7":"category-nice","8":"tag-actu","9":"tag-actualite","10":"tag-actualites","11":"tag-alpes-maritimes","12":"tag-cnil","13":"tag-eric-ciotti","14":"tag-eu","15":"tag-europe","16":"tag-fichage","17":"tag-fr","18":"tag-france","19":"tag-justice","20":"tag-news","21":"tag-nice","22":"tag-paca","23":"tag-provence-alpes-cote-dazur","24":"tag-republique-francaise"},"share_on_mastodon":{"url":"https:\/\/pubeurope.com\/@fr\/115022317767691349","error":""},"_links":{"self":[{"href":"https:\/\/www.europesays.com\/fr\/wp-json\/wp\/v2\/posts\/316606","targetHints":{"allow":["GET"]}}],"collection":[{"href":"https:\/\/www.europesays.com\/fr\/wp-json\/wp\/v2\/posts"}],"about":[{"href":"https:\/\/www.europesays.com\/fr\/wp-json\/wp\/v2\/types\/post"}],"author":[{"embeddable":true,"href":"https:\/\/www.europesays.com\/fr\/wp-json\/wp\/v2\/users\/2"}],"replies":[{"embeddable":true,"href":"https:\/\/www.europesays.com\/fr\/wp-json\/wp\/v2\/comments?post=316606"}],"version-history":[{"count":0,"href":"https:\/\/www.europesays.com\/fr\/wp-json\/wp\/v2\/posts\/316606\/revisions"}],"wp:featuredmedia":[{"embeddable":true,"href":"https:\/\/www.europesays.com\/fr\/wp-json\/wp\/v2\/media\/316607"}],"wp:attachment":[{"href":"https:\/\/www.europesays.com\/fr\/wp-json\/wp\/v2\/media?parent=316606"}],"wp:term":[{"taxonomy":"category","embeddable":true,"href":"https:\/\/www.europesays.com\/fr\/wp-json\/wp\/v2\/categories?post=316606"},{"taxonomy":"post_tag","embeddable":true,"href":"https:\/\/www.europesays.com\/fr\/wp-json\/wp\/v2\/tags?post=316606"}],"curies":[{"name":"wp","href":"https:\/\/api.w.org\/{rel}","templated":true}]}}