{"id":316646,"date":"2025-08-13T16:29:13","date_gmt":"2025-08-13T16:29:13","guid":{"rendered":"https:\/\/www.europesays.com\/fr\/316646\/"},"modified":"2025-08-13T16:29:13","modified_gmt":"2025-08-13T16:29:13","slug":"ni-television-ni-telephone-ni-internet-%f0%9f%94%b4-info-libertaire","status":"publish","type":"post","link":"https:\/\/www.europesays.com\/fr\/316646\/","title":{"rendered":"ni t\u00e9l\u00e9vision, ni t\u00e9l\u00e9phone, ni internet \u2013 \ud83d\udd34 Info Libertaire"},"content":{"rendered":"<p><\/p>\n<p><a href=\"https:\/\/www.anarchistfederation.net\/pixel.jpg\" rel=\"nofollow noopener\" target=\"_blank\"><img loading=\"lazy\" decoding=\"async\" class=\"alignnone wp-image-26440 size-full lazy\" src=\"\" style=\"width:1px;height:1px;display:none!important\" alt=\"\" width=\"792\" height=\"482\"\/><\/a><\/p>\n<p>Traduit de l\u2019allemand de <a href=\"https:\/\/switchoff.noblogs.org\/post\/2025\/08\/07\/brandanschlag-zerstoert-vodafone-netz\/#more-1745\" target=\"_blank\" rel=\"noopener nofollow\">switchoff<\/a>, 7 ao\u00fbt 2025 (extrait)<\/p>\n<p><\/p>\n<p><strong>Pas de t\u00e9l\u00e9vision, pas de t\u00e9l\u00e9phone, pas d\u2019Internet<\/strong>. Depuis jeudi matin 7 ao\u00fbt, des milliers de clients Vodafone de la ville de Potsdam [en proche banlieue de Berlin] sont priv\u00e9s de ces services. La raison : un incendie criminel !<\/p>\n<p>Vers huit heures du matin, la police a re\u00e7u un appel d\u2019urgence : un incendie faisait rage pr\u00e8s du pont Nuthebr\u00fccke, dans la rue Friedrich-Engels de Potsdam. Les flammes jaillissaient d\u2019un puits de c\u00e2bles. Depuis, quatre antennes relais Vodafone sont hors service. 6422 clients c\u00e2bl\u00e9s de l\u2019entreprise ne peuvent plus acc\u00e9der \u00e0 Internet chez eux, ni t\u00e9l\u00e9phoner, ni regarder la t\u00e9l\u00e9vision.<\/p>\n<p>La police soup\u00e7onne un incendie criminel sur la voie ferr\u00e9e voisine. Il y a deux ans, un incendie s\u2019\u00e9tait d\u00e9j\u00e0 d\u00e9clar\u00e9 pr\u00e8s du pont. Apr\u00e8s les pompiers, les enqu\u00eateurs du Landeskriminalamt (LKA, office r\u00e9gional de police criminelle) se sont rendus sur place. Ils ont examin\u00e9 les lieux \u00e0 la recherche d\u2019indices et interrog\u00e9 les riverains et les passants.<\/p>\n<p><a href=\"https:\/\/www.europesays.com\/fr\/wp-content\/uploads\/2025\/08\/potsdam-allemagne-ni-television-ni-telephone-ni-internet.jpg\"><img loading=\"lazy\" decoding=\"async\" class=\"alignnone wp-image-26441 size-full lazy\" src=\"https:\/\/www.europesays.com\/fr\/wp-content\/uploads\/2025\/08\/potsdam-allemagne-ni-television-ni-telephone-ni-internet.jpg\" alt=\"\" width=\"746\" height=\"342\"\/><\/a><\/p>\n<p>Jusqu\u2019au soir, Vodafone n\u2019a pas pu commencer \u00e0 r\u00e9parer la panne en raison de la pr\u00e9sence des enqu\u00eateurs sur les lieux. La date \u00e0 laquelle ses clients de Potsdam seront reconnect\u00e9s au r\u00e9seau n\u2019est pas encore connue. La cible pr\u00e9sum\u00e9e de l\u2019attaque, le trafic ferroviaire, n\u2019est toutefois pas affect\u00e9e.<\/p>\n<p>Les \u00ab infrastructures critiques \u00bb sont de plus en plus souvent la cible d\u2019attaques. <a href=\"https:\/\/sansnom.noblogs.org\/archives\/26444\" target=\"_blank\" rel=\"noopener nofollow\">Vendredi dernier<\/a>, des c\u00e2bles ont pris feu sur une ligne ferroviaire en Saxe-Anhalt. <a href=\"https:\/\/sansnom.noblogs.org\/archives\/26350\" target=\"_blank\" rel=\"noopener nofollow\">Auparavant<\/a>, des incendies pr\u00e8s de la ligne ferroviaire Duisburg-D\u00fcsseldorf (Rh\u00e9nanie-du-Nord-Westphalie) avaient paralys\u00e9 pendant plusieurs jours cette important axe ferroviaire.<\/p>\n<p><br clear=\"both\"\/><\/p>\n<p><\/p>\n<p><strong>Source:<\/strong> <a href=\"https:\/\/sansnom.noblogs.org\/archives\/26437\" target=\"_blank\" rel=\"nofollow noopener\">Sansnom.noblogs.org<\/a><br \/><\/p>\n","protected":false},"excerpt":{"rendered":"Traduit de l\u2019allemand de switchoff, 7 ao\u00fbt 2025 (extrait) Pas de t\u00e9l\u00e9vision, pas de t\u00e9l\u00e9phone, pas d\u2019Internet. Depuis&hellip;\n","protected":false},"author":2,"featured_media":316647,"comment_status":"","ping_status":"","sticky":false,"template":"","format":"standard","meta":{"footnotes":""},"categories":[1587],"tags":[11,672,1804,1805,1803,1777,674,1801,12,1802],"class_list":{"0":"post-316646","1":"post","2":"type-post","3":"status-publish","4":"format-standard","5":"has-post-thumbnail","7":"category-allemagne","8":"tag-actualites","9":"tag-allemagne","10":"tag-bundesrepublik-deutschland","11":"tag-de","12":"tag-deutschland","13":"tag-eu","14":"tag-europe","15":"tag-germany","16":"tag-news","17":"tag-republique-federale-dallemagne"},"share_on_mastodon":{"url":"https:\/\/pubeurope.com\/@fr\/115022408266395058","error":""},"_links":{"self":[{"href":"https:\/\/www.europesays.com\/fr\/wp-json\/wp\/v2\/posts\/316646","targetHints":{"allow":["GET"]}}],"collection":[{"href":"https:\/\/www.europesays.com\/fr\/wp-json\/wp\/v2\/posts"}],"about":[{"href":"https:\/\/www.europesays.com\/fr\/wp-json\/wp\/v2\/types\/post"}],"author":[{"embeddable":true,"href":"https:\/\/www.europesays.com\/fr\/wp-json\/wp\/v2\/users\/2"}],"replies":[{"embeddable":true,"href":"https:\/\/www.europesays.com\/fr\/wp-json\/wp\/v2\/comments?post=316646"}],"version-history":[{"count":0,"href":"https:\/\/www.europesays.com\/fr\/wp-json\/wp\/v2\/posts\/316646\/revisions"}],"wp:featuredmedia":[{"embeddable":true,"href":"https:\/\/www.europesays.com\/fr\/wp-json\/wp\/v2\/media\/316647"}],"wp:attachment":[{"href":"https:\/\/www.europesays.com\/fr\/wp-json\/wp\/v2\/media?parent=316646"}],"wp:term":[{"taxonomy":"category","embeddable":true,"href":"https:\/\/www.europesays.com\/fr\/wp-json\/wp\/v2\/categories?post=316646"},{"taxonomy":"post_tag","embeddable":true,"href":"https:\/\/www.europesays.com\/fr\/wp-json\/wp\/v2\/tags?post=316646"}],"curies":[{"name":"wp","href":"https:\/\/api.w.org\/{rel}","templated":true}]}}