{"id":316650,"date":"2025-08-13T16:31:12","date_gmt":"2025-08-13T16:31:12","guid":{"rendered":"https:\/\/www.europesays.com\/fr\/316650\/"},"modified":"2025-08-13T16:31:12","modified_gmt":"2025-08-13T16:31:12","slug":"dossier-retour-sur-les-mesures-phares-du-choc-de-simplification-de-lunion-europeenne","status":"publish","type":"post","link":"https:\/\/www.europesays.com\/fr\/316650\/","title":{"rendered":"Dossier : Retour sur les mesures phares du choc de simplification de l\u2019Union europ\u00e9enne"},"content":{"rendered":"<p><strong>Directives CRSD et CS3D, M\u00e9canisme d\u2019ajustement carbone aux fronti\u00e8res (MACF), taxonomie\u2026 La Commission europ\u00e9enne a pr\u00e9sent\u00e9 le 27 f\u00e9vrier un paquet de mesures de simplification d\u2019un certain nombre de l\u00e9gislations concernant la durabilit\u00e9 et les investissements.<\/strong><\/p>\n<p>Surnomm\u00e9 le \u00ab\u00a0<strong>paquet omnibus<\/strong> \u00bb, ce train de mesures vise \u00e0 all\u00e9ger le fardeau administratif pesant sur les entreprises, notamment les PME et les petites ETI. La Commission s\u2019est ainsi fix\u00e9e pour objectif de\u00a0<strong>r\u00e9duire d\u2019au moins 25 %<\/strong> les charges administratives\u00a0et d\u2019au moins 35 % pour les PME\u00a0et petites ETI (moins de 1000 salari\u00e9s et moins de 50 millions d\u2019euros de chiffre d\u2019affaires) d\u2019ici la fin de ce mandat.<\/p>\n<p>L\u2019objectif est, \u00e0 terme, de leur redonner de la<strong> comp\u00e9titivit\u00e9<\/strong> face \u00e0 une concurrence internationale exacerb\u00e9e.<\/p>\n<p>Depuis le 27 f\u00e9vrier, ce \u00ab\u00a0paquet omnibus\u00a0\u00bb est <strong>mis en \u0153uvre<\/strong> au fur et \u00e0 mesure que ses mesures sont adopt\u00e9es par le Conseil et le Parlement europ\u00e9ens. Nous proposons de revenir sur les principales dans cette s\u00e9lection d\u2019articles publi\u00e9s sur<a href=\"https:\/\/www.lemoci.com\/\" target=\"_blank\" rel=\"noopener\"> lemoci.com<\/a> ces derniers mois.<\/p>\n<p><strong>Juillet<\/strong><\/p>\n<p><strong>Juin<\/strong><\/p>\n<p><strong>Mai<\/strong><\/p>\n<p><strong>Avril<\/strong><\/p>\n<p><strong>Mars<\/strong><\/p>\n","protected":false},"excerpt":{"rendered":"Directives CRSD et CS3D, M\u00e9canisme d\u2019ajustement carbone aux fronti\u00e8res (MACF), taxonomie\u2026 La Commission europ\u00e9enne a pr\u00e9sent\u00e9 le 27&hellip;\n","protected":false},"author":2,"featured_media":316651,"comment_status":"","ping_status":"","sticky":false,"template":"","format":"standard","meta":{"footnotes":""},"categories":[1586],"tags":[11,45520,45521,929,21107,4485,1777,674,1779,1011,27,45522,12,25,1778,364],"class_list":{"0":"post-316650","1":"post","2":"type-post","3":"status-publish","4":"format-standard","5":"has-post-thumbnail","7":"category-europe","8":"tag-actualites","9":"tag-choc-de-simplification","10":"tag-cs3d","11":"tag-csrd","12":"tag-deforestation","13":"tag-dossier","14":"tag-eu","15":"tag-europe","16":"tag-european-union","17":"tag-fr","18":"tag-france","19":"tag-macf","20":"tag-news","21":"tag-republique-francaise","22":"tag-ue","23":"tag-union-europeenne"},"share_on_mastodon":{"url":"https:\/\/pubeurope.com\/@fr\/115022416189437364","error":""},"_links":{"self":[{"href":"https:\/\/www.europesays.com\/fr\/wp-json\/wp\/v2\/posts\/316650","targetHints":{"allow":["GET"]}}],"collection":[{"href":"https:\/\/www.europesays.com\/fr\/wp-json\/wp\/v2\/posts"}],"about":[{"href":"https:\/\/www.europesays.com\/fr\/wp-json\/wp\/v2\/types\/post"}],"author":[{"embeddable":true,"href":"https:\/\/www.europesays.com\/fr\/wp-json\/wp\/v2\/users\/2"}],"replies":[{"embeddable":true,"href":"https:\/\/www.europesays.com\/fr\/wp-json\/wp\/v2\/comments?post=316650"}],"version-history":[{"count":0,"href":"https:\/\/www.europesays.com\/fr\/wp-json\/wp\/v2\/posts\/316650\/revisions"}],"wp:featuredmedia":[{"embeddable":true,"href":"https:\/\/www.europesays.com\/fr\/wp-json\/wp\/v2\/media\/316651"}],"wp:attachment":[{"href":"https:\/\/www.europesays.com\/fr\/wp-json\/wp\/v2\/media?parent=316650"}],"wp:term":[{"taxonomy":"category","embeddable":true,"href":"https:\/\/www.europesays.com\/fr\/wp-json\/wp\/v2\/categories?post=316650"},{"taxonomy":"post_tag","embeddable":true,"href":"https:\/\/www.europesays.com\/fr\/wp-json\/wp\/v2\/tags?post=316650"}],"curies":[{"name":"wp","href":"https:\/\/api.w.org\/{rel}","templated":true}]}}