{"id":316660,"date":"2025-08-13T16:38:19","date_gmt":"2025-08-13T16:38:19","guid":{"rendered":"https:\/\/www.europesays.com\/fr\/316660\/"},"modified":"2025-08-13T16:38:19","modified_gmt":"2025-08-13T16:38:19","slug":"atp-wta-cincinnati-jessica-pegula-la-fin-approche-je-pense-que-cest-la-que-je-devrai-marreter","status":"publish","type":"post","link":"https:\/\/www.europesays.com\/fr\/316660\/","title":{"rendered":"ATP\/WTA Cincinnati > Jessica Pegula, la fin approche : \u00ab\u00a0Je pense que c&rsquo;est l\u00e0 que je devrai m&rsquo;arr\u00eater\u00a0\u00bb"},"content":{"rendered":"<p>La plupart des cham\u00adpions de la petite balle jaune s\u2019im\u00adposent tr\u00e8s t\u00f4t dans leur carri\u00e8re. Les s\u0153urs Williams, Bj\u00f6rn Borg, Boris Becker, Rafael Nadal et John McEnroe sont des cas d\u2019\u00e9cole. D\u2019autres \u00e9mergent plus sur le tard comme Stan Wawrinka, laur\u00e9at de son premier Grand Chelem \u00e0 28 ans, lors de l\u2019Open d\u2019Australie.\u00a0<\/p>\n<p>Jessica Pegula fait partie de cette seconde cat\u00e9\u00adgorie. L\u2019Am\u00e9ricaine s\u2019est fait une place dans les sommets de la WTA en 2022, au m\u00eame \u00e2ge que le Suisse. Actuellement quatri\u00e8me joueuse mondiale, la fina\u00adliste sortante de l\u2019US Open a encore quelques ann\u00e9es au plus haut\u2010niveau, mais le moment de ranger la raquette approche.\u00a0<\/p>\n<p>Dans le podcast <a href=\"https:\/\/www.youtube.com\/watch?v=B8H4DOXfjZc\" data-wpel-link=\"external\" target=\"_blank\" rel=\"nofollow external noopener\">Tennis Insider Club<\/a> anim\u00e9 par Caroline Garcia, elle pr\u00e9cise que les Jeux 2028 de Los Angeles sont l\u2019un des derniers objec\u00adtifs de sa carri\u00e8re.\u00a0<\/p>\n<p><strong>\u00ab\u202fJe ne jouerai certai\u00adne\u00adment pas \u00e0 35 ans, c\u2019est s\u00fbr. Je pense que c\u2019est l\u00e0 que je devrai m\u2019ar\u00adr\u00eater. Je pense que ce serait cool d\u2019es\u00adsayer de parti\u00adciper aux Jeux olym\u00adpiques, car ils auront lieu \u00e0 Los Angeles dans quelques ann\u00e9es. Mais trois ans, c\u2019est long. Techniquement, je compte deux ans, parce qu\u2019il faut se quali\u00adfier, donc j\u2019aurai proba\u00adble\u00adment une id\u00e9e d\u2019ici l\u00e0 si je suis s\u00e9lec\u00adtionn\u00e9 ou non. Donc on va dire deux ans, mais en r\u00e9alit\u00e9 c\u2019est\u00a0trois\u202f\u00bb.<\/strong><\/p>\n<p class=\"post-published-date\" style=\"color: silver; font-size: 75%; text-align: left;\">Publi\u00e9 le mercredi 13 ao\u00fbt 2025 \u00e0 16:15<\/p>\n","protected":false},"excerpt":{"rendered":"La plupart des cham\u00adpions de la petite balle jaune s\u2019im\u00adposent tr\u00e8s t\u00f4t dans leur carri\u00e8re. Les s\u0153urs Williams,&hellip;\n","protected":false},"author":2,"featured_media":36138,"comment_status":"","ping_status":"","sticky":false,"template":"","format":"standard","meta":{"footnotes":""},"categories":[1415],"tags":[1011,27,8002,1960,2201,60,1754,1467],"class_list":{"0":"post-316660","1":"post","2":"type-post","3":"status-publish","4":"format-standard","5":"has-post-thumbnail","7":"category-tennis","8":"tag-fr","9":"tag-france","10":"tag-garcia","11":"tag-nadal","12":"tag-serena-williams","13":"tag-sports","14":"tag-stan-wawrinka","15":"tag-tennis"},"share_on_mastodon":{"url":"https:\/\/pubeurope.com\/@fr\/115022443486906911","error":""},"_links":{"self":[{"href":"https:\/\/www.europesays.com\/fr\/wp-json\/wp\/v2\/posts\/316660","targetHints":{"allow":["GET"]}}],"collection":[{"href":"https:\/\/www.europesays.com\/fr\/wp-json\/wp\/v2\/posts"}],"about":[{"href":"https:\/\/www.europesays.com\/fr\/wp-json\/wp\/v2\/types\/post"}],"author":[{"embeddable":true,"href":"https:\/\/www.europesays.com\/fr\/wp-json\/wp\/v2\/users\/2"}],"replies":[{"embeddable":true,"href":"https:\/\/www.europesays.com\/fr\/wp-json\/wp\/v2\/comments?post=316660"}],"version-history":[{"count":0,"href":"https:\/\/www.europesays.com\/fr\/wp-json\/wp\/v2\/posts\/316660\/revisions"}],"wp:featuredmedia":[{"embeddable":true,"href":"https:\/\/www.europesays.com\/fr\/wp-json\/wp\/v2\/media\/36138"}],"wp:attachment":[{"href":"https:\/\/www.europesays.com\/fr\/wp-json\/wp\/v2\/media?parent=316660"}],"wp:term":[{"taxonomy":"category","embeddable":true,"href":"https:\/\/www.europesays.com\/fr\/wp-json\/wp\/v2\/categories?post=316660"},{"taxonomy":"post_tag","embeddable":true,"href":"https:\/\/www.europesays.com\/fr\/wp-json\/wp\/v2\/tags?post=316660"}],"curies":[{"name":"wp","href":"https:\/\/api.w.org\/{rel}","templated":true}]}}