{"id":316662,"date":"2025-08-13T16:41:21","date_gmt":"2025-08-13T16:41:21","guid":{"rendered":"https:\/\/www.europesays.com\/fr\/316662\/"},"modified":"2025-08-13T16:41:21","modified_gmt":"2025-08-13T16:41:21","slug":"la-manoeuvre-qui-doit-faire-taire-les-detracteurs-docon-selon-komatsu","status":"publish","type":"post","link":"https:\/\/www.europesays.com\/fr\/316662\/","title":{"rendered":"La man\u0153uvre qui doit faire taire les d\u00e9tracteurs d&rsquo;Ocon selon Komatsu"},"content":{"rendered":"<p>Dans la derni\u00e8re saison de Drive to Survive, une sc\u00e8ne montre Ayao Komatsu face \u00e0 l&rsquo;un des membres de l&rsquo;\u00e9quipe <a href=\"https:\/\/fr.motorsport.com\/team\/haas\/1949\/\" target=\"_blank\" rel=\"noopener\">Haas<\/a>, qui se demande si la signature d&rsquo;<a href=\"https:\/\/fr.motorsport.com\/driver\/esteban-ocon\/95096\/\" target=\"_blank\" rel=\"noopener\">Esteban Ocon<\/a> est la bonne d\u00e9cision pour l&rsquo;\u00e9quipe.<\/p>\n<p>\u00ab\u00a0\u00cates-vous certain \u00e0 100% qu&rsquo;Ocon s&rsquo;int\u00e8grera bien chez nous\u00a0?\u00a0\u00bb,\u00a0demande-t-il au manager japonais.<\/p>\n<p>Le recrutement du Fran\u00e7ais, qui tra\u00eene la r\u00e9p\u00e9tition de ne pas faire le jeu de ses \u00e9quipes, a \u00e9t\u00e9 source de d\u00e9bats dans les m\u00e9dias et en interne. L&rsquo;accord a \u00e9t\u00e9 annonc\u00e9 quelques mois apr\u00e8s l&rsquo;accrochage entre Ocon et son \u00e9quipier d&rsquo;alors, <a href=\"https:\/\/fr.motorsport.com\/driver\/pierre-gasly\/95098\/\" target=\"_blank\" rel=\"noopener\">Pierre Gasly<\/a>, \u00e0 Monaco, ce qui lui a valu de fortes critiques, \u00e0 tel point que certains sp\u00e9culaient sur le fait qu&rsquo;<a href=\"https:\/\/fr.motorsport.com\/team\/alpine\/37490\/\" target=\"_blank\" rel=\"noopener\">Alpine<\/a> pourrait le mettre \u00e0 l&rsquo;\u00e9cart d\u00e8s la course suivante au Canada.<\/p>\n<p>Les doutes sur un Ocon potentiellement difficile \u00e0 g\u00e9rer faisaient na\u00eetre des doutes sur l&rsquo;int\u00e9r\u00eat de remplacer <a href=\"https:\/\/fr.motorsport.com\/driver\/kevin-magnussen\/91439\/\" target=\"_blank\" rel=\"noopener\">Kevin Magnussen<\/a>, v\u00e9t\u00e9ran de l&rsquo;\u00e9quipe.<\/p>\n<p>\u00ab\u00a0L&rsquo;essentiel pour moi, c&rsquo;est son \u00e9thique dans le travail. On peut voir la fa\u00e7on dont il roule, donc je suis assez confiant pour qu&rsquo;il soit le bon choix\u00a0\u00bb, assurait Komatsu \u00e0 l&rsquo;\u00e9poque face \u00e0 son \u00e9quipe. Face aux cam\u00e9ras, il ajoutait\u00a0: \u00ab\u00a0Pour que les pilotes soient performants, ils doivent \u00eatre \u00e0 l&rsquo;aise dans leur environnement, et je crois que chez Haas F1 Team, nous offrons cet environnement.\u00a0\u00bb<\/p>\n<p>   <img decoding=\"async\" draggable=\"false\" src=\"https:\/\/www.europesays.com\/fr\/wp-content\/uploads\/2025\/08\/esteban-ocon-haas-f1-team-oliv.jpg\" alt=\"Esteban Ocon, Haas F1 Team, Oliver Bearman, Haas F1 Team\" width=\"1200\" height=\"800\" loading=\"lazy\"\/> <\/p>\n<p class=\"title\">Oliver Bearman et Ayao Komatsu.<\/p>\n<p class=\"photographer\">Photo de: Mark Sutton \/ Formula 1 via Getty Images<\/p>\n<p>Une ann\u00e9e plus tard, Komatsu a l&rsquo;impression de ne plus avoir \u00e0 justifier ce recrutement. Selon lui, Ocon a apport\u00e9 les preuves suffisantes \u00e0 l&rsquo;\u00e9quipe et aux observateurs pour faire dispara\u00eetre les doutes sur son approche.<\/p>\n<p>Pour Komatsu, la preuve la plus nette de la bonne volont\u00e9 d&rsquo;Ocon est venue \u00e0 Spa, quand le Fran\u00e7ais a <a href=\"https:\/\/fr.motorsport.com\/f1\/news\/deux-erreurs-haas-gacher-course-ocon-spa\/10746121\/\" target=\"_blank\" rel=\"noopener\">de sa propre initiative laiss\u00e9 sa position \u00e0 son co\u00e9quipier<\/a>, <a href=\"https:\/\/fr.motorsport.com\/driver\/oliver-bearman\/878515\/\" target=\"_blank\" rel=\"noopener\">Oliver Bearman<\/a>, parce qu&rsquo;il sentait que le Britannique \u00e9tait plus rapide.<\/p>\n<p>De quoi effacer tous les doutes\u00a0? \u00ab\u00a0Absolument, oui\u00a0\u00bb, a r\u00e9pondu Komatsu \u00e0 une s\u00e9lection de m\u00e9dias dont\u00a0<strong>Motorsport.com<\/strong>. \u00ab\u00a0Vous ne l&rsquo;avez pas vu [\u00e0 Spa]\u00a0?\u00a0\u00bb<\/p>\n<p>Ocon, 11e en d\u00e9but de course, roulait avec peu d&rsquo;appui parce que l&rsquo;\u00e9quipe avait d\u00e9cid\u00e9 d&rsquo;adopter des strat\u00e9gies diff\u00e9rentes sur ses deux voitures. Sur une piste humide, il avait du mal \u00e0 maintenir le rythme et finalement laiss\u00e9 Bearman le doubler.<\/p>\n<p>\u00ab\u00a0L&rsquo;\u00e9quipe ne m&rsquo;a pas demand\u00e9 de le laisser passer, mais je le bouchonnais pas mal dans le deuxi\u00e8me secteur et je d\u00e9truisais mes pneus beaucoup plus vite\u00a0\u00bb, a alors <a href=\"https:\/\/fr.motorsport.com\/f1\/news\/deux-erreurs-haas-gacher-course-ocon-spa\/10746121\/\" target=\"_blank\" rel=\"noopener\">expliqu\u00e9 Ocon<\/a>. \u00ab\u00a0Donc je l&rsquo;ai laiss\u00e9 passer juste avant le virage 5, je me suis mis \u00e0 l&rsquo;int\u00e9rieur.\u00a0\u00bb<\/p>\n<p>Komatsu ne voit pas de meilleure preuve. \u00ab\u00a0Je n&rsquo;ai m\u00eame pas eu \u00e0 donner de consigne\u00a0\u00bb, a soulign\u00e9 le patron de l&rsquo;\u00e9quipe. \u00ab\u00a0Esteban a laiss\u00e9 passer Ollie de lui-m\u00eame. C&rsquo;est ma r\u00e9ponse. Sinc\u00e8rement, les deux jouent vraiment bien le jeu de l&rsquo;\u00e9quipe.\u00a0\u00bb<\/p>\n<p>   <img decoding=\"async\" draggable=\"false\" src=\"https:\/\/www.europesays.com\/fr\/wp-content\/uploads\/2025\/08\/1755103279_506_esteban-ocon-haas-f1-team.jpg\" alt=\"Esteban Ocon, Haas F1 Team\" width=\"1200\" height=\"800\" loading=\"lazy\"\/> <\/p>\n<p class=\"title\">Esteban Ocon, Haas F1 Team<\/p>\n<p class=\"photographer\">Photo de: Zak Mauger \/ LAT Images via Getty Images<\/p>\n<p>\u00ab\u00a0Je pense que quand vous [les m\u00e9dias] vous interrogiez sur ce sujet \u00e0 la fin de l&rsquo;ann\u00e9e derni\u00e8re, je disais que j&rsquo;\u00e9tais confiant, mais il ne s&rsquo;agissait pas que de paroles. Je crois vraiment que si on poste des fondations de confiance et de respect entre les pilotes et l&rsquo;\u00e9quipe, si cette fondation est l\u00e0\u00a0\u2013 parce qu&rsquo;on ne fera pas tout bien tout le temps, certaines de nos consignes d&rsquo;\u00e9quipe pourraient \u00eatre une erreur\u00a0\u2013 tant qu&rsquo;on a cette fondation, cette transparence et ce respect, il n&rsquo;y aura aucune escalade.\u00a0\u00bb<\/p>\n<p>Komatsu insiste sur le fait que ses deux pilotes actuels font toujours le jeu de l&rsquo;\u00e9quipe, avec des r\u00e8gles claires sur des strat\u00e9gies diff\u00e9rentes dans les discussions en interne.<\/p>\n<p>\u00ab\u00a0Il fallait mettre des niveaux d&rsquo;appui diff\u00e9rents pour les qualifications et la course [\u00e0 Spa] en raison de l&rsquo;incertitude sur la m\u00e9t\u00e9o, etc. Puis, dimanche matin, nous avons eu une discussion parce qu&rsquo;avec autant de diff\u00e9rences d&rsquo;appui, \u00e0 un certain moment, une voiture sera beaucoup plus rapide que l&rsquo;autre. Nous nous sommes assis, nous avons discut\u00e9 tous les trois, c&rsquo;\u00e9tait tr\u00e8s clair. Puis en course, Esteban a juste dit &lsquo;Je vais laisser passer Ollie maintenant&rsquo;. Nous ne l&rsquo;avons m\u00eame pas demand\u00e9. C&rsquo;est tout. C&rsquo;est ma r\u00e9ponse.\u00a0\u00bb<\/p>\n<p>L&rsquo;accrochage de Silverstone n&rsquo;a pas laiss\u00e9 de traces<\/p>\n<p>M\u00eame quand Ocon et Bearman se sont accroch\u00e9s \u00e0 Silverstone, cela n&rsquo;a suscit\u00e9 aucune controverse, malgr\u00e9 les points perdus pour l&rsquo;\u00e9quipe.<\/p>\n<p>\u00ab\u00a0Les circonstances \u00e9taient tr\u00e8s particuli\u00e8res \u00e0 Silverstone parce qu&rsquo;il n&rsquo;y avait qu&rsquo;une seule trajectoire s\u00e8che, donc cela posait probl\u00e8me, mais rien n&rsquo;\u00e9tait intentionnel de leur part\u00a0\u00bb, a expliqu\u00e9 Komatsu. \u00ab\u00a0J&rsquo;ai eu une tr\u00e8s bonne discussion [avec les pilotes], tr\u00e8s bonne, mais m\u00eame avant \u00e7a, \u00e0 chaque fois que nous avons d\u00fb donner une consigne d&rsquo;\u00e9quipe, \u00e9changer les positions, \u00e0 chaque fois\u00a0: aucune question, [ils] l&rsquo;ont imm\u00e9diatement fait. Exceptionnel.\u00a0\u00bb<\/p>\n<p>\u00ab\u00a0Si nous faisons des erreurs, nous en parlerons apr\u00e8s la course en \u00e9tant totalement ouverts, comme \u00e0 Silverstone. Les deux pilotes ont eu un contact, ce n&rsquo;\u00e9tait pas ce que nous voulions. Mais nous nous sommes assis, nous en avons parl\u00e9, nous avons fait part de nos observations, nos opinions. Nous allons dit &lsquo;C&rsquo;est ce que nous ferons \u00e0 l&rsquo;avenir&rsquo;. Aucun probl\u00e8me.\u00a0\u00bb<\/p>\n<p>   <img decoding=\"async\" draggable=\"false\" src=\"https:\/\/www.europesays.com\/fr\/wp-content\/uploads\/2025\/08\/1755103281_92_esteban-ocon-haas-f1-team-oliv.jpg\" alt=\"Esteban Ocon, Haas F1 Team, Oliver Bearman, Haas F1 Team, Ayao Komatsu, Haas F1 Team\" width=\"1200\" height=\"800\" loading=\"lazy\"\/> <\/p>\n<p class=\"title\">Ayao Komatsu avec ses pilotes, Oliver Bearman et Esteban Ocon.<\/p>\n<p class=\"photographer\">Photo de: Peter Fox \/ Getty Images<\/p>\n<p>Pour Komatsu, cette relation se construit sur des fondations de confiance mutuelle entre l&rsquo;\u00e9quipe et le pilote, ce qui a manqu\u00e9 \u00e0 Ocon ailleurs. Mais ce processus suit son cours\u00a0: \u00ab\u00a0Pour moi, c&rsquo;est la cl\u00e9, juste la base. Juste la confiance, la transparence, le respect.\u00a0\u00bb<\/p>\n<p>\u00ab\u00a0Tout le monde est humain. Si le pilote ne fait pas confiance \u00e0 l&rsquo;\u00e9quipe, l&rsquo;\u00e9quipe ne fait pas confiance au pilote. Si on se dit, par exemple, &lsquo;Cette d\u00e9cision m&rsquo;est impos\u00e9e&rsquo;, ce n&rsquo;est \u00e9videmment pas le mieux humainement. Ce n&rsquo;est m\u00eame pas une question de comp\u00e9tition, c&rsquo;est plus une qualit\u00e9 humaine de base. Le respect, la transparence, l&rsquo;honn\u00eatet\u00e9, l&rsquo;inclusion. Tout \u00e7a, sinc\u00e8rement, c&rsquo;est ce que nous essayons de construire dans cette \u00e9quipe.\u00a0\u00bb<\/p>\n<p>\u00ab\u00a0Esteban a pass\u00e9 de nombreuses ann\u00e9es en Formule 1, des bonnes et des mauvaises, mais maintenant je sens que nous avons cette base. \u00c9videmment, c&rsquo;est une chose qui se construit en permanence, mais nous le faisons. Je pense qu&rsquo;il est fondamental que la confiance soit l\u00e0.\u00a0\u00bb<\/p>\n<p>Lire aussi :<\/p>\n<p>Dans cet article<\/p>\n<p>Soyez le premier inform\u00e9 et souscrivez aux alertes mails pour recevoir les infos en temps r\u00e9el<\/p>\n<p>    S&rsquo;abonner aux alertes de news<\/p>\n","protected":false},"excerpt":{"rendered":"Dans la derni\u00e8re saison de Drive to Survive, une sc\u00e8ne montre Ayao Komatsu face \u00e0 l&rsquo;un des membres&hellip;\n","protected":false},"author":2,"featured_media":316663,"comment_status":"","ping_status":"","sticky":false,"template":"","format":"standard","meta":{"footnotes":""},"categories":[1412],"tags":[2249,1451,1452,1453,1454,1455,1011,27,4443,45523,2242,60],"class_list":{"0":"post-316662","1":"post","2":"type-post","3":"status-publish","4":"format-standard","5":"has-post-thumbnail","7":"category-f1","8":"tag-esteban-ocon","9":"tag-f1","10":"tag-formula-1","11":"tag-formula1","12":"tag-formule-1","13":"tag-formule1","14":"tag-fr","15":"tag-france","16":"tag-haas","17":"tag-la-manu0153uvre-qui-doit-faire-taire-les-du00e9tracteurs-docon-selon-komatsu","18":"tag-oliver-bearman","19":"tag-sports"},"share_on_mastodon":{"url":"https:\/\/pubeurope.com\/@fr\/115022455439847054","error":""},"_links":{"self":[{"href":"https:\/\/www.europesays.com\/fr\/wp-json\/wp\/v2\/posts\/316662","targetHints":{"allow":["GET"]}}],"collection":[{"href":"https:\/\/www.europesays.com\/fr\/wp-json\/wp\/v2\/posts"}],"about":[{"href":"https:\/\/www.europesays.com\/fr\/wp-json\/wp\/v2\/types\/post"}],"author":[{"embeddable":true,"href":"https:\/\/www.europesays.com\/fr\/wp-json\/wp\/v2\/users\/2"}],"replies":[{"embeddable":true,"href":"https:\/\/www.europesays.com\/fr\/wp-json\/wp\/v2\/comments?post=316662"}],"version-history":[{"count":0,"href":"https:\/\/www.europesays.com\/fr\/wp-json\/wp\/v2\/posts\/316662\/revisions"}],"wp:featuredmedia":[{"embeddable":true,"href":"https:\/\/www.europesays.com\/fr\/wp-json\/wp\/v2\/media\/316663"}],"wp:attachment":[{"href":"https:\/\/www.europesays.com\/fr\/wp-json\/wp\/v2\/media?parent=316662"}],"wp:term":[{"taxonomy":"category","embeddable":true,"href":"https:\/\/www.europesays.com\/fr\/wp-json\/wp\/v2\/categories?post=316662"},{"taxonomy":"post_tag","embeddable":true,"href":"https:\/\/www.europesays.com\/fr\/wp-json\/wp\/v2\/tags?post=316662"}],"curies":[{"name":"wp","href":"https:\/\/api.w.org\/{rel}","templated":true}]}}