{"id":316664,"date":"2025-08-13T16:42:10","date_gmt":"2025-08-13T16:42:10","guid":{"rendered":"https:\/\/www.europesays.com\/fr\/316664\/"},"modified":"2025-08-13T16:42:10","modified_gmt":"2025-08-13T16:42:10","slug":"cyclisme-tour-du-danemark-soren-waerenskjold-remporte-la-2e-etape-pedersen-reste-leader","status":"publish","type":"post","link":"https:\/\/www.europesays.com\/fr\/316664\/","title":{"rendered":"Cyclisme. Tour du Danemark &#8211; Soren Waerenskjold remporte la 2e \u00e9tape, Pedersen reste leader"},"content":{"rendered":"<p>Apr\u00e8s la victoire de <strong><a href=\"https:\/\/www.cyclismactu.net\/..\/?page=lire&amp;id=89573&amp;preview=ok&amp;o=nopub\" rel=\"nofollow noopener\" target=\"_blank\">Mads Pedersen<\/a> <\/strong>(Lidl-Trek) mardi pour lancer le <strong>Tour du Danemark<\/strong>, ce mercredi avait lieu la 2e \u00e9tape entre\u00a0R\u00f8dovre\u00a0et\u00a0Gladsaxe, avec un parcours tr\u00e8s court (110 kilom\u00e8tres) et bien plus plat que la veille. Apr\u00e8s une superbe bataille avec l&rsquo;\u00e9chapp\u00e9e dans les derniers kilom\u00e8tres, le peloton a fini par reprendre les hommes de t\u00eate \u00e0 3 kilom\u00e8tres de l&rsquo;arriv\u00e9e. C&rsquo;est donc au sprint que s&rsquo;est jou\u00e9e la victoire, et c&rsquo;est le Norv\u00e9gien\u00a0<strong>S\u00f8ren W\u00e6renskjold<\/strong> (Uno-X Mobility) qui s&rsquo;est impos\u00e9, devant le Belge\u00a0<strong>Steffen De Schuyteneer<\/strong> (Lotto) et le Fran\u00e7ais <strong>Alex Zingle<\/strong> (Team Visma | Lease a Bike). <strong>Jasper Philipsen<\/strong> (Alpecin-Deceuninck), l&rsquo;un des grands favoris du jour, termine lui au pied du podium. Pas de changements au g\u00e9n\u00e9ral, o\u00f9 <strong>Mads Pedersen<\/strong> (Lidl-Trek), seulement 9e ce mercredi, conserve le maillot bleu de leader.<\/p>\n<p>Vid\u00e9o &#8211; Le final de cette 2e \u00e9tape du Tour du Danemark Lire la suite de l&rsquo;article&#13;<\/p>\n<p>\u00a0<\/p>\n<p>&#13;<\/p>\n<p>\u00a0<\/p>\n<p>&#13;<br \/>\nLe r\u00e9sum\u00e9 de la course :&#13;<\/p>\n<p>Peu apr\u00e8s le d\u00e9part de l&rsquo;\u00e9tape, sept coureurs se sont isol\u00e9s en t\u00eate de course : six Danois avec\u00a0<strong>Boas Lysgaard<\/strong> (BHS-PL Beton Bornholm),\u00a0<strong>Magnus Machholdt<\/strong> (Team Give Steel &#8211; 2M Cycling Elite),\u00a0<strong>Mads Andersen<\/strong> (Airtox-Carl Ras),\u00a0<strong>Matias Malmberg<\/strong> (Airtox-Carl Ras),\u00a0<strong>Sebastian Nielsen<\/strong> (Unibet Tietema Rockets), et\u00a0<strong>Rasmus B\u00f8gh Wallin<\/strong> (Uno-X Mobility) ; et un Fran\u00e7ais, <strong>Anton Muller<\/strong> (Team Novo Nordisk). Cette \u00e9chapp\u00e9e aura \u00e9t\u00e9 devant toute la journ\u00e9e mais n&rsquo;a jamais vraiment pu croire \u00e0 la victoire, les \u00e9quipes de sprinteurs r\u00e9gulant constamment l&rsquo;\u00e9cart autour de la minute.\u00a0\u00c0 27 kilom\u00e8tres de l&rsquo;arriv\u00e9e, le Fran\u00e7ais <strong>Anton Muller<\/strong> a chut\u00e9, sans gravit\u00e9, mais cela a entra\u00een\u00e9 son retour dans le peloton.<\/p>\n<p>&#13;<\/p>\n<p>Dans les vingt derniers kilom\u00e8tres, bien que l&rsquo;\u00e9cart se r\u00e9duisait petit \u00e0 petit, le peloton n&rsquo;arrivait pas \u00e0 reprendre les six hommes de t\u00eate, ce qui a m\u00eame forc\u00e9 <strong>Jasper Philipsen<\/strong> (Alpecin-Deceuninck) \u00e0 rouler en t\u00eate du peloton. Apr\u00e8s une belle lutte, les derniers rescap\u00e9s de l&rsquo;\u00e9chapp\u00e9e ont finalement \u00e9t\u00e9 repris \u00e0 moins de trois kilom\u00e8tres de l&rsquo;arriv\u00e9e. Au sprint, et apr\u00e8s un beau travail de sa formation Uno-X Mobility, le Norv\u00e9gien\u00a0<strong>S\u00f8ren W\u00e6renskjold<\/strong>\u00a0(Uno-X Mobility) s&rsquo;est impos\u00e9 d&rsquo;une courte t\u00eate, devant <strong>Steffen De Schuyteneer<\/strong>\u00a0(Lotto) et le Fran\u00e7ais <strong>Alex Zingle<\/strong> (Team Visma | Lease a Bike).<\/p>\n<p>Tour du Danemark &#8211; Classement de la 2\u00e8 \u00e9tape Tour du Danemark &#8211; Classement g\u00e9n\u00e9ral provisoire apr\u00e8s la 2\u00e8 \u00e9tape<\/p>\n","protected":false},"excerpt":{"rendered":"Apr\u00e8s la victoire de Mads Pedersen (Lidl-Trek) mardi pour lancer le Tour du Danemark, ce mercredi avait lieu&hellip;\n","protected":false},"author":2,"featured_media":316665,"comment_status":"","ping_status":"","sticky":false,"template":"","format":"standard","meta":{"footnotes":""},"categories":[1411],"tags":[1154,207,211,1011,27,209,60,210,45381,212,208,213],"class_list":{"0":"post-316664","1":"post","2":"type-post","3":"status-publish","4":"format-standard","5":"has-post-thumbnail","7":"category-cyclisme","8":"tag-cycling","9":"tag-cyclisme","10":"tag-ffc","11":"tag-fr","12":"tag-france","13":"tag-route","14":"tag-sports","15":"tag-tour-de-france","16":"tag-tour-du-danemark","17":"tag-uci","18":"tag-velo","19":"tag-world-tour"},"share_on_mastodon":{"url":"https:\/\/pubeurope.com\/@fr\/115022459325551640","error":""},"_links":{"self":[{"href":"https:\/\/www.europesays.com\/fr\/wp-json\/wp\/v2\/posts\/316664","targetHints":{"allow":["GET"]}}],"collection":[{"href":"https:\/\/www.europesays.com\/fr\/wp-json\/wp\/v2\/posts"}],"about":[{"href":"https:\/\/www.europesays.com\/fr\/wp-json\/wp\/v2\/types\/post"}],"author":[{"embeddable":true,"href":"https:\/\/www.europesays.com\/fr\/wp-json\/wp\/v2\/users\/2"}],"replies":[{"embeddable":true,"href":"https:\/\/www.europesays.com\/fr\/wp-json\/wp\/v2\/comments?post=316664"}],"version-history":[{"count":0,"href":"https:\/\/www.europesays.com\/fr\/wp-json\/wp\/v2\/posts\/316664\/revisions"}],"wp:featuredmedia":[{"embeddable":true,"href":"https:\/\/www.europesays.com\/fr\/wp-json\/wp\/v2\/media\/316665"}],"wp:attachment":[{"href":"https:\/\/www.europesays.com\/fr\/wp-json\/wp\/v2\/media?parent=316664"}],"wp:term":[{"taxonomy":"category","embeddable":true,"href":"https:\/\/www.europesays.com\/fr\/wp-json\/wp\/v2\/categories?post=316664"},{"taxonomy":"post_tag","embeddable":true,"href":"https:\/\/www.europesays.com\/fr\/wp-json\/wp\/v2\/tags?post=316664"}],"curies":[{"name":"wp","href":"https:\/\/api.w.org\/{rel}","templated":true}]}}