{"id":316668,"date":"2025-08-13T16:44:14","date_gmt":"2025-08-13T16:44:14","guid":{"rendered":"https:\/\/www.europesays.com\/fr\/316668\/"},"modified":"2025-08-13T16:44:14","modified_gmt":"2025-08-13T16:44:14","slug":"laetitia-milot-a-accueilli-avec-joie-les-bons-kilos-de-sa-grossesse","status":"publish","type":"post","link":"https:\/\/www.europesays.com\/fr\/316668\/","title":{"rendered":"La\u00ebtitia Milot a accueilli avec joie les \u00ab\u00a0bons kilos\u00a0\u00bb de sa grossesse"},"content":{"rendered":"<p>La\u00ebtitia Milot a pris 14 kilos quand elle attendait sa fille Lyana, en\u00a02018. Et alors\u00a0? Pour la quarantenaire, le poids n\u2019est pas une affaire\u00a0: ces kilos, elle ne les a jamais cach\u00e9s et la com\u00e9dienne de <a href=\"https:\/\/www.20minutes.fr\/arts-stars\/people\/4115954-20241016-laetitia-milot-repond-retour-pblv-p-diddy-exprime-depuis-cellule\" target=\"_blank\" class=\"c-link c-link--is-underlined\" rel=\"nofollow noopener\">Plus Belle la vie<\/a> n\u2019a \u00ab\u00a0pas du tout honte de le dire\u00a0\u00bb. C\u2019\u00e9tait des \u00ab\u00a0bons kilos\u00a0\u00bb, des \u00ab\u00a0kilos en plus\u00a0\u00bb et non pas en trop.<\/p>\n<p>Jamais la pr\u00e9sentatrice de l\u2019\u00e9mission de cuisine <a href=\"https:\/\/www.20minutes.fr\/arts-stars\/television\/4114742-20241010-meilleur-patissier-laetitia-milot-chateau-epreuve-surprise-nouveautes-menu-saison-13\" target=\"_blank\" class=\"c-link c-link--is-underlined\" rel=\"nofollow noopener\">Le Meilleur P\u00e2tissier<\/a> n\u2019a \u00ab\u00a0focalis\u00e9 sur (s) on corps\u00a0\u00bb, pas davantage elle ne s\u2019est dit, comme elle le confie \u00e0 <a href=\"https:\/\/assure-t-elle, dans une vid\u00e9o sur Instagram (https:\/\/www.instagram.com\/reel\/DNQt1e7sW9k\/?utm_source=ig_embed)\" rel=\"nofollow\" target=\"_blank\" class=\"c-link c-link--is-underlined\">Femme Actuelle<\/a>\u00a0: \u00ab\u00a0Oh la la, il faut absolument que j\u2019arrive \u00e0 <a href=\"https:\/\/www.20minutes.fr\/societe\/4018162-20230111-grossesse-pris-combien-kilos-phrases-faut-dire-femme-enceinte\" target=\"_blank\" class=\"c-link c-link--is-underlined\" rel=\"nofollow noopener\">perdre les kilos<\/a>.\u00a0\u00bb<\/p>\n<p>Re-la-ti-vi-ser<\/p>\n<p>La r\u00e9alisatrice du documentaire Endom\u00e9triose\u00a0: le combat continue avec La\u00ebtitia Milot (2024) a pr\u00e9f\u00e9r\u00e9 profiter de <a href=\"https:\/\/www.20minutes.fr\/arts-stars\/people\/4108140-20240903-louis-tomlinson-veut-place-oasis-laetitia-milot-celebre-rentree-speciale-fille\" target=\"_blank\" class=\"c-link c-link--is-underlined\" rel=\"nofollow noopener\">la joie d\u2019attendre un b\u00e9b\u00e9<\/a>, alors qu\u2019elle souffre <a href=\"https:\/\/www.20minutes.fr\/sante\/4149322-20250428-endometriose-comme-si-enfoncait-tonne-aiguilles-douleurs-sexuelles-symptome-tabou\" target=\"_blank\" class=\"c-link c-link--is-underlined\" rel=\"nofollow noopener\">d\u2019endom\u00e9triose<\/a>, cette maladie gyn\u00e9cologique qui cr\u00e9e des difficult\u00e9s pour \u00eatre enceinte. La p\u00e9riode de sa grossesse, qu\u2019elle d\u00e9crit comme l\u2019une des \u00ab\u00a0plus belles de ma vie\u00a0\u00bb, l\u2019a confort\u00e9e dans sa conviction qu\u2019il faut apprendre \u00e0 \u00ab\u00a0relativiser\u00a0\u00bb. Car \u00ab\u00a0c\u2019est s\u2019accepter et en s\u2019acceptant, \u00e7a nous permet d\u2019avancer\u00a0\u00bb, affirme l\u2019\u00e9g\u00e9rie de la marque Sans complexe Lingerie \u00e0 ses abonn\u00e9s Instagram.<\/p>\n<p>Certes la com\u00e9dienne de <a href=\"https:\/\/www.20minutes.fr\/arts-stars\/television\/4166779-20250805-m6-deprogramme-nouveau-jour-soiree-rentree-scenes-menages-retour\" target=\"_blank\" class=\"c-link c-link--is-underlined\" rel=\"nofollow noopener\">Nouveau Jour<\/a> reconna\u00eet que sa profession l\u2019a sans doute aid\u00e9e \u00e0 acqu\u00e9rir cette confiance en elle indispensable. \u00ab\u00a0Je fais un m\u00e9tier public, o\u00f9 je suis beaucoup film\u00e9e, beaucoup prise en photo, \u00e9videmment, j\u2019ai un avantage de ce c\u00f4t\u00e9-l\u00e0. Peut-\u00eatre que mon m\u00e9tier m\u2019a aid\u00e9e \u00e0 avoir confiance en moi\u00a0\u00bb, dit-elle, sous-estimant au passage que ce m\u00e9tier justement aurait pu cr\u00e9er une pression suppl\u00e9mentaire pour qu\u2019elle revienne au plus vite dans les \u00ab\u00a0canons\u00a0\u00bb du poids des actrices.<\/p>\n<p>En t\u00e9moignent les nombreux posts sur les r\u00e9seaux <a href=\"https:\/\/www.20minutes.fr\/tempo\/bien-etre\/4146668-20250406-moche-juste-grosse-culte-minceur-pese-skinny-tok\" target=\"_blank\" class=\"c-link c-link--is-underlined\" rel=\"nofollow noopener\">d\u2019influenceuses ou actrices<\/a> qui mettent en avant leur perte de poids aussi spectaculaire que rapide apr\u00e8s leur accouchement\u2026 ou se lamentent de ne pas y arriver. Elles sont peu nombreuses celles qui, comme Marl\u00e8ne Schiappa enceinte, s\u2019insurgent contre ceux qui <a href=\"https:\/\/www.20minutes.fr\/arts-stars\/people\/4165933-20250730-marlene-schiappa-fustige-critiques-poids-pendant-grossesse\" target=\"_blank\" class=\"c-link c-link--is-underlined\" rel=\"nofollow noopener\">commentent le poids des femmes<\/a>. En tout cas, d\u00e9clare La\u00ebtitia Milot \u00e0 ses abonn\u00e9es, \u00e0 propos de la confiance en soi\u00a0: \u00ab\u00a0Vous aussi, vous le pouvez\u00a0!\u00a0\u00bb<\/p>\n<p><script async src=\"\/\/www.instagram.com\/embed.js\"><\/script><\/p>\n","protected":false},"excerpt":{"rendered":"La\u00ebtitia Milot a pris 14 kilos quand elle attendait sa fille Lyana, en\u00a02018. Et alors\u00a0? Pour la quarantenaire,&hellip;\n","protected":false},"author":2,"featured_media":316669,"comment_status":"","ping_status":"","sticky":false,"template":"","format":"standard","meta":{"footnotes":""},"categories":[1359],"tags":[58,31456,59,1011,27,196,10839,973,5401,133],"class_list":{"0":"post-316668","1":"post","2":"type-post","3":"status-publish","4":"format-standard","5":"has-post-thumbnail","7":"category-people","8":"tag-divertissement","9":"tag-endometriose","10":"tag-entertainment","11":"tag-fr","12":"tag-france","13":"tag-grossesse","14":"tag-laetitia-milot","15":"tag-people","16":"tag-poids","17":"tag-video"},"share_on_mastodon":{"url":"https:\/\/pubeurope.com\/@fr\/115022467139675868","error":""},"_links":{"self":[{"href":"https:\/\/www.europesays.com\/fr\/wp-json\/wp\/v2\/posts\/316668","targetHints":{"allow":["GET"]}}],"collection":[{"href":"https:\/\/www.europesays.com\/fr\/wp-json\/wp\/v2\/posts"}],"about":[{"href":"https:\/\/www.europesays.com\/fr\/wp-json\/wp\/v2\/types\/post"}],"author":[{"embeddable":true,"href":"https:\/\/www.europesays.com\/fr\/wp-json\/wp\/v2\/users\/2"}],"replies":[{"embeddable":true,"href":"https:\/\/www.europesays.com\/fr\/wp-json\/wp\/v2\/comments?post=316668"}],"version-history":[{"count":0,"href":"https:\/\/www.europesays.com\/fr\/wp-json\/wp\/v2\/posts\/316668\/revisions"}],"wp:featuredmedia":[{"embeddable":true,"href":"https:\/\/www.europesays.com\/fr\/wp-json\/wp\/v2\/media\/316669"}],"wp:attachment":[{"href":"https:\/\/www.europesays.com\/fr\/wp-json\/wp\/v2\/media?parent=316668"}],"wp:term":[{"taxonomy":"category","embeddable":true,"href":"https:\/\/www.europesays.com\/fr\/wp-json\/wp\/v2\/categories?post=316668"},{"taxonomy":"post_tag","embeddable":true,"href":"https:\/\/www.europesays.com\/fr\/wp-json\/wp\/v2\/tags?post=316668"}],"curies":[{"name":"wp","href":"https:\/\/api.w.org\/{rel}","templated":true}]}}