{"id":316679,"date":"2025-08-13T16:51:10","date_gmt":"2025-08-13T16:51:10","guid":{"rendered":"https:\/\/www.europesays.com\/fr\/316679\/"},"modified":"2025-08-13T16:51:10","modified_gmt":"2025-08-13T16:51:10","slug":"enorme-coup-dur-pour-lac-ajaccio-exclu-des-championnats-nationaux-par-la-dncg","status":"publish","type":"post","link":"https:\/\/www.europesays.com\/fr\/316679\/","title":{"rendered":"Enorme coup dur pour l&rsquo;AC Ajaccio exclu des championnats nationaux par la DNCG"},"content":{"rendered":"<p>Apr\u00e8s avoir officiellement \u00e9t\u00e9 \u00e9ject\u00e9 de la Ligue 2 la semaine derni\u00e8re, l&rsquo;ACA n&rsquo;a cette fois pas \u00e9t\u00e9 autoris\u00e9 \u00e0 participer au championnat de National 1. Pire : il a m\u00eame \u00e9t\u00e9 totalement exclu des championnats nationaux, \u00e0 l&rsquo;image de ce qui est arriv\u00e9 au FC Martigues le mois dernier.\u00a0<\/p>\n<p>Ce mercredi matin, le dossier du club ajaccien a en effet \u00e9t\u00e9 retoqu\u00e9 par la DNCG f\u00e9d\u00e9rale, le gendarme financier du football amateur, r\u00e9unie par visioconf\u00e9rence. Si Alain Orsoni n&rsquo;y a pas particip\u00e9, Jean-No\u00ebl Fattaccioli, le pr\u00e9sident en exercice, Franck Leloup le directeur g\u00e9n\u00e9ral, Alexandre Demuth, le directeur financier ainsi que l&rsquo;avocat du club Olivier Martin \u00e9taient par contre chacun devant leur \u00e9cran.\u00a0<\/p>\n<p>On parle bien de football amateur car l&rsquo;ACA avait, selon nos informations, volontairement abandonn\u00e9 son statut professionnel, avec toutes les cons\u00e9quences que cela entra\u00eene, notamment au niveau du statut des joueurs ainsi que du maintien du centre de formation.<\/p>\n<p>Le budget pr\u00e9sent\u00e9 ce mercredi, dont on ne conna\u00eet d&rsquo;ailleurs pas le montant exact, n&rsquo;est pas pass\u00e9, la commission n&rsquo;ayant pas \u00e9t\u00e9 convaincue par les capacit\u00e9s financi\u00e8res de l&rsquo;institution ac\u00e9iste, dont le d\u00e9ficit d\u00e9passe maintenant les 13\u00a0millions d&rsquo;euros, avec aussi une \u00e9ch\u00e9ance importante \u00e0 la fin ao\u00fbt li\u00e9e au plan avec l&rsquo;administration fiscale que l&rsquo;ACA ne serait pas en mesure d&rsquo;honorer.<\/p>\n<p>Sept jours pour faire appel et esp\u00e9rer<\/p>\n<p>D\u00e8s la notification officielle de la d\u00e9cision, qui interviendra ce jeudi 14 ao\u00fbt, les dirigeants ajacciens auront sept jours pour faire appel aupr\u00e8s de la commission ad hoc de la f\u00e9d\u00e9ration.\u00a0<\/p>\n<p>Selon nos informations, ils devraient cette fois \u00eatre plus r\u00e9actifs pour esp\u00e9rer \u00e9viter le d\u00e9p\u00f4t de bilan et le retour le club au niveau r\u00e9gional.<\/p>\n","protected":false},"excerpt":{"rendered":"Apr\u00e8s avoir officiellement \u00e9t\u00e9 \u00e9ject\u00e9 de la Ligue 2 la semaine derni\u00e8re, l&rsquo;ACA n&rsquo;a cette fois pas \u00e9t\u00e9&hellip;\n","protected":false},"author":2,"featured_media":316680,"comment_status":"","ping_status":"","sticky":false,"template":"","format":"standard","meta":{"footnotes":""},"categories":[9],"tags":[17,5622,1102,3952,45525,25370,63,1011,27,28192,471,60],"class_list":{"0":"post-316679","1":"post","2":"type-post","3":"status-publish","4":"format-standard","5":"has-post-thumbnail","7":"category-sports","8":"tag-17","9":"tag-ajaccio","10":"tag-breakingnews","11":"tag-coup","12":"tag-dur","13":"tag-enorme","14":"tag-football","15":"tag-fr","16":"tag-france","17":"tag-lac","18":"tag-pour","19":"tag-sports"},"share_on_mastodon":{"url":"https:\/\/pubeurope.com\/@fr\/115022494679439083","error":""},"_links":{"self":[{"href":"https:\/\/www.europesays.com\/fr\/wp-json\/wp\/v2\/posts\/316679","targetHints":{"allow":["GET"]}}],"collection":[{"href":"https:\/\/www.europesays.com\/fr\/wp-json\/wp\/v2\/posts"}],"about":[{"href":"https:\/\/www.europesays.com\/fr\/wp-json\/wp\/v2\/types\/post"}],"author":[{"embeddable":true,"href":"https:\/\/www.europesays.com\/fr\/wp-json\/wp\/v2\/users\/2"}],"replies":[{"embeddable":true,"href":"https:\/\/www.europesays.com\/fr\/wp-json\/wp\/v2\/comments?post=316679"}],"version-history":[{"count":0,"href":"https:\/\/www.europesays.com\/fr\/wp-json\/wp\/v2\/posts\/316679\/revisions"}],"wp:featuredmedia":[{"embeddable":true,"href":"https:\/\/www.europesays.com\/fr\/wp-json\/wp\/v2\/media\/316680"}],"wp:attachment":[{"href":"https:\/\/www.europesays.com\/fr\/wp-json\/wp\/v2\/media?parent=316679"}],"wp:term":[{"taxonomy":"category","embeddable":true,"href":"https:\/\/www.europesays.com\/fr\/wp-json\/wp\/v2\/categories?post=316679"},{"taxonomy":"post_tag","embeddable":true,"href":"https:\/\/www.europesays.com\/fr\/wp-json\/wp\/v2\/tags?post=316679"}],"curies":[{"name":"wp","href":"https:\/\/api.w.org\/{rel}","templated":true}]}}