{"id":316687,"date":"2025-08-13T16:55:10","date_gmt":"2025-08-13T16:55:10","guid":{"rendered":"https:\/\/www.europesays.com\/fr\/316687\/"},"modified":"2025-08-13T16:55:10","modified_gmt":"2025-08-13T16:55:10","slug":"au-moins-20-morts-et-plusieurs-disparus-dans-un-naufrage-au-large-de-lile-de-lampedusa-en-italie","status":"publish","type":"post","link":"https:\/\/www.europesays.com\/fr\/316687\/","title":{"rendered":"Au moins 20 morts et plusieurs disparus dans un naufrage au large de l\u2019\u00eele de Lampedusa, en Italie"},"content":{"rendered":"<p>\n                                                                    l&rsquo;essentiel<br \/>\n                                                                Un bateau transportant 97 migrants a fait naufrage au large de l\u2019\u00eele italienne de Lampedusa. 20 personnes sont mortes et plusieurs individus sont port\u00e9s disparus, selon une information publi\u00e9e mercredi 13\u00a0ao\u00fbt.\n                            <\/p>\n<p>Une embarcation de <a href=\"https:\/\/www.ladepeche.fr\/actu\/international\/crise-des-migrants\/\" target=\"_self\" rel=\"nofollow noopener\">migrants<\/a> a fait naufrage au large de l\u2019\u00eele italienne de Lampedusa, dans la mer M\u00e9diterran\u00e9e, mercredi 13\u00a0ao\u00fbt, faisant environ 20 morts.<\/p>\n<p>Filippo Ungaro, un\u00a0porte-parole du Haut Commissariat des Nations unies pour les r\u00e9fugi\u00e9s (UNHCR) a annonc\u00e9 la nouvelle sur le r\u00e9seau social X.<\/p>\n<p>\u00ab\u00a0Profonde angoisse face \u00e0 l\u2019\u00e9ni\u00e8me naufrage au large de Lampedusa, o\u00f9 l\u2019UNHCR apporte actuellement son aide aux survivants. Vingt corps auraient \u00e9t\u00e9 retrouv\u00e9s et autant de personnes sont port\u00e9es disparues\u00a0\u00bb, a-t-il \u00e9crit.<\/p>\n<blockquote data-class=\"twitter-tweet\">\n<p lang=\"it\" dir=\"ltr\">Profonda angoscia per l&rsquo;ennesimo naufragio a largo di Lampedusa, dove ora UNHCR sta assistendo i sopravvissuti. Sarebbero 20 i cadaveri ritrovati e altrettanti i dispersi. Fino a oggi sono stati 675 i morti dall&rsquo;inizio dell&rsquo;anno nel Mediterraneo centrale. Rafforzare le vie legali<\/p>\n<p>\u2014 Filippo Ungaro (@FiloUngaro) <a href=\"https:\/\/twitter.com\/FiloUngaro\/status\/1955610151073013925?ref_src=twsrc%5Etfw\" rel=\"nofollow noopener\" target=\"_blank\">August 13, 2025<\/a><\/p><\/blockquote>\n<p>12 \u00e0 17 migrants disparus<\/p>\n<p>Sergio Scandura, un journaliste de la radio italienne \u00ab\u00a0Radio Radicale\u00a0\u00bb, indique sur <a href=\"https:\/\/x.com\/scandura\/status\/1955603054683947141\" target=\"_self\" rel=\"nofollow\">X<\/a> que l\u2019embarcation transportait 97 personnes quand elle a fait naufrage \u00e0 environ 20 kilom\u00e8tres du sud-ouest de Lampedusa.<\/p>\n<p>La cha\u00eene italienne <a href=\"https:\/\/www.rainews.it\/articoli\/2025\/08\/migranti-unimbarcazione-si-e-ribaltata-vicino-a-lampedusa-dispersi-183b7a40-eb4d-4fd2-a4ed-ce30dd266737.html\" target=\"_self\" rel=\"nofollow noopener\">Rai News<\/a>\u00a0fait \u00e9tat de 12 \u00e0 17 migrants disparus, et affirme que 60 rescap\u00e9s ont \u00e9t\u00e9 ramen\u00e9s en s\u00e9curit\u00e9 sur l\u2019\u00eele.<\/p>\n<p class=\"std-elt__inline\">\n        <strong>\u00c0 lire aussi :<\/strong><br \/>\n        <a href=\"https:\/\/www.ladepeche.fr\/2025\/07\/03\/naufrage-au-large-de-bali-le-ferry-a-immediatement-coule-au-moins-quatre-morts-et-trente-disparus-dans-une-mer-dechainee-12802758.php\" rel=\"nofollow noopener\" target=\"_blank\">Naufrage au large de Bali\u00a0: \u00ab\u00a0Le ferry a imm\u00e9diatement coul\u00e9\u2026\u00a0\u00bb au moins quatre morts et trente disparus dans une mer d\u00e9chain\u00e9e<\/a>\n    <\/p>\n<p>Les migrants qui tentent de rejoindre l\u2019Italie par Lampedusa depuis l\u2019Afrique du Nord font souvent la travers\u00e9e dans des bateaux surcharg\u00e9s ou qui fuient, par la route maritime au centre de la M\u00e9diterran\u00e9e, particuli\u00e8rement dangereuse.<\/p>\n<p>Filippo Ungaro\u00a0a ajout\u00e9 dans sa publication sur X que \u00ab\u00a0jusqu\u2019\u00e0 aujourd\u2019hui, 675 personnes sont mortes depuis le d\u00e9but de l\u2019ann\u00e9e en M\u00e9diterran\u00e9e centrale\u00a0\u00bb, appelant \u00e0 \u00ab\u00a0renforcer les voies l\u00e9gales\u00a0\u00bb d\u2019immigration.<\/p>\n<p>                                                                                                                                                                                                        <script async src=\"https:\/\/platform.twitter.com\/widgets.js\" charset=\"utf-8\"><\/script><\/p>\n","protected":false},"excerpt":{"rendered":"l&rsquo;essentiel Un bateau transportant 97 migrants a fait naufrage au large de l\u2019\u00eele italienne de Lampedusa. 20 personnes&hellip;\n","protected":false},"author":2,"featured_media":316688,"comment_status":"","ping_status":"","sticky":false,"template":"","format":"standard","meta":{"footnotes":""},"categories":[5],"tags":[11,1011,27,14,12,28],"class_list":{"0":"post-316687","1":"post","2":"type-post","3":"status-publish","4":"format-standard","5":"has-post-thumbnail","7":"category-international","8":"tag-actualites","9":"tag-fr","10":"tag-france","11":"tag-international","12":"tag-news","13":"tag-world"},"share_on_mastodon":{"url":"https:\/\/pubeurope.com\/@fr\/115022510456129005","error":""},"_links":{"self":[{"href":"https:\/\/www.europesays.com\/fr\/wp-json\/wp\/v2\/posts\/316687","targetHints":{"allow":["GET"]}}],"collection":[{"href":"https:\/\/www.europesays.com\/fr\/wp-json\/wp\/v2\/posts"}],"about":[{"href":"https:\/\/www.europesays.com\/fr\/wp-json\/wp\/v2\/types\/post"}],"author":[{"embeddable":true,"href":"https:\/\/www.europesays.com\/fr\/wp-json\/wp\/v2\/users\/2"}],"replies":[{"embeddable":true,"href":"https:\/\/www.europesays.com\/fr\/wp-json\/wp\/v2\/comments?post=316687"}],"version-history":[{"count":0,"href":"https:\/\/www.europesays.com\/fr\/wp-json\/wp\/v2\/posts\/316687\/revisions"}],"wp:featuredmedia":[{"embeddable":true,"href":"https:\/\/www.europesays.com\/fr\/wp-json\/wp\/v2\/media\/316688"}],"wp:attachment":[{"href":"https:\/\/www.europesays.com\/fr\/wp-json\/wp\/v2\/media?parent=316687"}],"wp:term":[{"taxonomy":"category","embeddable":true,"href":"https:\/\/www.europesays.com\/fr\/wp-json\/wp\/v2\/categories?post=316687"},{"taxonomy":"post_tag","embeddable":true,"href":"https:\/\/www.europesays.com\/fr\/wp-json\/wp\/v2\/tags?post=316687"}],"curies":[{"name":"wp","href":"https:\/\/api.w.org\/{rel}","templated":true}]}}