{"id":316689,"date":"2025-08-13T16:56:11","date_gmt":"2025-08-13T16:56:11","guid":{"rendered":"https:\/\/www.europesays.com\/fr\/316689\/"},"modified":"2025-08-13T16:56:11","modified_gmt":"2025-08-13T16:56:11","slug":"pour-le-week-end-du-15-aout-un-nouveau-pic-caniculaire-est-attendu","status":"publish","type":"post","link":"https:\/\/www.europesays.com\/fr\/316689\/","title":{"rendered":"pour le week-end du 15\u00a0ao\u00fbt, un \u00ab\u00a0nouveau pic caniculaire\u00a0\u00bb est attendu"},"content":{"rendered":"<p>        <img decoding=\"async\" loading=\"lazy\" src=\"https:\/\/www.europesays.com\/fr\/wp-content\/uploads\/2025\/08\/9cd8bd5_upload-1-pnv8vnynuxgv-afp-20250811-69aj7g3-v3-highres-topshotfranceweatherheat.jpg\"  width=\"728\" height=\"410\" alt=\"Une enseigne de pharmacie indiquant une temp\u00e9rature de 45\u00a0\u00b0C \u00e0 Toulouse, le 11\u00a0ao\u00fbt 2025. \"\/>  <\/p>\n<p>LIONEL BONAVENTURE \/ AFP<\/p>\n<p>Une enseigne de pharmacie indiquant une temp\u00e9rature de 45\u00a0\u00b0C \u00e0 Toulouse, le 11\u00a0ao\u00fbt 2025. <\/p>\n<p class=\"asset asset-text\">M\u00c9T\u00c9O &#8211; Pas de r\u00e9pit pour la <a href=\"https:\/\/www.huffingtonpost.fr\/france\/article\/canicule-la-vigilance-rouge-maintenue-jusqu-a-jeudi-dans-5-departements-mais-le-risque-d-orages-en-hausse_253532.html\" target=\"_blank\" rel=\"noopener\">canicule<\/a>. Alors qu\u2019une chaleur \u00e9crasante a frapp\u00e9 la France et notamment le <a href=\"https:\/\/www.huffingtonpost.fr\/france\/article\/canicule-la-barre-symbolique-des-40-c-depassee-dans-le-sud-ouest-avec-plusieurs-records-a-la-cle_253475.html\" target=\"_blank\" rel=\"noopener\">sud-ouest<\/a> en ce d\u00e9but de semaine, et que le thermom\u00e8tre d\u00e9passait encore les 40\u00a0\u00b0C ce mercredi 13\u00a0ao\u00fbt \u00e0 Lyon, M\u00e9t\u00e9o-France indique d\u00e9sormais qu\u2019un \u00ab\u00a0nouveau pic caniculaire est attendu pour le week-end du 15\u00a0ao\u00fbt\u00a0\u00bb.<\/p>\n<p class=\"asset asset-text\">La vague de chaleur qui touche actuellement la France, la 51e depuis 1947, \u00ab\u00a0devrait se poursuivre en fin de semaine\u00a0\u00bb, insiste M\u00e9t\u00e9o-France. Les journ\u00e9es de vendredi et samedi devraient \u00eatre particuli\u00e8rement chaudes, avec \u00ab\u00a0de nouveau des valeurs pouvant atteindre les 40\u00a0\u00b0C dans le sud-ouest\u00a0\u00bb, poursuit l\u2019institut m\u00e9t\u00e9orologique, tandis que le nord devrait rester \u00ab\u00a0\u00e0 l\u2019abri des chaleurs les plus intenses\u00a0\u00bb.<\/p>\n<p class=\"asset asset-text\">\u00ab\u00a0Vendredi, apr\u00e8s une nouvelle nuit chaude sur les trois quarts sud-est du pays o\u00f9 les temp\u00e9ratures ne descendent pas sous les 20\u00a0\u00b0C, les temp\u00e9ratures atteignent \u00e0 nouveau 38 \u00e0 40\u00a0\u00b0C l\u2019apr\u00e8s-midi entre le midi toulousain, les Landes et le sud des Charentes\u00a0\u00bb, indique M\u00e9t\u00e9o-France.<\/p>\n<p>         <img decoding=\"async\" loading=\"lazy\" src=\"https:\/\/www.europesays.com\/fr\/wp-content\/uploads\/2025\/08\/824f243_upload-1-giy0sfunabby-tempa-ratures-vendredi-ma-ta-ofrance.jpg\"  width=\"728\" height=\"410\" alt=\"Les temp\u00e9ratures devraient encore d\u00e9passer les 40\u00a0\u00b0C ce vendredi 15\u00a0ao\u00fbt dans le sud-ouest.\"\/>  <\/p>\n<p>M\u00e9t\u00e9o France<\/p>\n<p>Les temp\u00e9ratures devraient encore d\u00e9passer les 40\u00a0\u00b0C ce vendredi 15\u00a0ao\u00fbt dans le sud-ouest.<\/p>\n<p>     Une canicule comparable \u00e0 celle de 2003\u00a0dans le Sud-Ouest    <\/p>\n<p class=\"asset asset-text\">Rien que pour la journ\u00e9e de jeudi, malgr\u00e9 une chaleur \u00ab\u00a0en l\u00e9g\u00e8re att\u00e9nuation sur le nord et l\u2019est\u00a0\u00bb mais restant \u00ab\u00a0forte en g\u00e9n\u00e9ral\u00a0\u00bb, les temp\u00e9ratures devraient \u00eatre comprises entre 35 et 38\u00a0\u00b0C l\u2019apr\u00e8s-midi dans le sud-ouest, et localement un peu sup\u00e9rieures en Occitanie.<\/p>\n<p class=\"asset asset-text\">Selon M\u00e9t\u00e9o-France, cette r\u00e9surgence de la canicule serait due \u00e0 \u00ab\u00a0une nouvelle zone de hautes pressions\u00a0\u00bb qui\u00a0va s\u2019\u00e9tablir sur l\u2019Europe occidentale, \u00ab\u00a0avec un effet \u201cd\u00f4me de chaleur\u201d inh\u00e9rent \u00e0 ce genre de situation\u00a0\u00bb. De quoi faire dire \u00e0 l\u2019institut m\u00e9t\u00e9orologique que dans le sud-ouest, \u00ab\u00a0la vague de chaleur s\u2019annonce comparable en intensit\u00e9 et en dur\u00e9e \u00e0 celle d\u2019ao\u00fbt\u00a02003\u00a0\u00bb.<\/p>\n<p class=\"asset asset-text\">Les orages, quant \u00e0 eux, devraient se cantonner \u00ab\u00a0aux reliefs de l\u2019est du pays\u00a0\u00bb durant le week-end, et \u00ab\u00a0perdre en intensit\u00e9 par rapport aux jours pr\u00e9c\u00e9dents\u00a0\u00bb. Le risque orageux est en revanche tr\u00e8s pr\u00e9sent en cette fin de mercredi 13\u00a0ao\u00fbt. M\u00e9t\u00e9o-France met en garde contre des \u00ab\u00a0orages du sud-ouest au Massif central, ainsi que sur les Alpes et le relief corse\u00a0\u00bb durant l\u2019apr\u00e8s-midi, qui vont ensuite progresser en d\u00e9but de soir\u00e9e et dans la nuit \u00ab\u00a0vers l\u2019est du Massif central et le nord du pays\u00a0\u00bb.<\/p>\n<p>    xxx    <\/p>\n<p class=\"asset asset-text\">Cons\u00e9quence directe de la canicule, le recours aux soins d\u2019urgence li\u00e9s \u00e0 la chaleur a augment\u00e9 en France depuis le retour des fortes temp\u00e9ratures en ao\u00fbt, a constat\u00e9 ce mercredi l\u2019agence Sant\u00e9 publique France, avec d\u00e9j\u00e0 plus de cent passages aux urgences chaque jour.<\/p>\n<p class=\"asset asset-text\">\u00ab\u00a0Les premiers impacts sanitaires observ\u00e9s soulignent que la chaleur est un risque pour la sant\u00e9, pour l\u2019ensemble des classes d\u2019\u00e2ge\u00a0\u00bb, souligne l\u2019agence de sant\u00e9 publique dans un premier bilan sanitaire sur les cons\u00e9quences de la nouvelle vague de chaleur.<\/p>\n<p class=\"asset asset-text\">S\u2019il est bien trop t\u00f4t pour donner un bilan des effets de cette vague de chaleur en mati\u00e8re de d\u00e9c\u00e8s, Sant\u00e9 publique France peut d\u00e9j\u00e0 mesurer le recours aux soins d\u2019urgence pour des troubles directement li\u00e9s \u00e0 la chaleur\u00a0: d\u00e9shydratation, coup de chaud&#8230; Et les troubles ne concernent pas que les personnes les plus \u00e2g\u00e9es, les plus vuln\u00e9rables \u00e0 la canicule. L\u2019augmentation est m\u00eame la plus marqu\u00e9e pour les 15-44\u00a0ans, \u00ab\u00a0principalement pour des hyperthermies ou coup(s) de chaleur\u00a0\u00bb, selon l\u2019agence.<\/p>\n","protected":false},"excerpt":{"rendered":"LIONEL BONAVENTURE \/ AFP Une enseigne de pharmacie indiquant une temp\u00e9rature de 45\u00a0\u00b0C \u00e0 Toulouse, le 11\u00a0ao\u00fbt 2025.&hellip;\n","protected":false},"author":2,"featured_media":316690,"comment_status":"","ping_status":"","sticky":false,"template":"","format":"standard","meta":{"footnotes":""},"categories":[4],"tags":[11,6698,1011,27,2487,2357,12,25,15637],"class_list":{"0":"post-316689","1":"post","2":"type-post","3":"status-publish","4":"format-standard","5":"has-post-thumbnail","7":"category-france","8":"tag-actualites","9":"tag-canicule","10":"tag-fr","11":"tag-france","12":"tag-meteo","13":"tag-meteo-france","14":"tag-news","15":"tag-republique-francaise","16":"tag-vague-de-chaleur"},"share_on_mastodon":{"url":"https:\/\/pubeurope.com\/@fr\/115022514468181026","error":""},"_links":{"self":[{"href":"https:\/\/www.europesays.com\/fr\/wp-json\/wp\/v2\/posts\/316689","targetHints":{"allow":["GET"]}}],"collection":[{"href":"https:\/\/www.europesays.com\/fr\/wp-json\/wp\/v2\/posts"}],"about":[{"href":"https:\/\/www.europesays.com\/fr\/wp-json\/wp\/v2\/types\/post"}],"author":[{"embeddable":true,"href":"https:\/\/www.europesays.com\/fr\/wp-json\/wp\/v2\/users\/2"}],"replies":[{"embeddable":true,"href":"https:\/\/www.europesays.com\/fr\/wp-json\/wp\/v2\/comments?post=316689"}],"version-history":[{"count":0,"href":"https:\/\/www.europesays.com\/fr\/wp-json\/wp\/v2\/posts\/316689\/revisions"}],"wp:featuredmedia":[{"embeddable":true,"href":"https:\/\/www.europesays.com\/fr\/wp-json\/wp\/v2\/media\/316690"}],"wp:attachment":[{"href":"https:\/\/www.europesays.com\/fr\/wp-json\/wp\/v2\/media?parent=316689"}],"wp:term":[{"taxonomy":"category","embeddable":true,"href":"https:\/\/www.europesays.com\/fr\/wp-json\/wp\/v2\/categories?post=316689"},{"taxonomy":"post_tag","embeddable":true,"href":"https:\/\/www.europesays.com\/fr\/wp-json\/wp\/v2\/tags?post=316689"}],"curies":[{"name":"wp","href":"https:\/\/api.w.org\/{rel}","templated":true}]}}