{"id":31669,"date":"2025-04-17T12:36:19","date_gmt":"2025-04-17T12:36:19","guid":{"rendered":"https:\/\/www.europesays.com\/fr\/31669\/"},"modified":"2025-04-17T12:36:19","modified_gmt":"2025-04-17T12:36:19","slug":"previsions-du-mercredi-16-avril-2025","status":"publish","type":"post","link":"https:\/\/www.europesays.com\/fr\/31669\/","title":{"rendered":"pr\u00e9visions du mercredi 16 avril 2025"},"content":{"rendered":"<p>Aujourd&rsquo;hui, le soleil va progressivement se substituer aux nuages \u00e0 Lille. Les temp\u00e9ratures seront de 11\u00b0C. Un vent de sud-ouest rafra\u00eechira l\u00e9g\u00e8rement l&rsquo;atmosph\u00e8re. Le matin, les valeurs afficheront entre 8 et 13\u00b0C. Les temp\u00e9ratures seront comprises entre 13 et 14\u00b0C pendant l&rsquo;apr\u00e8s-midi. On pr\u00e9voit des \u00e9claircies pour cette soir\u00e9e. On pr\u00e9voit des valeurs avoisinant 11\u00b0C. Un ciel l\u00e9g\u00e8rement voil\u00e9 est \u00e0 pr\u00e9voir dans la nuit reliant mercredi et jeudi.<\/p>\n<p>Demain, c&rsquo;est une hausse de quelques degr\u00e9s que vont conna\u00eetre les temp\u00e9ratures dans la ville de Lille. Les valeurs s&rsquo;\u00e9chelonneront entre 8 et 16\u00b0C. La grisaille ne se disperse toujours pas, il va y avoir encore des nuages le matin. Les valeurs afficheront entre 9\u00b0C et 14\u00b0C. Un vent de sud-est soufflera l\u00e9g\u00e8rement. Des \u00e9claircies appara\u00eetront dans l&rsquo;apr\u00e8s-midi. Les temp\u00e9ratures vont enregistrer une augmentation de quelques degr\u00e9s. Les maximales atteindront les 16\u00b0C tandis que les minimales seront de 15\u00b0C. Les temp\u00e9ratures seront de 10\u00b0C au plus bas et de 13\u00b0C au plus haut la soir\u00e9e. Une l\u00e9g\u00e8re brise de sud-est soufflera.<\/p>\n<p>La m\u00e9t\u00e9o des jours suivants va changer peu \u00e0 peu. Apr\u00e8s des conditions m\u00e9t\u00e9orologiques similaires vendredi, la situation changera samedi.<\/p>\n<p><\/p>\n","protected":false},"excerpt":{"rendered":"Aujourd&rsquo;hui, le soleil va progressivement se substituer aux nuages \u00e0 Lille. Les temp\u00e9ratures seront de 11\u00b0C. Un vent&hellip;\n","protected":false},"author":2,"featured_media":31670,"comment_status":"","ping_status":"","sticky":false,"template":"","format":"standard","meta":{"footnotes":""},"categories":[2815],"tags":[1111,11,1777,674,1011,27,811,1307,12,1308,1309,2119,25],"class_list":{"0":"post-31669","1":"post","2":"type-post","3":"status-publish","4":"format-standard","5":"has-post-thumbnail","7":"category-lille","8":"tag-actu","9":"tag-actualites","10":"tag-eu","11":"tag-europe","12":"tag-fr","13":"tag-france","14":"tag-hauts-de-france","15":"tag-lille","16":"tag-news","17":"tag-nord","18":"tag-nord-pas-de-calais","19":"tag-previsions-meteo","20":"tag-republique-francaise"},"share_on_mastodon":{"url":"https:\/\/pubeurope.com\/@fr\/114353339315912872","error":""},"_links":{"self":[{"href":"https:\/\/www.europesays.com\/fr\/wp-json\/wp\/v2\/posts\/31669","targetHints":{"allow":["GET"]}}],"collection":[{"href":"https:\/\/www.europesays.com\/fr\/wp-json\/wp\/v2\/posts"}],"about":[{"href":"https:\/\/www.europesays.com\/fr\/wp-json\/wp\/v2\/types\/post"}],"author":[{"embeddable":true,"href":"https:\/\/www.europesays.com\/fr\/wp-json\/wp\/v2\/users\/2"}],"replies":[{"embeddable":true,"href":"https:\/\/www.europesays.com\/fr\/wp-json\/wp\/v2\/comments?post=31669"}],"version-history":[{"count":0,"href":"https:\/\/www.europesays.com\/fr\/wp-json\/wp\/v2\/posts\/31669\/revisions"}],"wp:featuredmedia":[{"embeddable":true,"href":"https:\/\/www.europesays.com\/fr\/wp-json\/wp\/v2\/media\/31670"}],"wp:attachment":[{"href":"https:\/\/www.europesays.com\/fr\/wp-json\/wp\/v2\/media?parent=31669"}],"wp:term":[{"taxonomy":"category","embeddable":true,"href":"https:\/\/www.europesays.com\/fr\/wp-json\/wp\/v2\/categories?post=31669"},{"taxonomy":"post_tag","embeddable":true,"href":"https:\/\/www.europesays.com\/fr\/wp-json\/wp\/v2\/tags?post=31669"}],"curies":[{"name":"wp","href":"https:\/\/api.w.org\/{rel}","templated":true}]}}