{"id":316706,"date":"2025-08-13T17:05:13","date_gmt":"2025-08-13T17:05:13","guid":{"rendered":"https:\/\/www.europesays.com\/fr\/316706\/"},"modified":"2025-08-13T17:05:13","modified_gmt":"2025-08-13T17:05:13","slug":"incendie-dans-laude-la-cause-pourrait-etre-criminelle-selon-le-procureur-de-montpellier","status":"publish","type":"post","link":"https:\/\/www.europesays.com\/fr\/316706\/","title":{"rendered":"Incendie dans l\u2019Aude : la cause \u00ab pourrait \u00eatre criminelle \u00bb, selon le procureur de Montpellier"},"content":{"rendered":"<p>                                            Soci\u00e9t\u00e9\n                                                                            <\/p>\n<p>\n                                            Le feu qui a parcouru 17 000 hectares dans le d\u00e9partement de l\u2019Aude est ma\u00eetris\u00e9 depuis dimanche 10 ao\u00fbt. Il a caus\u00e9 la mort d\u2019une personne et fait plusieurs bless\u00e9s, dont deux graves. Le procureur de la R\u00e9publique de Montpellier a d\u00e9voil\u00e9 les premiers \u00e9l\u00e9ments de l&rsquo;enqu\u00eate.                                        <\/p>\n<p>                                                Publi\u00e9 le 13 ao\u00fbt 2025 \u00e0 18h35                                                                                            <\/p>\n<p>                                            <img loading=\"lazy\" width=\"1024\" height=\"682\" src=\"https:\/\/www.europesays.com\/fr\/wp-content\/uploads\/2025\/08\/SIPA_ap22975674_000003-1.jpg\" class=\"attachment-post-thumbnail size-post-thumbnail wp-post-image lazy\" alt=\"Plus de 17 000 hectares sont partis en fum\u00e9e dans l'Aude, depuis le mardi 5 ao\u00fbt. Photo \u00a9 \/AP\/SIPA\" decoding=\"async\"  data-\/><\/p>\n<p>                                            Plus de 17 000 hectares sont partis en fum\u00e9e dans l&rsquo;Aude, depuis le mardi 5 ao\u00fbt. Photo \u00a9 \/AP\/SIPA<\/p>\n<p>Le feu n\u2019est ma\u00eetris\u00e9 que depuis trois jours dans l\u2019Aude, mais l\u2019heure est aux explications et au bilan. Le procureur de la R\u00e9publique de <a href=\"https:\/\/www.valeursactuelles.com\/tag\/montpellier\" target=\"_blank\" rel=\"noopener nofollow\">Montpellier<\/a> (H\u00e9rault) a annonc\u00e9, mercredi 13 ao\u00fbt, que l\u2019incendie dans l\u2019Aude \u00ab pourrait avoir une cause criminelle r\u00e9sultant d\u2019un acte volontaire \u00bb.<\/p>\n<p><a href=\"https:\/\/www.valeursactuelles.com\/clubvaleurs\/politique\/incendie-dans-laude-letat-na-rien-fait-pour-eviter-cette-catastrophe-accuse-le-depute-rn-julien-rancoule\" class=\"h-flex h-align-items-center h-border-tb h-ptb-15\" rel=\"nofollow noopener\" target=\"_blank\">A\u00a0LIRE\u00a0Incendie dans l\u2019Aude : \u00ab\u00a0L\u2019\u00c9tat n\u2019a rien fait pour \u00e9viter cette catastrophe\u00a0\u00bb, accuse le d\u00e9put\u00e9 RN Julien Rancoule<\/a><\/p>\n<p>Dans un communiqu\u00e9, il ajoute que les \u00ab experts estiment qu\u2019au regard des conditions de d\u00e9part du feu, celui-ci pourrait avoir une cause criminelle r\u00e9sultant d\u2019un acte volontaire. Toutefois, cette premi\u00e8re expertise demande n\u00e9cessairement \u00e0 \u00eatre confirm\u00e9e par des investigations compl\u00e9mentaires nombreuses dont la dur\u00e9e peut s\u2019av\u00e9rer importante \u00bb.<\/p>\n<p>L\u2019incendie le plus d\u00e9vastateur depuis 50 ans<\/p>\n<p><a href=\"https:\/\/www.valeursactuelles.com\/clubvaleurs\/politique\/incendie-dans-laude-letat-na-rien-fait-pour-eviter-cette-catastrophe-accuse-le-depute-rn-julien-rancoule\" target=\"_blank\" rel=\"noopener nofollow\">Le feu qui s\u2019est d\u00e9clar\u00e9 mardi 5 ao\u00fbt a ravag\u00e9 pr\u00e8s de 17 000 hectares de v\u00e9g\u00e9tation et d\u00e9truit 36 maisons<\/a>. Une femme de 65 ans est morte dans sa maison et fait plusieurs bless\u00e9s dont deux graves. Une enqu\u00eate sur ce d\u00e9c\u00e8s est actuellement en cours.<\/p>\n<p>\u00ab Un coll\u00e8ge de deux juges d\u2019instruction a \u00e9t\u00e9 saisi compte tenu des cons\u00e9quences humaines, environnementales et mat\u00e9rielles de ce feu \u00bb, annonce la justice ce mercredi, relate <a href=\"https:\/\/www.bfmtv.com\/environnement\/climat\/incendie-dans-l-aude-le-procureur-de-montpellier-indique-que-la-cause-pourrait-etre-criminelle_AD-202508130398.html\" target=\"_blank\" rel=\"nofollow noopener\">BFM TV<\/a>.<\/p>\n<p>L\u2019incendie a \u00e9t\u00e9 ma\u00eetris\u00e9 dans l\u2019apr\u00e8s-midi du dimanche 10 ao\u00fbt. Il s\u2019agit du pire incendie depuis au moins cinquante ans sur le pourtour m\u00e9diterran\u00e9en fran\u00e7ais, selon la Base de donn\u00e9es gouvernementale des incendies de for\u00eat en France (BDIFF), qui r\u00e9pertorie depuis 1973 la surface totale parcourue par les flammes.<\/p>\n","protected":false},"excerpt":{"rendered":"Soci\u00e9t\u00e9 Le feu qui a parcouru 17 000 hectares dans le d\u00e9partement de l\u2019Aude est ma\u00eetris\u00e9 depuis dimanche&hellip;\n","protected":false},"author":2,"featured_media":316707,"comment_status":"","ping_status":"","sticky":false,"template":"","format":"standard","meta":{"footnotes":""},"categories":[9599],"tags":[1111,11,4086,1777,674,1011,27,1310,2208,12,2680,1311,5511,25],"class_list":{"0":"post-316706","1":"post","2":"type-post","3":"status-publish","4":"format-standard","5":"has-post-thumbnail","7":"category-montpellier","8":"tag-actu","9":"tag-actualites","10":"tag-aude","11":"tag-eu","12":"tag-europe","13":"tag-fr","14":"tag-france","15":"tag-incendie","16":"tag-montpellier","17":"tag-news","18":"tag-occitanie","19":"tag-pompiers","20":"tag-procureur","21":"tag-republique-francaise"},"share_on_mastodon":{"url":"https:\/\/pubeurope.com\/@fr\/115022549896182509","error":""},"_links":{"self":[{"href":"https:\/\/www.europesays.com\/fr\/wp-json\/wp\/v2\/posts\/316706","targetHints":{"allow":["GET"]}}],"collection":[{"href":"https:\/\/www.europesays.com\/fr\/wp-json\/wp\/v2\/posts"}],"about":[{"href":"https:\/\/www.europesays.com\/fr\/wp-json\/wp\/v2\/types\/post"}],"author":[{"embeddable":true,"href":"https:\/\/www.europesays.com\/fr\/wp-json\/wp\/v2\/users\/2"}],"replies":[{"embeddable":true,"href":"https:\/\/www.europesays.com\/fr\/wp-json\/wp\/v2\/comments?post=316706"}],"version-history":[{"count":0,"href":"https:\/\/www.europesays.com\/fr\/wp-json\/wp\/v2\/posts\/316706\/revisions"}],"wp:featuredmedia":[{"embeddable":true,"href":"https:\/\/www.europesays.com\/fr\/wp-json\/wp\/v2\/media\/316707"}],"wp:attachment":[{"href":"https:\/\/www.europesays.com\/fr\/wp-json\/wp\/v2\/media?parent=316706"}],"wp:term":[{"taxonomy":"category","embeddable":true,"href":"https:\/\/www.europesays.com\/fr\/wp-json\/wp\/v2\/categories?post=316706"},{"taxonomy":"post_tag","embeddable":true,"href":"https:\/\/www.europesays.com\/fr\/wp-json\/wp\/v2\/tags?post=316706"}],"curies":[{"name":"wp","href":"https:\/\/api.w.org\/{rel}","templated":true}]}}