{"id":316708,"date":"2025-08-13T17:06:12","date_gmt":"2025-08-13T17:06:12","guid":{"rendered":"https:\/\/www.europesays.com\/fr\/316708\/"},"modified":"2025-08-13T17:06:12","modified_gmt":"2025-08-13T17:06:12","slug":"que-vaut-bambini-le-nouveau-restaurant-italien-de-la-rue-eau-de-robec-a-rouen-notre-critique-la-teste","status":"publish","type":"post","link":"https:\/\/www.europesays.com\/fr\/316708\/","title":{"rendered":"Que vaut Bambini, le nouveau restaurant italien de la rue Eau-de-Robec \u00e0 Rouen ? Notre critique l&rsquo;a test\u00e9"},"content":{"rendered":"<p>            Par<br \/>\n        <strong><br \/>\n            <a href=\"https:\/\/actu.fr\/auteur\/julien-bouteiller\" title=\"Consulter tous les articles de Julien Bouteiller\" target=\"_blank\" rel=\"noopener\">Julien Bouteiller<\/a><br \/>\n        <\/strong><\/p>\n<p>        Publi\u00e9 le<\/p>\n<p>            13 ao\u00fbt 2025 \u00e0 18h54        <\/p>\n<p>Depuis quelques jours, vous pouvez d\u00e9couvrir <a href=\"https:\/\/actu.fr\/normandie\/rouen_76540\/nouveau-a-rouen-une-amoureuse-de-la-cuisine-italienne-ouvre-un-restaurant-rue-eau-de-robec_62890240.html\" target=\"_blank\" rel=\"noopener\">un nouveau restaurant italien \u00e0 Rouen<\/a>, <strong>rue Eau-de-Robec<\/strong>. \u00ab\u00a0Italien, encore ?\u00a0\u00bb, diront certains. Voil\u00e0 une raison de plus<strong> d\u2019aller tester Bambini<\/strong> pour voir ce qui le d\u00e9marque de ses nombreux concurrents. <strong>Notre critique culinaire est donc all\u00e9 l\u2019essayer <\/strong>et nous livre son verdict.\u00a0<\/p>\n<p>Un air d\u2019Italie rue Eau-de-Robec<\/p>\n<p class=\" wall-content\">Mamma mia ! <strong>Un air de Venise souffle rue Eau-de-Robec !<\/strong> C\u2019est l\u2019impression que l\u2019on peut avoir attabl\u00e9 presque les pieds dans l\u2019eau (d\u2019ailleurs il ne doit pas \u00eatre rare que les deux se rejoignent en fin de soir\u00e9e !) le long du Robec entre corolles de fleur et fra\u00eecheur del rio. Les maisons \u00e0 pans de bois remplacent les pallazzi v\u00e9nitiens, mais la cuisine nous y plonge \u00e0 plein.<\/p>\n<p class=\" wall-content\"><strong>D\u00e9paysant ? Assur\u00e9ment.<\/strong> Le cadre, la carte, <strong>mais surtout l\u2019accueil des trois dames<\/strong> si pr\u00e9venantes comme des mamma attentionn\u00e9es avec cette phrase r\u00e9p\u00e9t\u00e9e avec la m\u00eame authenticit\u00e9, client apr\u00e8s client, une fois le plat d\u00e9pos\u00e9 : \u00ab Est-ce qu\u2019il vous faudrait encore quelque chose ? Tout va bien ? \u00bb Attention s\u00e9rieuse aux allergies, comme au plaisir et au confort. Une pointe d\u2019accent parfois, le sourire chantant toujours.<\/p>\n<p class=\" wall-content\">Le voyage se poursuit avec la carte. Une carte courte,<strong> mais balayant tous les plaisirs de l\u2019Italie<\/strong>, de la pizza \u00e0 l\u2019escalope milanaise en passant par les pasta bien s\u00fbr et un \u00ab bar \u00e0 burrata \u00bb qui met le fromage au centre et le d\u00e9cline, au saumon, au jambon de Parme, \u00e0 la truffe.<\/p>\n<p>Un poulpe \u00e0 la cuisson \u00ab\u00a0parfaite, fondante et souple\u00a0\u00bb<\/p>\n<p class=\" wall-content\">Entre ombre et fra\u00eecheur du ruisseau, la chaleur m\u00e9diterran\u00e9enne invitait au cocktail rafraichissant <strong>comme ce spritz au limoncello, parfaitement \u00e9quilibr\u00e9<\/strong> sans exc\u00e8s de sucre saturant le d\u00e9but de repas qui souvent accentue l\u2019effet chaleur.<\/p>\n<p class=\" wall-content\">Le carpaccio di bresaola sans l\u2019ombre d\u2019une salaison assoiffante reposait agr\u00e9ablement sur une roquette fra\u00eeche l\u00e9g\u00e8rement assaisonn\u00e9e d\u2019une vinaigrette fruit\u00e9e.<\/p>\n<p class=\" wall-content\"><strong>Mais le grand moment du d\u00e9jeuner revient au poulpe<\/strong>. J\u2019avoue que c\u2019est un des plats que je prends volontiers pour tester la cuisine car sa cuisson n\u2019est pas facile et souvent pas au point. Ici au contraire, <strong>elle \u00e9tait parfaite, fondante et souple<\/strong>, pas un gramme de caoutchouc r\u00e9siduel. La petite sauce acidul\u00e9e le relevait juste ce qu\u2019il fallait de fra\u00eecheur pour \u00e9quilibrer le press\u00e9 de pommes de terre plus copieux, \u00e0 l\u2019ail. Encore une fois <strong>un ail parfaitement \u00e9quilibr\u00e9<\/strong> qui ne reste pas ind\u00e9finiment en bouche pour tuer le reste du plat et du repas.<\/p>\n<p>Et c\u00f4t\u00e9 vin ?<\/p>\n<p class=\" wall-content\">En r\u00e9alit\u00e9, l\u2019\u00e9quilibre semble \u00eatre le maitre mot d\u2019une Italie gourmande ma\u00eetris\u00e9e, bien loin des trattorias qui enchainent les sempiternels attendus de la cuisine transalpine. <strong>Non ici c\u2019est familial<\/strong>, comme ces restaurants que j\u2019aimais rejoindre quand Rome \u00e9tait mon terrain de jeu, loin des touristes.<\/p>\n<p class=\" wall-content\">Ah ! Il me reste \u00e0 parler vin ! L\u00e0 encore <strong>une proposition courte, mais s\u00e9duisante<\/strong>, \u00e0 l\u2019image de ce Grillo (nom du c\u00e9page sicilien) du domaine Musita, sur la fra\u00eecheur et l\u2019onctuosit\u00e9 de l\u2019ananas et du kiwi.<\/p>\n<p class=\" wall-content\">Finalement, le plus dur chez Bambini, c\u2019est de quitter Venise !<\/p>\n<p>Comment travaille notre critique<\/p>\n<p>Cette critique a \u00e9t\u00e9 r\u00e9alis\u00e9e par Cyril Brun, collaborateur r\u00e9gulier de 76actu. Professionnel du milieu de la restauration, il teste de nombreux restaurants depuis plusieurs ann\u00e9es. <\/p>\n<p>Avec objectivit\u00e9, il livre donc son avis sur les nouvelles cuisines de Rouen et du Havre, en prenant en compte plusieurs crit\u00e8res : <br \/>\u2022 le positionnement du restaurant. On ne juge pas une brasserie comme on juge un gastronomique \u00e9toil\u00e9 ;<br \/>\u2022 la qualit\u00e9 des plats servis, en prenant en compte le temps de pr\u00e9paration, la cuisson, la cr\u00e9ativit\u00e9, les ar\u00f4mes, l&rsquo;\u00e9quilibre des saveurs, l&rsquo;originalit\u00e9&#8230; ;<br \/>\u2022 la qualit\u00e9 du service ;<br \/>\u2022 la qualit\u00e9 des vins.<\/p>\n<p>Enfin, comme le rappelle Cyril Brun, la critique est \u00ab une photo destin\u00e9e \u00e0 \u00e9clairer le client. Bien entendu, une photo n&rsquo;est pas une vid\u00e9o. Mais le client est en droit de savoir qu&rsquo;il risque de tomber sur une mauvaise photo ou une belle image \u00bb. Ou plus simplement, \u00e0 chacun aussi de se faire son avis !<\/p>\n<p class=\" wall-content\"><strong>Cyril Brun<\/strong><\/p>\n<p>Suivez l\u2019actualit\u00e9 de Rouen <a href=\"https:\/\/www.whatsapp.com\/channel\/0029VaKfnf99hXF2ddApFB1D\" target=\"_blank\" rel=\"noopener\">sur notre cha\u00eene WhatsApp<\/a> et <a href=\"https:\/\/www.tiktok.com\/@76actu.fr?lang=fr\" target=\"_blank\" rel=\"noopener\">sur notre compte TikTok<\/a><\/p>\n<p class=\" wall-content\">Suivez toute l\u2019actualit\u00e9 de vos villes et m\u00e9dias favoris en vous inscrivant \u00e0 <a href=\"https:\/\/moncompte.actu.fr\" title=\"D\u00e9couvez Mon Actu\" rel=\"nofollow noopener\" data-trk=\"{&quot;cta&quot;:{&quot;action&quot;:&quot;https:\\\/\\\/moncompte.actu.fr&quot;,&quot;category&quot;:&quot;mon compte&quot;,&quot;from&quot;:&quot;article footer&quot;,&quot;name&quot;:&quot;Mon actu&quot;,&quot;type&quot;:&quot;cta&quot;}}\" target=\"_blank\">Mon Actu<\/a>.<\/p>\n<p>                    <script async src=\"\/\/www.tiktok.com\/embed.js\"><\/script><\/p>\n","protected":false},"excerpt":{"rendered":"Par Julien Bouteiller Publi\u00e9 le 13 ao\u00fbt 2025 \u00e0 18h54 Depuis quelques jours, vous pouvez d\u00e9couvrir un nouveau&hellip;\n","protected":false},"author":2,"featured_media":316709,"comment_status":"","ping_status":"","sticky":false,"template":"","format":"standard","meta":{"footnotes":""},"categories":[9587],"tags":[1111,11,9086,1777,674,1011,27,1661,1652,12,5161,25,1340,9590],"class_list":{"0":"post-316708","1":"post","2":"type-post","3":"status-publish","4":"format-standard","5":"has-post-thumbnail","7":"category-rouen","8":"tag-actu","9":"tag-actualites","10":"tag-bon-plan-a-rouen","11":"tag-eu","12":"tag-europe","13":"tag-fr","14":"tag-france","15":"tag-gastronomie","16":"tag-loisirs-culture","17":"tag-news","18":"tag-normandie","19":"tag-republique-francaise","20":"tag-restaurant","21":"tag-rouen"},"share_on_mastodon":{"url":"https:\/\/pubeurope.com\/@fr\/115022553803928461","error":""},"_links":{"self":[{"href":"https:\/\/www.europesays.com\/fr\/wp-json\/wp\/v2\/posts\/316708","targetHints":{"allow":["GET"]}}],"collection":[{"href":"https:\/\/www.europesays.com\/fr\/wp-json\/wp\/v2\/posts"}],"about":[{"href":"https:\/\/www.europesays.com\/fr\/wp-json\/wp\/v2\/types\/post"}],"author":[{"embeddable":true,"href":"https:\/\/www.europesays.com\/fr\/wp-json\/wp\/v2\/users\/2"}],"replies":[{"embeddable":true,"href":"https:\/\/www.europesays.com\/fr\/wp-json\/wp\/v2\/comments?post=316708"}],"version-history":[{"count":0,"href":"https:\/\/www.europesays.com\/fr\/wp-json\/wp\/v2\/posts\/316708\/revisions"}],"wp:featuredmedia":[{"embeddable":true,"href":"https:\/\/www.europesays.com\/fr\/wp-json\/wp\/v2\/media\/316709"}],"wp:attachment":[{"href":"https:\/\/www.europesays.com\/fr\/wp-json\/wp\/v2\/media?parent=316708"}],"wp:term":[{"taxonomy":"category","embeddable":true,"href":"https:\/\/www.europesays.com\/fr\/wp-json\/wp\/v2\/categories?post=316708"},{"taxonomy":"post_tag","embeddable":true,"href":"https:\/\/www.europesays.com\/fr\/wp-json\/wp\/v2\/tags?post=316708"}],"curies":[{"name":"wp","href":"https:\/\/api.w.org\/{rel}","templated":true}]}}