{"id":316710,"date":"2025-08-13T17:07:12","date_gmt":"2025-08-13T17:07:12","guid":{"rendered":"https:\/\/www.europesays.com\/fr\/316710\/"},"modified":"2025-08-13T17:07:12","modified_gmt":"2025-08-13T17:07:12","slug":"apres-un-accident-sur-cette-autoroute-pres-de-rouen-la-circulation-va-etre-difficile-plusieurs-jours","status":"publish","type":"post","link":"https:\/\/www.europesays.com\/fr\/316710\/","title":{"rendered":"Apr\u00e8s un accident sur cette autoroute pr\u00e8s de Rouen, la circulation va \u00eatre difficile plusieurs jours"},"content":{"rendered":"<p>            Par<br \/>\n        <strong><br \/>\n            <a href=\"https:\/\/actu.fr\/auteur\/yann-rivallan\" title=\"Consulter tous les articles de Yann Rivallan\" target=\"_blank\" rel=\"noopener\">Yann Rivallan<\/a><br \/>\n        <\/strong><\/p>\n<p>        Publi\u00e9 le<\/p>\n<p>            13 ao\u00fbt 2025 \u00e0 18h06        <\/p>\n<p>La route est rest\u00e9e coup\u00e9e plusieurs heures dans la soir\u00e9e du 12 au 13\u00a0ao\u00fbt 2025. Dans le sens Rouen-Isneauville, <a href=\"https:\/\/actu.fr\/normandie\/rouen_76540\/accident-de-poids-lourd-sur-l-a28-au-nord-de-rouen-la-circulation-coupee_63029629.html\" target=\"_blank\" rel=\"noopener\">un camion a percut\u00e9 une glissi\u00e8re de s\u00e9curit\u00e9<\/a> de <strong>l\u2019autoroute A28<\/strong> hier soir, \u00e0 hauteur de la commune de Bois-Guillaume. L\u2019autoroute n\u2019a \u00e9t\u00e9 rouverte dans cette direction que vers 3h du matin, selon Bison Fut\u00e9. Mais la circulation devrait <strong>rester compliqu\u00e9e encore quelques jours<\/strong>\u2026 On vous explique.<\/p>\n<p>Le bitume endommag\u00e9 par l\u2019accident<\/p>\n<p class=\" wall-content\">Suite \u00e0 cet accident qui a fait un bless\u00e9 grave \u2014 le conducteur du poids lourd \u00e2g\u00e9 de 60\u00a0ans \u2014 les services de la Dirno (Direction Interd\u00e9partementale des Routes du Nord-Ouest) ont <strong>constat\u00e9 des d\u00e9g\u00e2ts<\/strong>.<\/p>\n<p class=\" wall-content\">En cons\u00e9quence, la voie de droite de cette portion d\u2019autoroute dans le sens Rouen-Isneauville, entre les points kilom\u00e9triques 6 +\u00a0500 et 7 +\u00a0800 est <strong>ferm\u00e9e \u00e0 la circulation<\/strong>. Une source \u00e0 la Dirno pr\u00e9cise\u2009: \u00ab\u2009La voie de droite est neutralis\u00e9e sur 2,5 km\u2009\u00bb. D\u2019apr\u00e8s cette m\u00eame source, le bitume aurait \u00e9t\u00e9 endommag\u00e9 au moment de l\u2019accident et <strong>des nids-de-poule<\/strong> se seraient form\u00e9s. Les services suspectent \u00e9galement \u00ab\u2009que du gasoil ait \u00e9t\u00e9 renvers\u00e9\u2009\u00bb sur cette voie de circulation.<\/p>\n<p class=\" wall-content\">Des travaux sont donc n\u00e9cessaires.<\/p>\n<p>Une bretelle d\u2019acc\u00e8s ferm\u00e9e<\/p>\n<p class=\" wall-content\">\u00c0 cause de cette voie neutralis\u00e9e, <strong>la bretelle d\u2019acc\u00e8s \u00e0 l\u2019A28<\/strong> en direction d\u2019Abbeville, lorsque l\u2019on vient du rond-point des Rouges Terres \u00e0 Bois-Guillaume, est ferm\u00e9e. Les services de la Dirno vont proc\u00e9der aux r\u00e9parations du bitume dans les prochains jours.<\/p>\n<p>    <img   decoding=\"async\" loading=\"lazy\" src=\"https:\/\/www.europesays.com\/fr\/wp-content\/uploads\/2025\/08\/capture-a-28-accident-travaux-dirno-google-960x640.jpg\" alt=\"La bretelle d'acc\u00e8s \u00e0 l'A28 pour aller en direction d'Abbeville (voie de gauche) est ferm\u00e9e.\" width=\"960\" height=\"640\"\/><br \/>\n    La bretelle d\u2019acc\u00e8s \u00e0 l\u2019A28 pour aller en direction d\u2019Abbeville et de Neufch\u00e2tel-en-Bray (voie de gauche) est ferm\u00e9e. (\u00a9Capture d\u2019\u00e9cran\/Google Street View)<\/p>\n<p class=\" wall-content\">Selon nos informations, la reprise normale du trafic est attendue pour la fin de journ\u00e9e du <strong>lundi 18\u00a0ao\u00fbt<\/strong>, voire du mardi 19\u00a0ao\u00fbt. La circulation risque donc d\u2019\u00eatre compliqu\u00e9e un moment sur cet axe tr\u00e8s fr\u00e9quent\u00e9.<\/p>\n<p>Suivez l\u2019actualit\u00e9 de Rouen sur <a href=\"https:\/\/www.whatsapp.com\/channel\/0029VaKfnf99hXF2ddApFB1D\" target=\"_blank\" rel=\"noopener\">notre cha\u00eene WhatsApp<\/a> et sur <a href=\"https:\/\/www.tiktok.com\/@76actu.fr?lang=fr\" target=\"_blank\" rel=\"noopener\">notre compte TikTok<\/a><\/p>\n<p class=\" wall-content\">Suivez toute l\u2019actualit\u00e9 de vos villes et m\u00e9dias favoris en vous inscrivant \u00e0 <a href=\"https:\/\/moncompte.actu.fr\" title=\"D\u00e9couvez Mon Actu\" rel=\"nofollow noopener\" data-trk=\"{&quot;cta&quot;:{&quot;action&quot;:&quot;https:\\\/\\\/moncompte.actu.fr&quot;,&quot;category&quot;:&quot;mon compte&quot;,&quot;from&quot;:&quot;article footer&quot;,&quot;name&quot;:&quot;Mon actu&quot;,&quot;type&quot;:&quot;cta&quot;}}\" target=\"_blank\">Mon Actu<\/a>.<\/p>\n<p>                    <script async src=\"\/\/www.tiktok.com\/embed.js\"><\/script><\/p>\n","protected":false},"excerpt":{"rendered":"Par Yann Rivallan Publi\u00e9 le 13 ao\u00fbt 2025 \u00e0 18h06 La route est rest\u00e9e coup\u00e9e plusieurs heures dans&hellip;\n","protected":false},"author":2,"featured_media":316711,"comment_status":"","ping_status":"","sticky":false,"template":"","format":"standard","meta":{"footnotes":""},"categories":[9587],"tags":[1111,11,9611,3542,1777,674,118,1011,27,803,12,5161,25,9590],"class_list":{"0":"post-316710","1":"post","2":"type-post","3":"status-publish","4":"format-standard","5":"has-post-thumbnail","7":"category-rouen","8":"tag-actu","9":"tag-actualites","10":"tag-autoroute-28-a28","11":"tag-circulation","12":"tag-eu","13":"tag-europe","14":"tag-faits-divers","15":"tag-fr","16":"tag-france","17":"tag-info-trafic","18":"tag-news","19":"tag-normandie","20":"tag-republique-francaise","21":"tag-rouen"},"share_on_mastodon":{"url":"https:\/\/pubeurope.com\/@fr\/115022557713121144","error":""},"_links":{"self":[{"href":"https:\/\/www.europesays.com\/fr\/wp-json\/wp\/v2\/posts\/316710","targetHints":{"allow":["GET"]}}],"collection":[{"href":"https:\/\/www.europesays.com\/fr\/wp-json\/wp\/v2\/posts"}],"about":[{"href":"https:\/\/www.europesays.com\/fr\/wp-json\/wp\/v2\/types\/post"}],"author":[{"embeddable":true,"href":"https:\/\/www.europesays.com\/fr\/wp-json\/wp\/v2\/users\/2"}],"replies":[{"embeddable":true,"href":"https:\/\/www.europesays.com\/fr\/wp-json\/wp\/v2\/comments?post=316710"}],"version-history":[{"count":0,"href":"https:\/\/www.europesays.com\/fr\/wp-json\/wp\/v2\/posts\/316710\/revisions"}],"wp:featuredmedia":[{"embeddable":true,"href":"https:\/\/www.europesays.com\/fr\/wp-json\/wp\/v2\/media\/316711"}],"wp:attachment":[{"href":"https:\/\/www.europesays.com\/fr\/wp-json\/wp\/v2\/media?parent=316710"}],"wp:term":[{"taxonomy":"category","embeddable":true,"href":"https:\/\/www.europesays.com\/fr\/wp-json\/wp\/v2\/categories?post=316710"},{"taxonomy":"post_tag","embeddable":true,"href":"https:\/\/www.europesays.com\/fr\/wp-json\/wp\/v2\/tags?post=316710"}],"curies":[{"name":"wp","href":"https:\/\/api.w.org\/{rel}","templated":true}]}}