{"id":316712,"date":"2025-08-13T17:08:14","date_gmt":"2025-08-13T17:08:14","guid":{"rendered":"https:\/\/www.europesays.com\/fr\/316712\/"},"modified":"2025-08-13T17:08:14","modified_gmt":"2025-08-13T17:08:14","slug":"metropole-de-grenoble-au-gatinais-vu-de-lexterieur-ca-a-de-la-gueule-dedans-cest-la-misere","status":"publish","type":"post","link":"https:\/\/www.europesays.com\/fr\/316712\/","title":{"rendered":"M\u00e9tropole de Grenoble. Au G\u00e2tinais, \u00ab\u00a0vu de l\u2019ext\u00e9rieur, \u00e7a a de la gueule. Dedans, c\u2019est la mis\u00e8re\u00a0!\u00a0\u00bb"},"content":{"rendered":"<p>Visuellement, les immeubles ont repris un coup de neuf. Les fa\u00e7ades blanches et rouges des all\u00e9es du G\u00e2tinais ont fi\u00e8re allure, affichant m\u00eame \u00e0 leur pied un parement qui imite parfaitement les briques. Comme d\u2019autres secteurs des Villeneuves d\u2019\u00c9chirolles et de Grenoble, ce quartier est en pleine r\u00e9novation urbaine, dans le cadre du Nouveau programme national de renouvellement urbain. Un vaste projet \u00e0 376\u00a0millions d\u2019euros pour faire des Villeneuves le premier \u00e9co-quartier populaire de France.<\/p>\n<p>\u00ab\u00a0Vu de l\u2019ext\u00e9rieur, \u00e7a a de la gueule hein\u00a0? Sauf que dedans, c\u2019est la mis\u00e8re\u00a0!\u00a0\u00bb Cet&#8230;<\/p>\n","protected":false},"excerpt":{"rendered":"Visuellement, les immeubles ont repris un coup de neuf. Les fa\u00e7ades blanches et rouges des all\u00e9es du G\u00e2tinais&hellip;\n","protected":false},"author":2,"featured_media":316713,"comment_status":"","ping_status":"","sticky":false,"template":"","format":"standard","meta":{"footnotes":""},"categories":[9566],"tags":[1111,11,2430,9852,9853,112,1777,674,1011,27,2731,2732,108,1908,12,25,104],"class_list":{"0":"post-316712","1":"post","2":"type-post","3":"status-publish","4":"format-standard","5":"has-post-thumbnail","7":"category-grenoble","8":"tag-actu","9":"tag-actualites","10":"tag-auvergne-rhone-alpes","11":"tag-echirolles","12":"tag-echirolles-bassin","13":"tag-edition-grenoble-agglomeration","14":"tag-eu","15":"tag-europe","16":"tag-fr","17":"tag-france","18":"tag-grenoble","19":"tag-grenoble-bassin","20":"tag-isere","21":"tag-logement","22":"tag-news","23":"tag-republique-francaise","24":"tag-societe"},"share_on_mastodon":{"url":"https:\/\/pubeurope.com\/@fr\/115022561631375498","error":""},"_links":{"self":[{"href":"https:\/\/www.europesays.com\/fr\/wp-json\/wp\/v2\/posts\/316712","targetHints":{"allow":["GET"]}}],"collection":[{"href":"https:\/\/www.europesays.com\/fr\/wp-json\/wp\/v2\/posts"}],"about":[{"href":"https:\/\/www.europesays.com\/fr\/wp-json\/wp\/v2\/types\/post"}],"author":[{"embeddable":true,"href":"https:\/\/www.europesays.com\/fr\/wp-json\/wp\/v2\/users\/2"}],"replies":[{"embeddable":true,"href":"https:\/\/www.europesays.com\/fr\/wp-json\/wp\/v2\/comments?post=316712"}],"version-history":[{"count":0,"href":"https:\/\/www.europesays.com\/fr\/wp-json\/wp\/v2\/posts\/316712\/revisions"}],"wp:featuredmedia":[{"embeddable":true,"href":"https:\/\/www.europesays.com\/fr\/wp-json\/wp\/v2\/media\/316713"}],"wp:attachment":[{"href":"https:\/\/www.europesays.com\/fr\/wp-json\/wp\/v2\/media?parent=316712"}],"wp:term":[{"taxonomy":"category","embeddable":true,"href":"https:\/\/www.europesays.com\/fr\/wp-json\/wp\/v2\/categories?post=316712"},{"taxonomy":"post_tag","embeddable":true,"href":"https:\/\/www.europesays.com\/fr\/wp-json\/wp\/v2\/tags?post=316712"}],"curies":[{"name":"wp","href":"https:\/\/api.w.org\/{rel}","templated":true}]}}