{"id":316714,"date":"2025-08-13T17:09:20","date_gmt":"2025-08-13T17:09:20","guid":{"rendered":"https:\/\/www.europesays.com\/fr\/316714\/"},"modified":"2025-08-13T17:09:20","modified_gmt":"2025-08-13T17:09:20","slug":"grenoble-premiere-elue-ecologiste-a-grenoble-genevieve-jonot-est-decedee","status":"publish","type":"post","link":"https:\/\/www.europesays.com\/fr\/316714\/","title":{"rendered":"Grenoble. Premi\u00e8re \u00e9lue \u00e9cologiste \u00e0 Grenoble, Genevi\u00e8ve Jonot est d\u00e9c\u00e9d\u00e9e"},"content":{"rendered":"<p>\u00ab\u00a0Genevi\u00e8ve Jonot a fait partie de notre histoire politique et militante, elle fait partie de l\u2019histoire des actions pour la d\u00e9mocratie, l\u2019\u00e9cologie et la solidarit\u00e9 \u00e0 Grenoble. \u00bb C\u2019est par ces mots que l\u2019Association pour la d\u00e9mocratie, l\u2019\u00e9cologie et la solidarit\u00e9 (Ades) a fait part du d\u00e9c\u00e8s le 12 ao\u00fbt de Genevi\u00e8ve Jonot (1932-2025), premi\u00e8re \u00e9lue \u00e9cologiste de Grenoble en mars\u00a01983.<\/p>\n<p>Elle fut r\u00e9\u00e9lue, dans l\u2019opposition, en 1989, <a href=\"https:\/\/www.ledauphine.com\/faits-divers-justice\/2024\/03\/01\/concession-d-autoroutes-l-ecologiste-grenoblois-raymond-avrillier-a-l-origine-de-l-enquete-visant-bruno-le-maire\" target=\"_blank\" rel=\"noopener\">aux c\u00f4t\u00e9s de Raymond Avrillier<\/a>. Pour le symbole, elle figurait en 58e position de la liste conduite par <a href=\"https:\/\/www.ledauphine.com\/p\/eric-piolle\" target=\"_blank\" rel=\"noopener\">Eric Piolle<\/a> en 2014 et en 59e de celle men\u00e9e par Maryvonne Boileau en 2008.<\/p>\n","protected":false},"excerpt":{"rendered":"\u00ab\u00a0Genevi\u00e8ve Jonot a fait partie de notre histoire politique et militante, elle fait partie de l\u2019histoire des actions&hellip;\n","protected":false},"author":2,"featured_media":316715,"comment_status":"","ping_status":"","sticky":false,"template":"","format":"standard","meta":{"footnotes":""},"categories":[9566],"tags":[1111,11,2430,112,1777,674,1011,27,2731,2732,108,3539,1391,12,316,25,104],"class_list":{"0":"post-316714","1":"post","2":"type-post","3":"status-publish","4":"format-standard","5":"has-post-thumbnail","7":"category-grenoble","8":"tag-actu","9":"tag-actualites","10":"tag-auvergne-rhone-alpes","11":"tag-edition-grenoble-agglomeration","12":"tag-eu","13":"tag-europe","14":"tag-fr","15":"tag-france","16":"tag-grenoble","17":"tag-grenoble-bassin","18":"tag-isere","19":"tag-les-ecologistes","20":"tag-necrologie","21":"tag-news","22":"tag-politique","23":"tag-republique-francaise","24":"tag-societe"},"share_on_mastodon":{"url":"https:\/\/pubeurope.com\/@fr\/115022565616595081","error":""},"_links":{"self":[{"href":"https:\/\/www.europesays.com\/fr\/wp-json\/wp\/v2\/posts\/316714","targetHints":{"allow":["GET"]}}],"collection":[{"href":"https:\/\/www.europesays.com\/fr\/wp-json\/wp\/v2\/posts"}],"about":[{"href":"https:\/\/www.europesays.com\/fr\/wp-json\/wp\/v2\/types\/post"}],"author":[{"embeddable":true,"href":"https:\/\/www.europesays.com\/fr\/wp-json\/wp\/v2\/users\/2"}],"replies":[{"embeddable":true,"href":"https:\/\/www.europesays.com\/fr\/wp-json\/wp\/v2\/comments?post=316714"}],"version-history":[{"count":0,"href":"https:\/\/www.europesays.com\/fr\/wp-json\/wp\/v2\/posts\/316714\/revisions"}],"wp:featuredmedia":[{"embeddable":true,"href":"https:\/\/www.europesays.com\/fr\/wp-json\/wp\/v2\/media\/316715"}],"wp:attachment":[{"href":"https:\/\/www.europesays.com\/fr\/wp-json\/wp\/v2\/media?parent=316714"}],"wp:term":[{"taxonomy":"category","embeddable":true,"href":"https:\/\/www.europesays.com\/fr\/wp-json\/wp\/v2\/categories?post=316714"},{"taxonomy":"post_tag","embeddable":true,"href":"https:\/\/www.europesays.com\/fr\/wp-json\/wp\/v2\/tags?post=316714"}],"curies":[{"name":"wp","href":"https:\/\/api.w.org\/{rel}","templated":true}]}}