{"id":316716,"date":"2025-08-13T17:10:23","date_gmt":"2025-08-13T17:10:23","guid":{"rendered":"https:\/\/www.europesays.com\/fr\/316716\/"},"modified":"2025-08-13T17:10:23","modified_gmt":"2025-08-13T17:10:23","slug":"pour-la-premiere-fois-le-roazhon-park-va-accueillir-des-artistes-pour-un-concert","status":"publish","type":"post","link":"https:\/\/www.europesays.com\/fr\/316716\/","title":{"rendered":"pour la premi\u00e8re fois, le Roazhon Park va accueillir des artistes pour un concert"},"content":{"rendered":"<p>            Par<br \/>\n        <strong><br \/>\n            <a href=\"https:\/\/actu.fr\/auteur\/laurene-fertin\" title=\"Consulter tous les articles de Laur\u00e8ne Fertin\" target=\"_blank\" rel=\"noopener\">Laur\u00e8ne Fertin<\/a><br \/>\n        <\/strong><\/p>\n<p>        Publi\u00e9 le<\/p>\n<p>            13 ao\u00fbt 2025 \u00e0 15h40        <\/p>\n<p>C\u2019est <strong>une soir\u00e9e<\/strong> qui ne ressemble pas vraiment \u00e0 un festival et qui ne se d\u00e9roule pas dans un lieu culturel \u00ab\u2009classique\u2009\u00bb de Rennes. En bref, c\u2019est une soir\u00e9e <strong>in\u00e9dite,<\/strong> ou plut\u00f4t \u00ab<strong>\u2009Hors Cadre\u2009\u00bb,<\/strong> comme l\u2019ont appel\u00e9e Alexis et Aelig, qui ont organis\u00e9 et imagin\u00e9 <strong>ce nouvel \u00e9v\u00e9nement<\/strong> \u00e0 Rennes.<\/p>\n<p class=\" wall-content\">Le jeudi 28 ao\u00fbt 2025, de 19h \u00e0 23h, le Roazhon Park va en effet accueillir <strong>pour la premi\u00e8re fois<\/strong> \u00ab\u2009une aventure sonore\u2009\u00bb des plus \u00ab\u2009insolites\u2009\u00bb, souligne le duo, qui n\u2019a qu\u2019un seul mot d\u2019ordre : <strong>\u00ab\u2009sortir des sentiers battus\u2009\u00bb.<\/strong><\/p>\n<p>\u00ab\u2009Un cadre original\u2009\u00bb<\/p>\n<blockquote class=\"ac-article-quote wall-content\">\n<p>Il existe beaucoup de festivals en Bretagne. On a voulu cr\u00e9er une exp\u00e9rience sensiblement diff\u00e9rente : Hors Cadre ne sera pas un festival, mais plut\u00f4t une soir\u00e9e o\u00f9 chacun et chacune pourra profiter de musiques vari\u00e9es dans un cadre original.\n<\/p>\n<p>    <strong>Alexis et Aelig<\/strong>\n            <\/p><\/blockquote>\n<p class=\" wall-content\">Hors-cadre dans <strong>le lieu<\/strong>, donc, mais aussi dans <strong>l\u2019exp\u00e9rience.<\/strong> Sur sc\u00e8ne, quatre artistes aux univers tr\u00e8s diff\u00e9rents joueront pendant <strong>45\u00a0minutes<\/strong> chacun leur tour.<\/p>\n<p class=\" wall-content\">Alexis Dutheil, artiste lui-m\u00eame, se produira sous le nom de <a href=\"https:\/\/www.instagram.com\/bonsecours_music\/\" target=\"_blank\" rel=\"noopener\"><strong>Bon Secours<\/strong><\/a> (\u00e9lectro, synthwave, ambient) pour lancer les hostilit\u00e9s. S\u2019ensuivront\u2009:<\/p>\n<ul class=\" wall-content\">\n<li><a href=\"https:\/\/www.instagram.com\/p\/DND-hzas1gJ\/\" target=\"_blank\" rel=\"noopener\">Kayceee<\/a>, aux sonorit\u00e9s R\u2019N\u2019B\u2009;<\/li>\n<li><a href=\"https:\/\/www.instagram.com\/heylucasmusic\/\" target=\"_blank\" rel=\"noopener\">Heylucas<\/a>, avec de la soft house, qui a d\u00e9j\u00e0 r\u00e9alis\u00e9 la premi\u00e8re partie de Petit Biscuit\u2009;<\/li>\n<li><a href=\"https:\/\/www.instagram.com\/macandwester\/\" target=\"_blank\" rel=\"noopener\">Mac&amp;Wester<\/a>, <strong>la t\u00eate d\u2019affiche<\/strong> de l\u2019\u00e9v\u00e9nement, r\u00e9v\u00e9l\u00e9 lors des Trans Musicales 2024.<\/li>\n<\/ul>\n<p class=\" wall-content\"><a href=\"https:\/\/www.instagram.com\/p\/DIvm9j1Ascj\/embed\" title=\"Ouvrir le lien sur Instagram\" target=\"_blank\" rel=\"noopener\">Visualiser le contenu sur Instagram<\/a><\/p>\n<p>En tribune pr\u00e9sidentielle<\/p>\n<p class=\" wall-content\">Pour cette premi\u00e8re \u00e9dition, le tandem attend <strong>400\u00a0personnes<\/strong> dans le Roazhon Park. Concr\u00e8tement, les int\u00e9ress\u00e9s seront install\u00e9s <strong>en tribune pr\u00e9sidentielle<\/strong> pour \u00e9couter les artistes.<\/p>\n<p class=\" wall-content\">L\u2019heure de l\u2019\u00e9v\u00e9nement \u2013 de 19h \u00e0 23h \u2013 n\u2019a pas \u00e9t\u00e9 choisie au hasard\u2026 \u00ab\u2009On veut sortir un peu de cette image des festivals o\u00f9 on en ressort rinc\u00e9 \u00bb, rient Aelig et Alexis. \u00ab\u2009Avec ce format, on peut <strong>profiter d\u2019une soir\u00e9e sans \u00eatre trop fatigu\u00e9 le lendemain.\u2009\u00bb<\/strong><\/p>\n<p class=\" wall-content\">Un coin restauration (avec <strong>boissons alcoolis\u00e9es ou softs, galettes-saucisses, burgers\u2026)<\/strong> sera propos\u00e9 sur place. Des options <strong>v\u00e9g\u00e9tariennes<\/strong> seront par ailleurs pr\u00e9sentes.<\/p>\n<p class=\" wall-content\"><strong>Des visites du stade<\/strong> seront \u00e9galement possibles par groupe.<\/p>\n<p>\u00ab\u00a0Un jour on travaillera ensemble\u00a0\u00bb<\/p>\n<p>Comment Aelig et Alexis se sont lanc\u00e9s dans cette nouvelle aventure ? \u00ab\u00a0On \u00e9tait coll\u00e8gue dans un grand groupe\u00a0\u00bb, raconte Alexis. \u00ab\u00a0Dans mon pr\u00e9c\u00e9dent boulot, j&rsquo;avais l&rsquo;habitude d&rsquo;organiser des \u00e9v\u00e9nements.\u00a0\u00bb Aelig n&rsquo;\u00e9tait jamais loin pour donner un (bon) coup de main. C&rsquo;est d&rsquo;ailleurs elle qui pilote la direction artistique d&rsquo;Hors Cadre. \u00ab\u00a0On s&rsquo;est dit qu&rsquo;un jour, on travaillerait ensemble : \u00e7a s&rsquo;est fait un mois plus tard !\u00a0\u00bb.<\/p>\n<p>25\u00a0euros la place<\/p>\n<p class=\" wall-content\">\u00c0 l\u2019avenir, Alexis et Aelig esp\u00e8rent doubler la jauge d\u2019accueil chaque ann\u00e9e. Le Roazhon Park peut accueillir<strong> au maximum 12\u2009000\u00a0personnes.<\/strong><\/p>\n<p class=\" wall-content\">En tout cas, pour ce premier \u00e9v\u00e9nement, si vous souhaitez y participer la billetterie se situe <a href=\"https:\/\/my.weezevent.com\/hors-cadre-1?_gl=1*1fvijtk*_gcl_au*NjU3Njg0MDI1LjE3NTExNDY0MDguNDI0Mjg4OTguMTc1MTE0NjQxNC4xNzUxMTQ2NDE1*_ga*OTkzNjAzODE5LjE3NTEwNTQ4Mzk.*_ga_39H9VBFX7G*czE3NTE1MzUxODEkbzkkZzEkdDE3NTE1MzUyMjYkajE1JGwwJGgxODkxMDUxNzE.\" target=\"_blank\" rel=\"noopener\">ici<\/a>. Comptez <strong>25\u00a0euros<\/strong> la place.<\/p>\n<p>Hors-Cadre, jeudi 28 ao\u00fbt 2025, de 19h \u00e0 23h. Pour plus d\u2019informations, c\u2019est <a href=\"https:\/\/my.weezevent.com\/hors-cadre-1?_gl=1*1fvijtk*_gcl_au*NjU3Njg0MDI1LjE3NTExNDY0MDguNDI0Mjg4OTguMTc1MTE0NjQxNC4xNzUxMTQ2NDE1*_ga*OTkzNjAzODE5LjE3NTEwNTQ4Mzk.*_ga_39H9VBFX7G*czE3NTE1MzUxODEkbzkkZzEkdDE3NTE1MzUyMjYkajE1JGwwJGgxODkxMDUxNzE.\" target=\"_blank\" rel=\"noopener\">ici<\/a>.<\/p>\n<p class=\" wall-content\">Suivez toute l\u2019actualit\u00e9 de vos villes et m\u00e9dias favoris en vous inscrivant \u00e0 <a href=\"https:\/\/moncompte.actu.fr\" title=\"D\u00e9couvez Mon Actu\" rel=\"nofollow noopener\" data-trk=\"{&quot;cta&quot;:{&quot;action&quot;:&quot;https:\\\/\\\/moncompte.actu.fr&quot;,&quot;category&quot;:&quot;mon compte&quot;,&quot;from&quot;:&quot;article footer&quot;,&quot;name&quot;:&quot;Mon actu&quot;,&quot;type&quot;:&quot;cta&quot;}}\" target=\"_blank\">Mon Actu<\/a>.<\/p>\n<p>                    <script async src=\"\/\/www.instagram.com\/embed.js\"><\/script><\/p>\n","protected":false},"excerpt":{"rendered":"Par Laur\u00e8ne Fertin Publi\u00e9 le 13 ao\u00fbt 2025 \u00e0 15h40 C\u2019est une soir\u00e9e qui ne ressemble pas vraiment&hellip;\n","protected":false},"author":2,"featured_media":316717,"comment_status":"","ping_status":"","sticky":false,"template":"","format":"standard","meta":{"footnotes":""},"categories":[2821],"tags":[1111,11,829,1697,1777,674,1011,27,1652,873,12,584,25,7091],"class_list":{"0":"post-316716","1":"post","2":"type-post","3":"status-publish","4":"format-standard","5":"has-post-thumbnail","7":"category-rennes","8":"tag-actu","9":"tag-actualites","10":"tag-bretagne","11":"tag-concert","12":"tag-eu","13":"tag-europe","14":"tag-fr","15":"tag-france","16":"tag-loisirs-culture","17":"tag-musique","18":"tag-news","19":"tag-rennes","20":"tag-republique-francaise","21":"tag-roazhon-park"},"share_on_mastodon":{"url":"https:\/\/pubeurope.com\/@fr\/115022569434238555","error":""},"_links":{"self":[{"href":"https:\/\/www.europesays.com\/fr\/wp-json\/wp\/v2\/posts\/316716","targetHints":{"allow":["GET"]}}],"collection":[{"href":"https:\/\/www.europesays.com\/fr\/wp-json\/wp\/v2\/posts"}],"about":[{"href":"https:\/\/www.europesays.com\/fr\/wp-json\/wp\/v2\/types\/post"}],"author":[{"embeddable":true,"href":"https:\/\/www.europesays.com\/fr\/wp-json\/wp\/v2\/users\/2"}],"replies":[{"embeddable":true,"href":"https:\/\/www.europesays.com\/fr\/wp-json\/wp\/v2\/comments?post=316716"}],"version-history":[{"count":0,"href":"https:\/\/www.europesays.com\/fr\/wp-json\/wp\/v2\/posts\/316716\/revisions"}],"wp:featuredmedia":[{"embeddable":true,"href":"https:\/\/www.europesays.com\/fr\/wp-json\/wp\/v2\/media\/316717"}],"wp:attachment":[{"href":"https:\/\/www.europesays.com\/fr\/wp-json\/wp\/v2\/media?parent=316716"}],"wp:term":[{"taxonomy":"category","embeddable":true,"href":"https:\/\/www.europesays.com\/fr\/wp-json\/wp\/v2\/categories?post=316716"},{"taxonomy":"post_tag","embeddable":true,"href":"https:\/\/www.europesays.com\/fr\/wp-json\/wp\/v2\/tags?post=316716"}],"curies":[{"name":"wp","href":"https:\/\/api.w.org\/{rel}","templated":true}]}}