{"id":316718,"date":"2025-08-13T17:11:14","date_gmt":"2025-08-13T17:11:14","guid":{"rendered":"https:\/\/www.europesays.com\/fr\/316718\/"},"modified":"2025-08-13T17:11:14","modified_gmt":"2025-08-13T17:11:14","slug":"jai-eu-un-petit-craquage-mais-je-reste-motive-parti-de-rennes-a-velo-pour-la-chine-killian-le-guyader-a-bien-failli-tout-lacher","status":"publish","type":"post","link":"https:\/\/www.europesays.com\/fr\/316718\/","title":{"rendered":"\u00ab\u00a0J\u2019ai eu un petit craquage mais je reste motiv\u00e9\u00a0!\u00a0\u00bb\u00a0: parti de Rennes \u00e0 v\u00e9lo pour la Chine, Killian le Guyader a bien failli tout l\u00e2cher"},"content":{"rendered":"<p>Son pari fou dure depuis plus de cinq mois maintenant . ! Kilian Le Guyader, ou plut\u00f4t \u00ab Vagabond breton \u00bb sur les r\u00e9seaux, est parti de Rennes le 5 avril dernier. Son d\u00e9fi ? Rejoindre la Chine \u00e0 v\u00e9lo.<\/p>\n<p>Aux derni\u00e8res nouvelles, les frayeurs s\u2019encha\u00eenent. Ce lundi, le Rennais de 24 ans publiait sur son compte Instagram une vid\u00e9o faisant craindre \u00e0 ses 60 000 abonn\u00e9s que la fin de l\u2019aventure \u00e9tait proche. Il n\u2019en \u00e9tait pourtant rien car le Breton a bien continu\u00e9 son voyage\u2026 Mais seul d\u00e9sormais. Son ami, Trystan, rencontr\u00e9 sur le trajet, a d\u00fb s\u2019arr\u00eater en G\u00e9orgie pour cause de passeport non conforme. Ses vid\u00e9os \u00e9tant publi\u00e9es avec une semaine et demie de d\u00e9calage sur les r\u00e9seaux, Kilian a aujourd\u2019hui d\u00e9pass\u00e9 la Russie et confie que ce probl\u00e8me de passeport a \u00ab tout remis en question ! \u00bb<\/p>\n<p>Des passages \u00e0 vide<\/p>\n<p>Tout portait \u00e0 croire que l\u2019aventure allait s\u2019arr\u00eater, tant les difficult\u00e9s accumul\u00e9es durant le trajet commen\u00e7aient \u00e0 peser. Le Rennais avoue \u00e0 demi-mot avoir d\u00e9j\u00e0 song\u00e9 \u00e0 s\u2019arr\u00eater. \u00ab En G\u00e9orgie, \u00e7a commen\u00e7ait \u00e0 \u00eatre compliqu\u00e9, j\u2019ai eu une grosse baisse de motivation. C\u2019\u00e9tait l\u2019accumulation, \u00e7a faisait 120 jours que j\u2019\u00e9tais parti et je ne voyais plus que le n\u00e9gatif. J\u2019ai fini par craquer. \u00bb<\/p>\n<p>Les jambes du cycliste \u00e9taient lourdes. Une infection du fessier, li\u00e9e \u00e0 sa maladie de Lyme contract\u00e9e lorsqu\u2019il avait 14 ans, n\u2019a rien arrang\u00e9. Aujourd\u2019hui, il assure que \u00able physique, \u00e7a va\u00bb. P<br \/>our autant, des difficult\u00e9s m\u00e9caniques ont compliqu\u00e9 les choses. \u00abC\u2019\u00e9taient des probl\u00e8mes tr\u00e8s difficiles \u00e0 r\u00e9soudre, il n\u2019y avait pas toujours de magasins de v\u00e9los. On a d\u00fb prendre des transports en commun pour avancer parfois\u00bb. Mais l\u00e0 aussi, les ennuis ne sont jamais loin. \u00abUn jour, on s\u2019est fait litt\u00e9ralement envoyer balader par le chef de wagon car on avait des v\u00e9los dans le train!\u00bb, peste Kilian.<\/p>\n<p>Une arrestation en pleine rue<\/p>\n<p>Des anecdotes de ce genre, le breton en ressort par dizaines. Parmi les plus folles, on peut citer cet \u00e9pisode o\u00f9 il s\u2019est retrouv\u00e9 au poste de police apr\u00e8s s\u2019\u00eatre fait arr\u00eater en pleine rue. \u00ab J\u2019\u00e9tais parti faire un vlog et je vois trois policiers dans la rue qui rigolent. J\u2019\u00e9tais persuad\u00e9 que c\u2019\u00e9taient des faux agents car j\u2019en avais beaucoup entendu parler. J\u2019avais un drone et j\u2019avais peur qu\u2019ils me le volent donc je ne me suis pas arr\u00eat\u00e9 au contr\u00f4le d\u2019identit\u00e9. C\u2019\u00e9tait un peu ma faute \u00bb, conc\u00e8de Kilian. \u00ab On s\u2019est fait escorter par la police deux fois au total \u00bb, plaisante-t-il, assurant tout de m\u00eame que tout s\u2019est bien termin\u00e9 \u00e0 chaque fois.<\/p>\n<p>En Turquie, il se souvient aussi cet \u00e9clair tomb\u00e9 \u00e0 seulement dix m\u00e8tres de lui et son compagnon de route : \u00ab J\u2019ai cru qu\u2019on allait mourir, on a senti l\u2019odeur et on a vu la flamme, c\u2019\u00e9tait impressionnant ! \u00bb<\/p>\n<p><img decoding=\"async\" src=\"https:\/\/www.europesays.com\/fr\/wp-content\/uploads\/2025\/08\/689cc66aa1ae11f064087155.1.jpeg\" width=\"480\" height=\"300\" class=\"web_golden_m\" loading=\"lazy\" alt=\"Dans les Cappadoce en Turquie, Kilian est rest\u00e9 trois jours en bivouac dans des \u00ab\u00a0chemin\u00e9es de f\u00e9e\u00a0\u00bb, des grottes troglodytes.\"\/>Dans les Cappadoce en Turquie, Kilian est rest\u00e9 trois jours en bivouac dans des \u00ab\u00a0chemin\u00e9es de f\u00e9e\u00a0\u00bb, des grottes troglodytes. (Kilian le Guyader)Une balade dans le d\u00e9sert<\/p>\n<p>Derri\u00e8re les probl\u00e8mes, le cycliste pr\u00e9f\u00e8re se souvenir du positif. \u00ab J\u2019adore ce voyage, c\u2019est incroyable et pour rien au monde je n\u2019aurais des regrets. \u00bb Et pour cause, le breton a r\u00e9alis\u00e9 un de ses r\u00eaves en dormant trois jours de suite en bivouac dans les Cappadoce turques. \u00ab Tous les matins, il y avait des montgolfi\u00e8res au r\u00e9veil. C\u2019\u00e9tait le plus beau spot de ma vie ! \u00bb Dans le m\u00eame pays, il se souvient avoir roul\u00e9 \u00ab en plein milieu du d\u00e9sert \u00bb.<\/p>\n<p><img decoding=\"async\" src=\"https:\/\/www.europesays.com\/fr\/wp-content\/uploads\/2025\/08\/689cc66a3aa6262fbe006522.1.jpeg\" width=\"480\" height=\"300\" class=\"web_golden_m\" loading=\"lazy\" alt=\"Vagabond Breton cumule pr\u00e8s de 60\u00a0000 abonn\u00e9s sur les r\u00e9seaux sociaux.\"\/>Vagabond Breton cumule pr\u00e8s de 60\u00a0000 abonn\u00e9s sur les r\u00e9seaux sociaux. (Kilian Le Guyader)<\/p>\n<p>Aujourd\u2019hui, il ne lui reste plus que deux mois pour atteindre l\u2019ancien Empire du Milieu. \u00ab Je sais que \u00e7a va changer, le vent tourne ! J\u2019ai eu un petit craquage mais je reste motiv\u00e9 ! \u00bb Maintenant, il ne r\u00eave plus que de sa prochaine \u00e9tape : \u00ab l\u2019Ouzb\u00e9kistan, c\u2019est le pays que j\u2019attends le plus. Arriv\u00e9 l\u00e0-bas, je sais que tout va changer\u2026 \u00bb<\/p>\n","protected":false},"excerpt":{"rendered":"Son pari fou dure depuis plus de cinq mois maintenant . ! Kilian Le Guyader, ou plut\u00f4t \u00ab&hellip;\n","protected":false},"author":2,"featured_media":316719,"comment_status":"","ping_status":"","sticky":false,"template":"","format":"standard","meta":{"footnotes":""},"categories":[2821],"tags":[1111,11,829,765,1777,674,1011,27,848,12,584,25],"class_list":{"0":"post-316718","1":"post","2":"type-post","3":"status-publish","4":"format-standard","5":"has-post-thumbnail","7":"category-rennes","8":"tag-actu","9":"tag-actualites","10":"tag-bretagne","11":"tag-en-continu","12":"tag-eu","13":"tag-europe","14":"tag-fr","15":"tag-france","16":"tag-ille-et-vilaine","17":"tag-news","18":"tag-rennes","19":"tag-republique-francaise"},"share_on_mastodon":{"url":"https:\/\/pubeurope.com\/@fr\/115022573340414074","error":""},"_links":{"self":[{"href":"https:\/\/www.europesays.com\/fr\/wp-json\/wp\/v2\/posts\/316718","targetHints":{"allow":["GET"]}}],"collection":[{"href":"https:\/\/www.europesays.com\/fr\/wp-json\/wp\/v2\/posts"}],"about":[{"href":"https:\/\/www.europesays.com\/fr\/wp-json\/wp\/v2\/types\/post"}],"author":[{"embeddable":true,"href":"https:\/\/www.europesays.com\/fr\/wp-json\/wp\/v2\/users\/2"}],"replies":[{"embeddable":true,"href":"https:\/\/www.europesays.com\/fr\/wp-json\/wp\/v2\/comments?post=316718"}],"version-history":[{"count":0,"href":"https:\/\/www.europesays.com\/fr\/wp-json\/wp\/v2\/posts\/316718\/revisions"}],"wp:featuredmedia":[{"embeddable":true,"href":"https:\/\/www.europesays.com\/fr\/wp-json\/wp\/v2\/media\/316719"}],"wp:attachment":[{"href":"https:\/\/www.europesays.com\/fr\/wp-json\/wp\/v2\/media?parent=316718"}],"wp:term":[{"taxonomy":"category","embeddable":true,"href":"https:\/\/www.europesays.com\/fr\/wp-json\/wp\/v2\/categories?post=316718"},{"taxonomy":"post_tag","embeddable":true,"href":"https:\/\/www.europesays.com\/fr\/wp-json\/wp\/v2\/tags?post=316718"}],"curies":[{"name":"wp","href":"https:\/\/api.w.org\/{rel}","templated":true}]}}