{"id":316728,"date":"2025-08-13T17:16:13","date_gmt":"2025-08-13T17:16:13","guid":{"rendered":"https:\/\/www.europesays.com\/fr\/316728\/"},"modified":"2025-08-13T17:16:13","modified_gmt":"2025-08-13T17:16:13","slug":"le-corps-dun-homme-de-41-ans-repeche-dans-la-loire-par-les-pompiers","status":"publish","type":"post","link":"https:\/\/www.europesays.com\/fr\/316728\/","title":{"rendered":"le corps d&rsquo;un homme de 41 ans rep\u00each\u00e9 dans la Loire par les pompiers"},"content":{"rendered":"<p>            Par<br \/>\n        <strong><br \/>\n            <a href=\"https:\/\/actu.fr\/auteur\/emma-derome\" title=\"Consulter tous les articles de Emma Derome\" rel=\"nofollow noopener\" target=\"_blank\">Emma Derome<\/a><br \/>\n        <\/strong><\/p>\n<p>        Publi\u00e9 le<\/p>\n<p>            13 ao\u00fbt 2025 \u00e0 18h25        <\/p>\n<p>Une terrible d\u00e9couverte, ce mercredi 13 ao\u00fbt, en plein c\u0153ur de Nantes. Peu apr\u00e8s 16 heures, les sapeurs-pompiers sont intervenus pour <strong>r\u00e9cup\u00e9rer un corps retrouv\u00e9 flottant dans la Loire<\/strong>.<\/p>\n<p class=\" wall-content\">L\u2019op\u00e9ration s\u2019est d\u00e9roul\u00e9e au niveau du pont G\u00e9n\u00e9ral-Audibert, entre la chauss\u00e9e de la Madeleine et le boulevard des Martyrs Nantais de la R\u00e9sistance, sur l\u2019\u00eele de Nantes. L\u2019homme rep\u00each\u00e9 est <strong>\u00e2g\u00e9 de 41\u00a0ans<\/strong>, selon les pompiers. On ignore encore les circonstances du drame.<\/p>\n<p class=\" wall-content\">Suivez toute l\u2019actualit\u00e9 de vos villes et m\u00e9dias favoris en vous inscrivant \u00e0 <a href=\"https:\/\/moncompte.actu.fr\" title=\"D\u00e9couvez Mon Actu\" rel=\"nofollow noopener\" data-trk=\"{&quot;cta&quot;:{&quot;action&quot;:&quot;https:\\\/\\\/moncompte.actu.fr&quot;,&quot;category&quot;:&quot;mon compte&quot;,&quot;from&quot;:&quot;article footer&quot;,&quot;name&quot;:&quot;Mon actu&quot;,&quot;type&quot;:&quot;cta&quot;}}\" target=\"_blank\">Mon Actu<\/a>.<\/p>\n","protected":false},"excerpt":{"rendered":"Par Emma Derome Publi\u00e9 le 13 ao\u00fbt 2025 \u00e0 18h25 Une terrible d\u00e9couverte, ce mercredi 13 ao\u00fbt, en&hellip;\n","protected":false},"author":2,"featured_media":316729,"comment_status":"","ping_status":"","sticky":false,"template":"","format":"standard","meta":{"footnotes":""},"categories":[2818],"tags":[1111,11,1777,674,1011,27,3367,766,12,2636,1311,25,104],"class_list":{"0":"post-316728","1":"post","2":"type-post","3":"status-publish","4":"format-standard","5":"has-post-thumbnail","7":"category-nantes","8":"tag-actu","9":"tag-actualites","10":"tag-eu","11":"tag-europe","12":"tag-fr","13":"tag-france","14":"tag-loire","15":"tag-nantes","16":"tag-news","17":"tag-pays-de-la-loire","18":"tag-pompiers","19":"tag-republique-francaise","20":"tag-societe"},"share_on_mastodon":{"url":"https:\/\/pubeurope.com\/@fr\/115022593076291552","error":""},"_links":{"self":[{"href":"https:\/\/www.europesays.com\/fr\/wp-json\/wp\/v2\/posts\/316728","targetHints":{"allow":["GET"]}}],"collection":[{"href":"https:\/\/www.europesays.com\/fr\/wp-json\/wp\/v2\/posts"}],"about":[{"href":"https:\/\/www.europesays.com\/fr\/wp-json\/wp\/v2\/types\/post"}],"author":[{"embeddable":true,"href":"https:\/\/www.europesays.com\/fr\/wp-json\/wp\/v2\/users\/2"}],"replies":[{"embeddable":true,"href":"https:\/\/www.europesays.com\/fr\/wp-json\/wp\/v2\/comments?post=316728"}],"version-history":[{"count":0,"href":"https:\/\/www.europesays.com\/fr\/wp-json\/wp\/v2\/posts\/316728\/revisions"}],"wp:featuredmedia":[{"embeddable":true,"href":"https:\/\/www.europesays.com\/fr\/wp-json\/wp\/v2\/media\/316729"}],"wp:attachment":[{"href":"https:\/\/www.europesays.com\/fr\/wp-json\/wp\/v2\/media?parent=316728"}],"wp:term":[{"taxonomy":"category","embeddable":true,"href":"https:\/\/www.europesays.com\/fr\/wp-json\/wp\/v2\/categories?post=316728"},{"taxonomy":"post_tag","embeddable":true,"href":"https:\/\/www.europesays.com\/fr\/wp-json\/wp\/v2\/tags?post=316728"}],"curies":[{"name":"wp","href":"https:\/\/api.w.org\/{rel}","templated":true}]}}