{"id":31673,"date":"2025-04-17T12:38:07","date_gmt":"2025-04-17T12:38:07","guid":{"rendered":"https:\/\/www.europesays.com\/fr\/31673\/"},"modified":"2025-04-17T12:38:07","modified_gmt":"2025-04-17T12:38:07","slug":"renaturer-le-parc-maison-blanche-a-lheure-du-changement-climatique","status":"publish","type":"post","link":"https:\/\/www.europesays.com\/fr\/31673\/","title":{"rendered":"Renaturer le parc Maison-Blanche \u00e0 l\u2019heure du changement climatique"},"content":{"rendered":"<p>Comme les autres jardiniers de la Ville de Marseille, Bernard doit prendre de nouvelles habitudes. Les tapis de fleurs \u00e0 \u00e9closion bi-annuelle, color\u00e9es mais gourmandes en eau, ont fait place \u00e0 des massifs m\u00e9diterran\u00e9ens de vivaces \u00e0 floraison spontan\u00e9e. \u00ab\u00a0C\u2019est bien plus \u00e9conome en arrosage, d\u00e9taille le jardinier. On arrache certaines mauvaises herbes, on garde celles qui pr\u00e9sentent un int\u00e9r\u00eat et le tapis en li\u00e8ge conserve la chaleur l\u2019hiver et un peu de fra\u00eecheur l\u2019\u00e9t\u00e9\u2026\u00a0\u00bb Comme sur cet espace, c\u2019est une gestion \u00ab\u00a0pragmatique\u00a0\u00bb qu\u2019a choisie la municipalit\u00e9 par la r\u00e9novation du <a href=\"https:\/\/www.laprovence.com\/article\/societe\/43696172006535\/a-maison-blanche-le-souvenir-eternel-de-charles-aznavour\" target=\"_blank\" rel=\"noopener\">parc de la Maison Blanche &#8211; Charles Aznavour<\/a> (9e).<\/p>\n<p>Une \u00ab\u00a0renaturation\u00a0\u00bb \u00e0 275\u00a0000\u00a0euros qui va s\u2019\u00e9tendre jusqu\u2019\u00e0\u00a02028 et doit permettre \u00ab\u00a0l\u2019embellissement et l\u2019am\u00e9lioration du cadre de vie\u00a0\u00bb attendus par les usagers mais aussi de \u00ab\u00a0faire face au changement climatique\u00a0\u00bb en favorisant \u00ab\u00a0une gestion durable de l\u2019eau, la pr\u00e9servation des arbres existants et de la biodiversit\u00e9\u00a0\u00bb. Le site profite \u00e9galement du <a href=\"https:\/\/www.laprovence.com\/article\/region\/90283879775168\/nouveaux-parcs-et-jardins-arrosage-connecte-un-plan-arbres-plus-ambitieux-a-marseille\" target=\"_blank\" rel=\"noopener\">\u00ab\u00a0plan arbres\u00a0\u00bb engag\u00e9 par la Ville<\/a> (qui table sur la plantation de plus de 300\u00a0000 sp\u00e9cimens d\u2019ici 2029), avec 90 arbres et 500 arbustes d\u00e9j\u00e0 plant\u00e9s.<\/p>\n","protected":false},"excerpt":{"rendered":"Comme les autres jardiniers de la Ville de Marseille, Bernard doit prendre de nouvelles habitudes. Les tapis de&hellip;\n","protected":false},"author":2,"featured_media":31674,"comment_status":"","ping_status":"","sticky":false,"template":"","format":"standard","meta":{"footnotes":""},"categories":[2814],"tags":[17,1111,11,154,10740,1777,674,1011,27,78,884,12,1113,153,471,882,16,25,10741],"class_list":{"0":"post-31673","1":"post","2":"type-post","3":"status-publish","4":"format-standard","5":"has-post-thumbnail","7":"category-marseille","8":"tag-17","9":"tag-actu","10":"tag-actualites","11":"tag-des","12":"tag-especes","13":"tag-eu","14":"tag-europe","15":"tag-fr","16":"tag-france","17":"tag-maison-blanche","18":"tag-marseille","19":"tag-news","20":"tag-nouvelles","21":"tag-parc","22":"tag-pour","23":"tag-provence-alpes-cote-dazur","24":"tag-region","25":"tag-republique-francaise","26":"tag-resister"},"share_on_mastodon":{"url":"https:\/\/pubeurope.com\/@fr\/114353347201915396","error":""},"_links":{"self":[{"href":"https:\/\/www.europesays.com\/fr\/wp-json\/wp\/v2\/posts\/31673","targetHints":{"allow":["GET"]}}],"collection":[{"href":"https:\/\/www.europesays.com\/fr\/wp-json\/wp\/v2\/posts"}],"about":[{"href":"https:\/\/www.europesays.com\/fr\/wp-json\/wp\/v2\/types\/post"}],"author":[{"embeddable":true,"href":"https:\/\/www.europesays.com\/fr\/wp-json\/wp\/v2\/users\/2"}],"replies":[{"embeddable":true,"href":"https:\/\/www.europesays.com\/fr\/wp-json\/wp\/v2\/comments?post=31673"}],"version-history":[{"count":0,"href":"https:\/\/www.europesays.com\/fr\/wp-json\/wp\/v2\/posts\/31673\/revisions"}],"wp:featuredmedia":[{"embeddable":true,"href":"https:\/\/www.europesays.com\/fr\/wp-json\/wp\/v2\/media\/31674"}],"wp:attachment":[{"href":"https:\/\/www.europesays.com\/fr\/wp-json\/wp\/v2\/media?parent=31673"}],"wp:term":[{"taxonomy":"category","embeddable":true,"href":"https:\/\/www.europesays.com\/fr\/wp-json\/wp\/v2\/categories?post=31673"},{"taxonomy":"post_tag","embeddable":true,"href":"https:\/\/www.europesays.com\/fr\/wp-json\/wp\/v2\/tags?post=31673"}],"curies":[{"name":"wp","href":"https:\/\/api.w.org\/{rel}","templated":true}]}}