{"id":316730,"date":"2025-08-13T17:17:13","date_gmt":"2025-08-13T17:17:13","guid":{"rendered":"https:\/\/www.europesays.com\/fr\/316730\/"},"modified":"2025-08-13T17:17:13","modified_gmt":"2025-08-13T17:17:13","slug":"trois-jeunes-places-en-garde-a-vue-pour-tentative-de-meurtre","status":"publish","type":"post","link":"https:\/\/www.europesays.com\/fr\/316730\/","title":{"rendered":"trois jeunes plac\u00e9s en garde \u00e0 vue pour tentative de meurtre"},"content":{"rendered":"<p>Un mineur de 17 ans a \u00e9t\u00e9 violemment agress\u00e9 lundi pr\u00e8s d\u2019un point de deal. Trois jeunes suspect\u00e9s de l\u2019avoir rou\u00e9 de coups ont \u00e9t\u00e9 retrouv\u00e9s, tandis que les auteurs des tirs restent recherch\u00e9s. Victimes et mis en cause sont connus de la justice.<\/p>\n<p class=\"fig-paragraph\">Un\u00a0<a href=\"http:\/\/www.lefigaro.fr\/nantes\/nantes-un-blesse-par-balle-et-trois-interpellations-apres-des-coups-de-feu-tires-en-fin-de-matinee-20250811\" target=\"_blank\" data-fig-type=\"NewsFlash\" rel=\"noopener\" data-gtm-custom-categorie=\"navigation\" data-gtm-custom-action=\"crossclick\" data-gtm-custom-label=\"Contextuel\" data-gtm-event=\"customEventSPE\" data-fig-domain=\"LEFIGARO\">mineur a \u00e9t\u00e9 bless\u00e9<\/a>\u00a0par balle lundi matin, \u00e0\u00a0<a href=\"http:\/\/www.lefigaro.fr\/nantes\/on-a-failli-avoir-des-collegues-tues-pres-de-nantes-un-chauffard-tente-d-ecraser-des-policiers-lors-d-une-course-poursuite-20250812\" target=\"_blank\" data-fig-type=\"NewsFlash\" rel=\"noopener\" data-gtm-custom-categorie=\"navigation\" data-gtm-custom-action=\"crossclick\" data-gtm-custom-label=\"Contextuel\" data-gtm-event=\"customEventSPE\" data-fig-domain=\"LEFIGARO\">Nantes<\/a>. Dans le quartier Pirmil o\u00f9 des tirs avaient d\u00e9j\u00e0 r\u00e9sonn\u00e9 deux jours auparavant, ce jeune homme de 17 ans, d\u00e9j\u00e0 connu des autorit\u00e9s polici\u00e8res et judiciaires, a \u00e9t\u00e9 \u00abvictime d\u2019une agression alors qu\u2019il se trouvait dans un parc\u00bb indique ce mercredi le procureur de la R\u00e9publique de Nantes, Antoine Leroy. Dans un communiqu\u00e9, il revient sur le d\u00e9roul\u00e9 des faits, alors que trois auteurs en lien avec cette violente sc\u00e8ne ont \u00e9t\u00e9 pr\u00e9sent\u00e9s au parquet dans la matin\u00e9e, d\u2019apr\u00e8s une information de\u00a0<a href=\"https:\/\/www.ouest-france.fr\/societe\/justice\/blesse-par-balle-pres-de-nantes-trois-hommes-devant-le-juge-pour-tentative-de-meurtre-0f81b842-782d-11f0-86b5-962552fd955f\" target=\"_blank\" rel=\"noopener\" data-gtm-custom-categorie=\"navigation\" data-gtm-custom-action=\"crossclick\" data-gtm-custom-label=\"Contextuel\" data-gtm-event=\"customEventSPE\">Presse Oc\u00e9an<\/a> .<\/p>\n<p class=\"fig-paragraph\">Lundi vers 11h30, deux jeunes circulant \u00e0 trottinette ont d\u2019abord tir\u00e9 sur l\u2019adolescent \u00abavec une arme de poing, une balle lui traversant le mollet\u00bb, rapporte le magistrat. \u00c0 l\u2019arriv\u00e9e de la police, les auteurs de ce forfait avaient pris la fuite, dont l\u2019un \u00e0 la nage, le quartier Pirmil se trouvant en bordure de la Loire. En revanche, les fonctionnaires ont pu interpeller trois jeunes d\u2019une vingtaine d\u2019ann\u00e9es, suspect\u00e9s d\u2019avoir, dans un second temps, donn\u00e9 \u00e0 la victime des coups de poing et de couteau. Transport\u00e9 au CHU, le mineur a en effet \u00e9t\u00e9 bless\u00e9 \u00abau cuir chevelu, au visage, sur le thorax et \u00e0 la cuisse sans pronostic vital engag\u00e9\u00bb.<\/p>\n<p>                                    <a class=\"fig-a11y-skip a11y-hidden\" href=\"#fig-a11y-skip-main-inarticle\"><br \/>\n        Passer la publicit\u00e9<br \/>\n    <\/a><\/p>\n<p>R\u00e8glement de comptes li\u00e9 au trafic de drogue<\/p>\n<p class=\"fig-paragraph\">Ces trois interpell\u00e9s de 20, 23 et 24 ans, eux aussi connus des services de police et de la justice, ont \u00e9t\u00e9 plac\u00e9s en garde \u00e0 vue. D\u2019apr\u00e8s les premiers \u00e9l\u00e9ments et t\u00e9moignages, \u00abil apparaissait clairement que les violences ainsi commises, dans un contexte de r\u00e8glement de comptes li\u00e9 \u00e0 un trafic de produits stup\u00e9fiants localis\u00e9 sur un point de deal tout proche, caract\u00e9risaient les faits de tentative de meurtre pouvant \u00eatre reproch\u00e9s \u00e0 ces derniers\u00bb, indique le procureur nantais. Ce mercredi, le parquet a ainsi saisi le juge d\u2019instruction et requis leur placement en d\u00e9tention provisoire. Les investigations vont se poursuivre, notamment pour retrouver les deux fuyards \u00e0 l\u2019origine des coups de feu.<\/p>\n","protected":false},"excerpt":{"rendered":"Un mineur de 17 ans a \u00e9t\u00e9 violemment agress\u00e9 lundi pr\u00e8s d\u2019un point de deal. Trois jeunes suspect\u00e9s&hellip;\n","protected":false},"author":2,"featured_media":316731,"comment_status":"","ping_status":"","sticky":false,"template":"","format":"standard","meta":{"footnotes":""},"categories":[2818],"tags":[1111,11,5143,1777,674,1011,27,3832,766,12,2636,25],"class_list":{"0":"post-316730","1":"post","2":"type-post","3":"status-publish","4":"format-standard","5":"has-post-thumbnail","7":"category-nantes","8":"tag-actu","9":"tag-actualites","10":"tag-coups-de-feu","11":"tag-eu","12":"tag-europe","13":"tag-fr","14":"tag-france","15":"tag-fusillade","16":"tag-nantes","17":"tag-news","18":"tag-pays-de-la-loire","19":"tag-republique-francaise"},"share_on_mastodon":{"url":"https:\/\/pubeurope.com\/@fr\/115022596922492010","error":""},"_links":{"self":[{"href":"https:\/\/www.europesays.com\/fr\/wp-json\/wp\/v2\/posts\/316730","targetHints":{"allow":["GET"]}}],"collection":[{"href":"https:\/\/www.europesays.com\/fr\/wp-json\/wp\/v2\/posts"}],"about":[{"href":"https:\/\/www.europesays.com\/fr\/wp-json\/wp\/v2\/types\/post"}],"author":[{"embeddable":true,"href":"https:\/\/www.europesays.com\/fr\/wp-json\/wp\/v2\/users\/2"}],"replies":[{"embeddable":true,"href":"https:\/\/www.europesays.com\/fr\/wp-json\/wp\/v2\/comments?post=316730"}],"version-history":[{"count":0,"href":"https:\/\/www.europesays.com\/fr\/wp-json\/wp\/v2\/posts\/316730\/revisions"}],"wp:featuredmedia":[{"embeddable":true,"href":"https:\/\/www.europesays.com\/fr\/wp-json\/wp\/v2\/media\/316731"}],"wp:attachment":[{"href":"https:\/\/www.europesays.com\/fr\/wp-json\/wp\/v2\/media?parent=316730"}],"wp:term":[{"taxonomy":"category","embeddable":true,"href":"https:\/\/www.europesays.com\/fr\/wp-json\/wp\/v2\/categories?post=316730"},{"taxonomy":"post_tag","embeddable":true,"href":"https:\/\/www.europesays.com\/fr\/wp-json\/wp\/v2\/tags?post=316730"}],"curies":[{"name":"wp","href":"https:\/\/api.w.org\/{rel}","templated":true}]}}