{"id":316736,"date":"2025-08-13T17:20:09","date_gmt":"2025-08-13T17:20:09","guid":{"rendered":"https:\/\/www.europesays.com\/fr\/316736\/"},"modified":"2025-08-13T17:20:09","modified_gmt":"2025-08-13T17:20:09","slug":"trafic-dense-attendu-sur-les-autoroutes-de-toulouse-pour-le-week-end-du-15-aout-les-horaires-a-eviter","status":"publish","type":"post","link":"https:\/\/www.europesays.com\/fr\/316736\/","title":{"rendered":"Trafic dense attendu sur les autoroutes de Toulouse pour le week-end du 15 ao\u00fbt : les horaires \u00e0 \u00e9viter"},"content":{"rendered":"<p>            Par<br \/>\n        <strong><br \/>\n            <a href=\"https:\/\/actu.fr\/auteur\/nina-hossein-zadeh\" title=\"Consulter tous les articles de Nina Hossein-Zadeh\" target=\"_blank\" rel=\"noopener\">Nina Hossein-Zadeh<\/a><br \/>\n        <\/strong><\/p>\n<p>        Publi\u00e9 le<\/p>\n<p>            13 ao\u00fbt 2025 \u00e0 18h37        <\/p>\n<p>Le week-end prolong\u00e9 du 15\u00a0ao\u00fbt s\u2019annonce particuli\u00e8rement compliqu\u00e9 sur les routes fran\u00e7aises. Selon<strong> VINCI Autoroutes<\/strong>, la circulation sera dense d\u00e8s le jeudi 14 ao\u00fbt et jusqu\u2019au lundi 18 ao\u00fbt 2025, dans les deux sens, avec un pic attendu dans le sens des retours.<a href=\"https:\/\/actu.fr\/occitanie\/toulouse_31555\/fortes-rafales-et-risque-de-grele-la-haute-garonne-bascule-en-alerte-orange-aux-orages-et-a-la-canicule_63030054.html\" target=\"_blank\" rel=\"noopener\"><strong>Canicule persistante<\/strong><\/a> et risque \u00e9lev\u00e9 d\u2019incendie viendront compliquer encore davantage les trajets. <a href=\"https:\/\/actu.fr\/toulouse\/\" target=\"_blank\" rel=\"noopener\"><strong>Toulouse<\/strong><\/a> ne sera donc pas exempt de bouchons sous le soleil br\u00fblant\u2009!<\/p>\n<p>Au d\u00e9part de Toulouse, vers Narbonne<\/p>\n<p class=\" wall-content\">Si les principaux points noirs se concentreront dans la vall\u00e9e du Rh\u00f4ne, sur la fa\u00e7ade atlantique et le pourtour m\u00e9diterran\u00e9en, Toulouse ne sera pas \u00e9pargn\u00e9e.<strong> Sur l\u2019A61, axe strat\u00e9gique entre la Ville rose et Narbonne<\/strong>, de fortes perturbations sont annonc\u00e9es dans les deux sens.<\/p>\n<p class=\" wall-content\">En direction de Narbonne, les p\u00e9riodes les plus charg\u00e9es seront\u2009:<\/p>\n<ul class=\" wall-content\">\n<li>Jeudi 14\u00a0ao\u00fbt\u2009: 10h-12h et 14h-20h<\/li>\n<li>Vendredi 15\u00a0ao\u00fbt\u2009: 10h-13h<\/li>\n<li>Samedi 16\u00a0ao\u00fbt\u2009: 8h-19h<\/li>\n<li>Dimanche 17\u00a0ao\u00fbt\u2009: 10h-17h<\/li>\n<li>Lundi 18\u00a0ao\u00fbt\u2009: 10h-17h<\/li>\n<\/ul>\n<p>Les vacanciers font leur retour \u00e0 Toulouse<\/p>\n<p class=\" wall-content\">S\u2019il y aura des bouchons dans le sens des d\u00e9parts, ils seront aussi nombreux dans le sens des retours. En direction de Toulouse, il faudra \u00e9galement s\u2019armer de patience. <strong>VINCI Autoroutes pr\u00e9voit \u00ab\u2009un trafic dense\u2009\u00bb sur ces tranches horaires<\/strong>\u2009:<\/p>\n<p>Vid\u00e9os : en ce moment sur Actu<\/p>\n<ul class=\" wall-content\">\n<li>Vendredi 15\u00a0ao\u00fbt\u2009: 10h-17h<\/li>\n<li>Samedi 16\u00a0ao\u00fbt\u2009: 9h-18h<\/li>\n<li>Dimanche 17\u00a0ao\u00fbt\u2009: 10h-20h<\/li>\n<li>Lundi 18\u00a0ao\u00fbt\u2009: 10h-18h<\/li>\n<\/ul>\n<p class=\" wall-content\">Il est recommand\u00e9 d\u2019\u00e9viter ces cr\u00e9neaux si possible, et de se pr\u00e9parer \u00e0 affronter de fortes chaleurs sur la route en pr\u00e9voyant de l\u2019eau en quantit\u00e9, des v\u00eatements l\u00e9gers et en multipliant les pauses. La vigilance est aussi de mise face au risque d\u2019incendie, notamment en proscrivant tout jet de m\u00e9got par la fen\u00eatre.<\/p>\n<p class=\" wall-content\">Suivez toute l\u2019actualit\u00e9 de vos villes et m\u00e9dias favoris en vous inscrivant \u00e0 <a href=\"https:\/\/moncompte.actu.fr\" title=\"D\u00e9couvez Mon Actu\" rel=\"nofollow noopener\" data-trk=\"{&quot;cta&quot;:{&quot;action&quot;:&quot;https:\\\/\\\/moncompte.actu.fr&quot;,&quot;category&quot;:&quot;mon compte&quot;,&quot;from&quot;:&quot;article footer&quot;,&quot;name&quot;:&quot;Mon actu&quot;,&quot;type&quot;:&quot;cta&quot;}}\" target=\"_blank\">Mon Actu<\/a>.<\/p>\n<ul class=\"ac-article-tag wall-content\">\n<li><a href=\"https:\/\/actu.fr\/tag\/info-trafic\" data-trk=\"{&quot;cta&quot;:{&quot;action&quot;:&quot;Info trafic&quot;,&quot;category&quot;:&quot;tag&quot;,&quot;from&quot;:&quot;article footer&quot;,&quot;name&quot;:&quot;Info trafic&quot;,&quot;type&quot;:&quot;cta&quot;}}\" target=\"_blank\" rel=\"noopener\">#Info trafic<\/a><\/li>\n<li><a href=\"https:\/\/actu.fr\/tag\/vacances-scolaires\" data-trk=\"{&quot;cta&quot;:{&quot;action&quot;:&quot;Vacances scolaires&quot;,&quot;category&quot;:&quot;tag&quot;,&quot;from&quot;:&quot;article footer&quot;,&quot;name&quot;:&quot;Vacances scolaires&quot;,&quot;type&quot;:&quot;cta&quot;}}\" target=\"_blank\" rel=\"noopener\">#Vacances scolaires<\/a><\/li>\n<\/ul>\n","protected":false},"excerpt":{"rendered":"Par Nina Hossein-Zadeh Publi\u00e9 le 13 ao\u00fbt 2025 \u00e0 18h37 Le week-end prolong\u00e9 du 15\u00a0ao\u00fbt s\u2019annonce particuli\u00e8rement compliqu\u00e9&hellip;\n","protected":false},"author":2,"featured_media":150528,"comment_status":"","ping_status":"","sticky":false,"template":"","format":"standard","meta":{"footnotes":""},"categories":[2816],"tags":[1111,11,1777,674,1011,27,803,12,2680,25,104,2312,3176],"class_list":{"0":"post-316736","1":"post","2":"type-post","3":"status-publish","4":"format-standard","5":"has-post-thumbnail","7":"category-toulouse","8":"tag-actu","9":"tag-actualites","10":"tag-eu","11":"tag-europe","12":"tag-fr","13":"tag-france","14":"tag-info-trafic","15":"tag-news","16":"tag-occitanie","17":"tag-republique-francaise","18":"tag-societe","19":"tag-toulouse","20":"tag-vacances-scolaires"},"share_on_mastodon":{"url":"https:\/\/pubeurope.com\/@fr\/115022608828885817","error":""},"_links":{"self":[{"href":"https:\/\/www.europesays.com\/fr\/wp-json\/wp\/v2\/posts\/316736","targetHints":{"allow":["GET"]}}],"collection":[{"href":"https:\/\/www.europesays.com\/fr\/wp-json\/wp\/v2\/posts"}],"about":[{"href":"https:\/\/www.europesays.com\/fr\/wp-json\/wp\/v2\/types\/post"}],"author":[{"embeddable":true,"href":"https:\/\/www.europesays.com\/fr\/wp-json\/wp\/v2\/users\/2"}],"replies":[{"embeddable":true,"href":"https:\/\/www.europesays.com\/fr\/wp-json\/wp\/v2\/comments?post=316736"}],"version-history":[{"count":0,"href":"https:\/\/www.europesays.com\/fr\/wp-json\/wp\/v2\/posts\/316736\/revisions"}],"wp:featuredmedia":[{"embeddable":true,"href":"https:\/\/www.europesays.com\/fr\/wp-json\/wp\/v2\/media\/150528"}],"wp:attachment":[{"href":"https:\/\/www.europesays.com\/fr\/wp-json\/wp\/v2\/media?parent=316736"}],"wp:term":[{"taxonomy":"category","embeddable":true,"href":"https:\/\/www.europesays.com\/fr\/wp-json\/wp\/v2\/categories?post=316736"},{"taxonomy":"post_tag","embeddable":true,"href":"https:\/\/www.europesays.com\/fr\/wp-json\/wp\/v2\/tags?post=316736"}],"curies":[{"name":"wp","href":"https:\/\/api.w.org\/{rel}","templated":true}]}}