{"id":316739,"date":"2025-08-13T17:22:10","date_gmt":"2025-08-13T17:22:10","guid":{"rendered":"https:\/\/www.europesays.com\/fr\/316739\/"},"modified":"2025-08-13T17:22:10","modified_gmt":"2025-08-13T17:22:10","slug":"lille-un-jeune-couple-juge-pour-proxenetisme-aggrave-sur-des-mineures-de-14-et-16-ans","status":"publish","type":"post","link":"https:\/\/www.europesays.com\/fr\/316739\/","title":{"rendered":"Lille. Un jeune couple jug\u00e9 pour prox\u00e9n\u00e9tisme aggrav\u00e9 sur des mineures de 14 et 16 ans"},"content":{"rendered":"<p>            Par<br \/>\n        <strong><br \/>\n            <a href=\"https:\/\/actu.fr\/auteur\/bastien-grossin\" title=\"Consulter tous les articles de Bastien Grossin\" target=\"_blank\" rel=\"noopener\">Bastien Grossin<\/a><br \/>\n        <\/strong><\/p>\n<p>        Publi\u00e9 le<\/p>\n<p>            13 ao\u00fbt 2025 \u00e0 17h30        <\/p>\n<p>C\u2019est une affaire pour le moins sordide qui \u00e9tait jug\u00e9e au tribunal de <a href=\"https:\/\/actu.fr\/tag\/lille\" target=\"_blank\" rel=\"noopener\">Lille<\/a> (Nord) le <b>mardi 5 ao\u00fbt<\/b>. Il est 19\u2009h quand l\u2019audience s\u2019ouvre. \u00c0 la barre, deux jeunes pr\u00e9venus, en couple au moment des faits, comparaissent pour <a href=\"https:\/\/actu.fr\/hauts-de-france\/roubaix_59512\/lille-age-de-18-ans-il-prostituait-deux-filles-de-16-et-17-ans-lune-delles-etait-sa-petite-amie_62911009.html\" target=\"_blank\" rel=\"noopener\">prox\u00e9n\u00e9tisme <\/a>aggrav\u00e9. La jeune femme, n\u00e9e en 2004, et le jeune homme, n\u00e9 en 2006, sont accus\u00e9s d\u2019avoir organis\u00e9 et facilit\u00e9 la<b> prostitution d\u2019adolescentes mineures<\/b> entre avril et mai 2025, dans diff\u00e9rents logements lou\u00e9s \u00e0 <b>Lille, Tourcoing et Mons-en-Bar\u0153ul<\/b>. Dans le box, ils baissent les yeux. Elle, le regard dans le vide, r\u00e9pond par des phrases laconiques\u2009: \u00ab\u2009\u00c7a me d\u00e9go\u00fbte\u2009\u00bb, \u00ab\u2009Je ne sais pas comment j\u2019ai pu laisser faire \u00e7a.\u2009\u00bb Lui, essaie d\u2019expliquer ses actes et nie une partie des faits et parle d\u2019un \u00ab\u2009engrenage\u2009\u00bb dans lequel il se serait retrouv\u00e9.<\/p>\n<p>\u00ab\u2009Je les ai aid\u00e9es \u00e0 se prostituer\u2026 Donc oui, je suis un prox\u00e9n\u00e8te.\u2009\u00bb<\/p>\n<p class=\" wall-content\">Il aura fallu pr\u00e8s de <b>cinq heures d\u2019audience<\/b>, de justifications, de r\u00e9ponses au compte-goutte et de questions relanc\u00e9es pour reconstituer le r\u00e9cit, particuli\u00e8rement complexe. Quand ils sont arr\u00eat\u00e9s le <b>26\u00a0mai 2025<\/b>, les jeunes adultes comprennent que c\u2019est grave. Mais pour eux, le mot \u00ab\u2009prox\u00e9n\u00e8te\u2009\u00bb sonne trop fort, trop important. \u00c0 la barre, ils disent n\u2019avoir \u00ab\u2009rien organis\u00e9\u2009\u00bb, n\u2019avoir fait que \u00ab\u2009fr\u00e9quenter deux filles qui se prostituaient\u2009\u00bb et d\u2019avoir profit\u00e9 de la situation. C\u2019est seulement apr\u00e8s un rappel sur la d\u00e9finition du d\u00e9lit que l\u2019homme \u00e2g\u00e9 de 20\u00a0ans explique\u2009: \u00ab\u2009Indirectement, je les ai aid\u00e9es \u00e0 se prostituer\u2026 Donc oui, je suis un prox\u00e9n\u00e8te.\u2009\u00bb Pourtant, le tribunal ne semble pas adh\u00e9rer \u00e0 cette version et reproche une minimisation des faits.<\/p>\n<p>Retours sur les faits<\/p>\n<p class=\" wall-content\">Pour comprendre cette affaire, il faut remonter<b> au d\u00e9but du mois de mars<\/b>. \u00c0 ce moment-l\u00e0, la pr\u00e9venue poste une annonce sur un site d\u2019escorte et commence \u00e0 se prostituer. Rapidement, elle fugue et rencontre celui qui va devenir son petit ami, qui va la convaincre d\u2019arr\u00eater. \u00ab\u2009Il n\u2019aimait pas que je fasse \u00e7a\u2009\u00bb, confie la jeune femme \u00e0 la barre. Pour autant, l\u2019annonce post\u00e9e sur le site ne dispara\u00eet pas du site. Au contraire, elle va avoir un tout autre r\u00f4le\u2009: prostituer des mineurs.<\/p>\n<p class=\" wall-content\">Le<b> 17 mai 2025<\/b>, deux adolescentes \u00e2g\u00e9es de 16 ans qui avaient disparu depuis un mois environ r\u00e9apparaissent chez la m\u00e8re d\u2019une d\u2019entre elles. Elles expliquent avoir \u00e9t\u00e9 s\u00e9questr\u00e9es par deux jeunes adultes et forc\u00e9es de se prostituer apr\u00e8s une soir\u00e9e pass\u00e9e pr\u00e8s de Lille. Absentes le jour de l\u2019audience, elles ont d\u00e9clar\u00e9 dans leur plainte qu\u2019ils avaient l\u2019habitude de changer de location presque tous les jours. Mais<b> un de leur client se rend compte de l\u2019\u00e2ge des jeunes filles<\/b> et alerte les forces de l\u2019ordre.<\/p>\n<p class=\" wall-content\">Tous ces \u00e9l\u00e9ments permettent aux policiers de remonter jusqu\u2019au jeune couple et de mettre en place une surveillance physique et t\u00e9l\u00e9phonique pour r\u00e9unir des preuves. La pr\u00e9sidente explique que lors de leur interpellation, <b>une autre adolescente de<\/b> <b>14 ans <\/b>est retrouv\u00e9e dans la chambre \u00e0 c\u00f4t\u00e9 des deux prox\u00e9n\u00e8tes, ainsi que plusieurs grosses sommes d\u2019argent en esp\u00e8ces.<\/p>\n<p>Une lettre et une vid\u00e9o s\u00e8ment le doute\u00a0<\/p>\n<p class=\" wall-content\">L\u2019un des enjeux majeurs du proc\u00e8s consiste \u00e0 \u00e9tablir le r\u00f4le pr\u00e9cis de chacun dans cette affaire, mais aussi \u00e0 cerner la personnalit\u00e9 des deux pr\u00e9venus. Tous deux ont grandi dans un <b>environnement instable<\/b>. Lui, poss\u00e8de d\u00e9j\u00e0 un lourd casier judiciaire. Elle, a travers\u00e9 de nombreux traumatismes. Son avocate met des mots l\u00e0 o\u00f9 la jeune femme se tait\u2009: d\u00e9pression, addictions, tentatives de suicide et agressions sexuelles ont marqu\u00e9 son parcours.<\/p>\n<p class=\" wall-content\">Malgr\u00e9 plusieurs lettres d\u2019amour \u00e9crites \u00e0 destination du jeune homme en d\u00e9tention, <b>une lettre \u00e9crite<\/b> par la jeune femme \u00e0 sa m\u00e8re s\u00e8me le doute. Elle y explique que son ex-copain la battait et l\u2019obligeait \u00e0 rester impliqu\u00e9e dans la prostitution des trois adolescentes. Par ailleurs, <b>une vid\u00e9o<\/b> la montre en train de se faire insulter et \u00e9trangler par son ancien compagnon.\u00a0<\/p>\n<p>Deux ans et cinq ans d\u2019emprisonnement<\/p>\n<p class=\" wall-content\">Compte tenu des circonstances, les peines ne sont pas identiques pour les deux jeunes adultes. Si elle est relax\u00e9e pour \u00ab\u2009embauche, entra\u00eenement ou d\u00e9tournement\u2009\u00bb de mineures, elle est tout de m\u00eame condamn\u00e9e \u00e0 <b>deux ans d\u2019emprisonnement<\/b>, dont neuf mois de sursis probatoire et obligation de soins. Lui, \u00e9cope d\u2019une peine de <b>cinq ans d\u2019emprisonnement<\/b>. L\u2019avocat du jeune homme d\u00e9nonce\u2009: \u00ab\u2009Ce n\u2019est pas parce qu\u2019on a cogn\u00e9 fort cette fois-ci que c\u2019est quelque chose qui va se stopper\u2009\u00bb et ajoute\u2009: \u00ab\u2009On n\u2019est pas sur quelqu\u2019un qui a mont\u00e9 une agence de prostitution. On est sur quelqu\u2019un qui en a peut-\u00eatre un peu profit\u00e9. Il s\u2019est laiss\u00e9 entra\u00eener, je suppose, et a \u00e9t\u00e9 happ\u00e9 par cet argent facile et l\u2019opulence.\u2009\u00bb<\/p>\n<p class=\" wall-content\">Suivez toute l\u2019actualit\u00e9 de vos villes et m\u00e9dias favoris en vous inscrivant \u00e0 <a href=\"https:\/\/moncompte.actu.fr\" title=\"D\u00e9couvez Mon Actu\" rel=\"nofollow noopener\" data-trk=\"{&quot;cta&quot;:{&quot;action&quot;:&quot;https:\\\/\\\/moncompte.actu.fr&quot;,&quot;category&quot;:&quot;mon compte&quot;,&quot;from&quot;:&quot;article footer&quot;,&quot;name&quot;:&quot;Mon actu&quot;,&quot;type&quot;:&quot;cta&quot;}}\" target=\"_blank\">Mon Actu<\/a>.<\/p>\n","protected":false},"excerpt":{"rendered":"Par Bastien Grossin Publi\u00e9 le 13 ao\u00fbt 2025 \u00e0 17h30 C\u2019est une affaire pour le moins sordide qui&hellip;\n","protected":false},"author":2,"featured_media":316740,"comment_status":"","ping_status":"","sticky":false,"template":"","format":"standard","meta":{"footnotes":""},"categories":[2815],"tags":[1111,11,1777,674,118,1011,27,811,1307,12,2694,25],"class_list":{"0":"post-316739","1":"post","2":"type-post","3":"status-publish","4":"format-standard","5":"has-post-thumbnail","7":"category-lille","8":"tag-actu","9":"tag-actualites","10":"tag-eu","11":"tag-europe","12":"tag-faits-divers","13":"tag-fr","14":"tag-france","15":"tag-hauts-de-france","16":"tag-lille","17":"tag-news","18":"tag-proces","19":"tag-republique-francaise"},"share_on_mastodon":{"url":"https:\/\/pubeurope.com\/@fr\/115022616592774578","error":""},"_links":{"self":[{"href":"https:\/\/www.europesays.com\/fr\/wp-json\/wp\/v2\/posts\/316739","targetHints":{"allow":["GET"]}}],"collection":[{"href":"https:\/\/www.europesays.com\/fr\/wp-json\/wp\/v2\/posts"}],"about":[{"href":"https:\/\/www.europesays.com\/fr\/wp-json\/wp\/v2\/types\/post"}],"author":[{"embeddable":true,"href":"https:\/\/www.europesays.com\/fr\/wp-json\/wp\/v2\/users\/2"}],"replies":[{"embeddable":true,"href":"https:\/\/www.europesays.com\/fr\/wp-json\/wp\/v2\/comments?post=316739"}],"version-history":[{"count":0,"href":"https:\/\/www.europesays.com\/fr\/wp-json\/wp\/v2\/posts\/316739\/revisions"}],"wp:featuredmedia":[{"embeddable":true,"href":"https:\/\/www.europesays.com\/fr\/wp-json\/wp\/v2\/media\/316740"}],"wp:attachment":[{"href":"https:\/\/www.europesays.com\/fr\/wp-json\/wp\/v2\/media?parent=316739"}],"wp:term":[{"taxonomy":"category","embeddable":true,"href":"https:\/\/www.europesays.com\/fr\/wp-json\/wp\/v2\/categories?post=316739"},{"taxonomy":"post_tag","embeddable":true,"href":"https:\/\/www.europesays.com\/fr\/wp-json\/wp\/v2\/tags?post=316739"}],"curies":[{"name":"wp","href":"https:\/\/api.w.org\/{rel}","templated":true}]}}