{"id":316743,"date":"2025-08-13T17:24:11","date_gmt":"2025-08-13T17:24:11","guid":{"rendered":"https:\/\/www.europesays.com\/fr\/316743\/"},"modified":"2025-08-13T17:24:11","modified_gmt":"2025-08-13T17:24:11","slug":"un-homme-interpelle-apres-avoir-ouvert-le-feu-a-la-viste-dans-le-15e-arrondissement-de-marseille","status":"publish","type":"post","link":"https:\/\/www.europesays.com\/fr\/316743\/","title":{"rendered":"Un homme interpell\u00e9 apr\u00e8s avoir ouvert le feu \u00e0 la Viste, dans le 15e arrondissement de Marseille"},"content":{"rendered":"<p>Les coups de feu ont \u00e0 peine eu le temps de retentir mardi matin entre les b\u00e2timents de la cit\u00e9 <a href=\"https:\/\/www.laprovence.com\/article\/faits-divers-justice\/2710620795255414\/des-policiers-municipaux-sauvent-une-adolescente-retenue-dans-un-squat-par-plusieurs-hommes-a-marseille\" target=\"_blank\" rel=\"noopener\">la Viste<\/a> dans le 15e arrondissement de Marseille, que l\u2019auteur pr\u00e9sum\u00e9 des tirs a \u00e9t\u00e9 interpell\u00e9 par un \u00e9quipage de Police secours mardi, vers 7\u00a0heures du matin.<\/p>\n<p>Douilles de 9\u00a0mm sur fond d\u2019alcool<\/p>\n<p>Manifestement fortement alcoolis\u00e9, l\u2019individu a \u00e9t\u00e9 plac\u00e9 en garde \u00e0 vue avec droits diff\u00e9r\u00e9s, le temps de retrouver ses esprits. \u00c2g\u00e9 de 31\u00a0ans, il va devoir s\u2019expliquer devant la justice des impacts de balle de <a href=\"https:\/\/www.laprovence.com\/article\/faits-divers-justice\/56666526272470\/avignon-un-collegien-de-la-salle-interpelle-avec-le-pistolet-automatique-9-mm-de-son-pere-a-la-ceinture\" target=\"_blank\" rel=\"noopener\">9\u00a0mm<\/a> retrouv\u00e9s dans le pare-brise d\u2019un v\u00e9hicule.<\/p>\n","protected":false},"excerpt":{"rendered":"Les coups de feu ont \u00e0 peine eu le temps de retentir mardi matin entre les b\u00e2timents de&hellip;\n","protected":false},"author":2,"featured_media":316744,"comment_status":"","ping_status":"","sticky":false,"template":"","format":"standard","meta":{"footnotes":""},"categories":[2814],"tags":[17,1111,11,150,6661,1102,1777,674,274,1312,1011,27,4933,9817,9778,884,12,15316,882,25],"class_list":{"0":"post-316743","1":"post","2":"type-post","3":"status-publish","4":"format-standard","5":"has-post-thumbnail","7":"category-marseille","8":"tag-17","9":"tag-actu","10":"tag-actualites","11":"tag-apres","12":"tag-avoir","13":"tag-breakingnews","14":"tag-eu","15":"tag-europe","16":"tag-faits-divers-justice","17":"tag-feu","18":"tag-fr","19":"tag-france","20":"tag-homme","21":"tag-interpelle","22":"tag-mardi","23":"tag-marseille","24":"tag-news","25":"tag-ouvert","26":"tag-provence-alpes-cote-dazur","27":"tag-republique-francaise"},"share_on_mastodon":{"url":"https:\/\/pubeurope.com\/@fr\/115022624415774460","error":""},"_links":{"self":[{"href":"https:\/\/www.europesays.com\/fr\/wp-json\/wp\/v2\/posts\/316743","targetHints":{"allow":["GET"]}}],"collection":[{"href":"https:\/\/www.europesays.com\/fr\/wp-json\/wp\/v2\/posts"}],"about":[{"href":"https:\/\/www.europesays.com\/fr\/wp-json\/wp\/v2\/types\/post"}],"author":[{"embeddable":true,"href":"https:\/\/www.europesays.com\/fr\/wp-json\/wp\/v2\/users\/2"}],"replies":[{"embeddable":true,"href":"https:\/\/www.europesays.com\/fr\/wp-json\/wp\/v2\/comments?post=316743"}],"version-history":[{"count":0,"href":"https:\/\/www.europesays.com\/fr\/wp-json\/wp\/v2\/posts\/316743\/revisions"}],"wp:featuredmedia":[{"embeddable":true,"href":"https:\/\/www.europesays.com\/fr\/wp-json\/wp\/v2\/media\/316744"}],"wp:attachment":[{"href":"https:\/\/www.europesays.com\/fr\/wp-json\/wp\/v2\/media?parent=316743"}],"wp:term":[{"taxonomy":"category","embeddable":true,"href":"https:\/\/www.europesays.com\/fr\/wp-json\/wp\/v2\/categories?post=316743"},{"taxonomy":"post_tag","embeddable":true,"href":"https:\/\/www.europesays.com\/fr\/wp-json\/wp\/v2\/tags?post=316743"}],"curies":[{"name":"wp","href":"https:\/\/api.w.org\/{rel}","templated":true}]}}