{"id":316747,"date":"2025-08-13T17:26:09","date_gmt":"2025-08-13T17:26:09","guid":{"rendered":"https:\/\/www.europesays.com\/fr\/316747\/"},"modified":"2025-08-13T17:26:09","modified_gmt":"2025-08-13T17:26:09","slug":"un-homme-de-86-ans-victime-dune-agression-extremement-violente-en-pleine-rue","status":"publish","type":"post","link":"https:\/\/www.europesays.com\/fr\/316747\/","title":{"rendered":"un homme de 86 ans victime d&rsquo;une agression extr\u00eamement violente en pleine rue"},"content":{"rendered":"<p>            Par<br \/>\n        <strong><br \/>\n            <a href=\"https:\/\/actu.fr\/auteur\/ludivine-caporal\" title=\"Consulter tous les articles de Ludivine Caporal\" target=\"_blank\" rel=\"noopener\">Ludivine Caporal<\/a><br \/>\n        <\/strong><\/p>\n<p>        Publi\u00e9 le<\/p>\n<p>            13 ao\u00fbt 2025 \u00e0 18h28        <\/p>\n<p><strong>INFO ACTU LYON.<\/strong> Une agression d\u2019une extr\u00eame violence s\u2019est d\u00e9roul\u00e9e ce dimanche 10 ao\u00fbt dans les rues du 7e arrondissement de <a href=\"https:\/\/actu.fr\/auvergne-rhone-alpes\/lyon_69123\" target=\"_blank\" rel=\"noopener\">Lyon<\/a>. Alors qu\u2019il se trouvait devant son domicile, <strong>avenue Debourg<\/strong> dans le quartier de <a href=\"https:\/\/actu.fr\/tag\/gerland\" target=\"_blank\" rel=\"noopener\">Gerland<\/a>, un homme \u00e2g\u00e9 de 86 ans a \u00e9t\u00e9 attaqu\u00e9 par un autre individu qui en avait apr\u00e8s sa cha\u00eene en or.<br \/>Il aurait \u00e9t\u00e9 <strong>tabass\u00e9 \u00e0 coups de pieds et retrouv\u00e9 ensanglant\u00e9 au sol.<\/strong><\/p>\n<p>Fractures au niveau d\u2019une jambe, du f\u00e9mur et de la hanche<\/p>\n<p class=\" wall-content\">Selon le t\u00e9moignage de la fille de l\u2019octog\u00e9naire, l\u2019agresseur aurait r\u00e9ussi \u00e0 voler la cha\u00eene en or mais aurait \u00e9galement tent\u00e9 de voler les papiers de son papa avant de le rouer de coups.\u00a0<\/p>\n<p class=\" wall-content\">L\u2019homme de 86 ans souffrirait ainsi de <strong>lourdes s\u00e9quelles physiques<\/strong> \u00e0 savoir des fractures au niveau d\u2019une jambe, du f\u00e9mur et de la hanche.<\/p>\n<p>    <a href=\"https:\/\/www.google.com\/maps\/embed?pb=!1m18!1m12!1m3!1d11140.164977633212!2d4.8276825003020045!3d45.730267668308294!2m3!1f0!2f0!3f0!3m2!1i1024!2i768!4f13.1!3m3!1m2!1s0x47f4ea2ecfeab14b%3A0xcd8ca2850db1e841!2sAv.%20Debourg%2C%2069007%20Lyon!5e0!3m2!1sfr!2sfr!4v1755101717486!5m2!1sfr!2sfr\" title=\"Ouvrie le lien\" target=\"_blank\" rel=\"noopener\">Cliquez ici pour visualiser le contenu<\/a><\/p>\n<p class=\" wall-content\">Les services de police confirment <strong>qu\u2019une<\/strong> <strong>plainte a bien \u00e9t\u00e9 d\u00e9pos\u00e9e<\/strong> par un membre de la famille de la victime ce mercredi 13 ao\u00fbt. Une enqu\u00eate a donc \u00e9t\u00e9 lanc\u00e9e pour rechercher l\u2019auteur des faits.\u00a0<\/p>\n<p class=\" wall-content\">Suivez toute l\u2019actualit\u00e9 de vos villes et m\u00e9dias favoris en vous inscrivant \u00e0 <a href=\"https:\/\/moncompte.actu.fr\" title=\"D\u00e9couvez Mon Actu\" rel=\"nofollow noopener\" data-trk=\"{&quot;cta&quot;:{&quot;action&quot;:&quot;https:\\\/\\\/moncompte.actu.fr&quot;,&quot;category&quot;:&quot;mon compte&quot;,&quot;from&quot;:&quot;article footer&quot;,&quot;name&quot;:&quot;Mon actu&quot;,&quot;type&quot;:&quot;cta&quot;}}\" target=\"_blank\">Mon Actu<\/a>.<\/p>\n","protected":false},"excerpt":{"rendered":"Par Ludivine Caporal Publi\u00e9 le 13 ao\u00fbt 2025 \u00e0 18h28 INFO ACTU LYON. Une agression d\u2019une extr\u00eame violence&hellip;\n","protected":false},"author":2,"featured_media":316748,"comment_status":"","ping_status":"","sticky":false,"template":"","format":"standard","meta":{"footnotes":""},"categories":[1889],"tags":[1111,11,2430,1777,674,118,1011,27,5303,2428,12,1072,25],"class_list":{"0":"post-316747","1":"post","2":"type-post","3":"status-publish","4":"format-standard","5":"has-post-thumbnail","7":"category-lyon","8":"tag-actu","9":"tag-actualites","10":"tag-auvergne-rhone-alpes","11":"tag-eu","12":"tag-europe","13":"tag-faits-divers","14":"tag-fr","15":"tag-france","16":"tag-gerland","17":"tag-lyon","18":"tag-news","19":"tag-police","20":"tag-republique-francaise"},"share_on_mastodon":{"url":"https:\/\/pubeurope.com\/@fr\/115022632279529422","error":""},"_links":{"self":[{"href":"https:\/\/www.europesays.com\/fr\/wp-json\/wp\/v2\/posts\/316747","targetHints":{"allow":["GET"]}}],"collection":[{"href":"https:\/\/www.europesays.com\/fr\/wp-json\/wp\/v2\/posts"}],"about":[{"href":"https:\/\/www.europesays.com\/fr\/wp-json\/wp\/v2\/types\/post"}],"author":[{"embeddable":true,"href":"https:\/\/www.europesays.com\/fr\/wp-json\/wp\/v2\/users\/2"}],"replies":[{"embeddable":true,"href":"https:\/\/www.europesays.com\/fr\/wp-json\/wp\/v2\/comments?post=316747"}],"version-history":[{"count":0,"href":"https:\/\/www.europesays.com\/fr\/wp-json\/wp\/v2\/posts\/316747\/revisions"}],"wp:featuredmedia":[{"embeddable":true,"href":"https:\/\/www.europesays.com\/fr\/wp-json\/wp\/v2\/media\/316748"}],"wp:attachment":[{"href":"https:\/\/www.europesays.com\/fr\/wp-json\/wp\/v2\/media?parent=316747"}],"wp:term":[{"taxonomy":"category","embeddable":true,"href":"https:\/\/www.europesays.com\/fr\/wp-json\/wp\/v2\/categories?post=316747"},{"taxonomy":"post_tag","embeddable":true,"href":"https:\/\/www.europesays.com\/fr\/wp-json\/wp\/v2\/tags?post=316747"}],"curies":[{"name":"wp","href":"https:\/\/api.w.org\/{rel}","templated":true}]}}