{"id":316753,"date":"2025-08-13T17:30:17","date_gmt":"2025-08-13T17:30:17","guid":{"rendered":"https:\/\/www.europesays.com\/fr\/316753\/"},"modified":"2025-08-13T17:30:17","modified_gmt":"2025-08-13T17:30:17","slug":"le-fichage-politico-sociologique-deric-ciotti-revele-par-le-journal-liberation-800-noms-repertories","status":"publish","type":"post","link":"https:\/\/www.europesays.com\/fr\/316753\/","title":{"rendered":"le fichage politico-sociologique d\u2019\u00c9ric Ciotti r\u00e9v\u00e9l\u00e9 par le journal Lib\u00e9ration, 800 noms r\u00e9pertori\u00e9s"},"content":{"rendered":"<p class=\"article__intro\">Le journal Lib\u00e9ration r\u00e9v\u00e8le l\u2019existence de fichiers tenus par le d\u00e9put\u00e9 \u00c9ric Ciotti, recensant en d\u00e9tail des personnalit\u00e9s de Nice \u00e0 des fins politiques. Saisie par un lanceur d\u2019alerte, la justice a men\u00e9 des perquisitions mardi 12 ao\u00fbt dans les locaux o\u00f9 ces donn\u00e9es \u00e9taient stock\u00e9es.<\/p>\n<p>\n      La Quotidienne Soci\u00e9t\u00e9\n    <\/p>\n<p>\n      De la vie quotidienne aux grands enjeux, recevez tous les jours les sujets qui font la soci\u00e9t\u00e9 locale, comme la justice, l\u2019\u00e9ducation, la sant\u00e9 et la famille.\n    <\/p>\n<p>    France T\u00e9l\u00e9visions utilise votre adresse e-mail afin de vous envoyer la newsletter \u00ab\u00a0La Quotidienne Soci\u00e9t\u00e9\u00a0\u00bb. Vous pouvez vous d\u00e9sinscrire \u00e0 tout moment via le lien en bas de cette newsletter. <a target=\"_blank\" href=\"https:\/\/www.francetelevisions.fr\/groupe\/confidentialite\/politique-de-confidentialite\/politique-de-confidentialite-de-france-televisions-6503\" rel=\"nofollow noopener\">Notre politique de confidentialit\u00e9<\/a><\/p>\n<p>L\u2019affaire a \u00e9t\u00e9 <a href=\"https:\/\/www.liberation.fr\/politique\/flic-confession-juive-sourd-les-fichiers-trop-informes-deric-ciotti-sur-des-nicois-influents-20250812_NPESDV3YMVHELD3GC2S4BZT7V4\/\" target=\"_blank\" rel=\"noopener nofollow\">r\u00e9v\u00e9l\u00e9e par Lib\u00e9ration<\/a> ce 12 ao\u00fbt apr\u00e8s le signalement d\u2019un lanceur d\u2019alerte. Le quotidien a eu acc\u00e8s \u00e0 des fichiers internes de l\u2019\u00e9quipe d\u2019\u00c9ric Ciotti, r\u00e9pertoriant environ 800 personnalit\u00e9s ou figures influentes de Nice et de la r\u00e9gion, avec des donn\u00e9es personnelles tr\u00e8s pr\u00e9cises.<\/p>\n<p>Ce signalement a conduit la Justice \u00e0 lancer des perquisitions en ao\u00fbt 2025. Contact\u00e9 par France 3 C\u00f4te d\u2019Azur, le parquet de Nice confirme ces informations. Selon le parquet, les services de la Police judiciaire ont \u00ab\u00a0proc\u00e9d\u00e9 ce matin (mardi 12 ao\u00fbt, ndlr) \u00e0 diff\u00e9rentes perquisitions en vue notamment de saisies de donn\u00e9es informatiques\u00a0\u00bb.<\/p>\n<p>La CNIL, la Commission nationale de l\u2019informatique et des libert\u00e9s (autorit\u00e9 charg\u00e9e de veiller \u00e0 la protection des donn\u00e9es personnelles) a \u00e9galement re\u00e7u une plainte.<\/p>\n<p>Une enqu\u00eate pr\u00e9liminaire est ouverte pour \u00ab\u00a0enregistrement ou conservation de donn\u00e9es \u00e0 caract\u00e8re personnel sensibles sans le consentement des int\u00e9ress\u00e9s\u00a0\u00bb.<\/p>\n<p>Les fichiers contiennent, outre le nom, le pr\u00e9nom, l\u2019adresse et le num\u00e9ro de t\u00e9l\u00e9phone, des informations sur l\u2019appartenance religieuse ou ethnique, la situation de handicap ou encore la situation financi\u00e8re ou patrimoniale. On y trouve par exemple des mentions comme \u00ab\u00a0confession juive\u00a0\u00bb, \u00ab\u00a0protestant\u00a0\u00bb, \u00ab\u00a0non voyant\u00a0\u00bb ou \u00ab\u00a0propri\u00e9taire foncier\u00a0\u00bb. Leur acc\u00e8s aurait \u00e9t\u00e9 limit\u00e9 \u00e0 un cercle restreint de collaborateurs et de chefs de cabinet.<\/p>\n<p>La perquisition du 12 ao\u00fbt marque une \u00e9tape importante dans l\u2019enqu\u00eate, qui se poursuit<\/p>\n","protected":false},"excerpt":{"rendered":"Le journal Lib\u00e9ration r\u00e9v\u00e8le l\u2019existence de fichiers tenus par le d\u00e9put\u00e9 \u00c9ric Ciotti, recensant en d\u00e9tail des personnalit\u00e9s&hellip;\n","protected":false},"author":2,"featured_media":316754,"comment_status":"","ping_status":"","sticky":false,"template":"","format":"standard","meta":{"footnotes":""},"categories":[1888],"tags":[1111,1928,11,1927,1777,674,1011,27,12,1926,626,1925,25],"class_list":{"0":"post-316753","1":"post","2":"type-post","3":"status-publish","4":"format-standard","5":"has-post-thumbnail","7":"category-paris","8":"tag-actu","9":"tag-actu-paris","10":"tag-actualites","11":"tag-actualites-paris","12":"tag-eu","13":"tag-europe","14":"tag-fr","15":"tag-france","16":"tag-news","17":"tag-news-paris","18":"tag-paris","19":"tag-paris-news","20":"tag-republique-francaise"},"share_on_mastodon":{"url":"https:\/\/pubeurope.com\/@fr\/115022648032049869","error":""},"_links":{"self":[{"href":"https:\/\/www.europesays.com\/fr\/wp-json\/wp\/v2\/posts\/316753","targetHints":{"allow":["GET"]}}],"collection":[{"href":"https:\/\/www.europesays.com\/fr\/wp-json\/wp\/v2\/posts"}],"about":[{"href":"https:\/\/www.europesays.com\/fr\/wp-json\/wp\/v2\/types\/post"}],"author":[{"embeddable":true,"href":"https:\/\/www.europesays.com\/fr\/wp-json\/wp\/v2\/users\/2"}],"replies":[{"embeddable":true,"href":"https:\/\/www.europesays.com\/fr\/wp-json\/wp\/v2\/comments?post=316753"}],"version-history":[{"count":0,"href":"https:\/\/www.europesays.com\/fr\/wp-json\/wp\/v2\/posts\/316753\/revisions"}],"wp:featuredmedia":[{"embeddable":true,"href":"https:\/\/www.europesays.com\/fr\/wp-json\/wp\/v2\/media\/316754"}],"wp:attachment":[{"href":"https:\/\/www.europesays.com\/fr\/wp-json\/wp\/v2\/media?parent=316753"}],"wp:term":[{"taxonomy":"category","embeddable":true,"href":"https:\/\/www.europesays.com\/fr\/wp-json\/wp\/v2\/categories?post=316753"},{"taxonomy":"post_tag","embeddable":true,"href":"https:\/\/www.europesays.com\/fr\/wp-json\/wp\/v2\/tags?post=316753"}],"curies":[{"name":"wp","href":"https:\/\/api.w.org\/{rel}","templated":true}]}}