{"id":316755,"date":"2025-08-13T17:31:11","date_gmt":"2025-08-13T17:31:11","guid":{"rendered":"https:\/\/www.europesays.com\/fr\/316755\/"},"modified":"2025-08-13T17:31:11","modified_gmt":"2025-08-13T17:31:11","slug":"la-cathedrale-notre-dame-de-paris-fin-prete-pour-lassomption","status":"publish","type":"post","link":"https:\/\/www.europesays.com\/fr\/316755\/","title":{"rendered":"La cath\u00e9drale Notre Dame de Paris fin pr\u00eate pour l\u2019Assomption"},"content":{"rendered":"<p>Quelques mois apr\u00e8s sa r\u00e9ouverture, la cath\u00e9drale Notre-Dame de Paris s\u2019appr\u00eate \u00e0 vivre l\u2019un de ses grands rendez-vous religieux: la c\u00e9l\u00e9bration de l\u2019Assomption. Les 14 et 15 ao\u00fbt, fid\u00e8les, visiteurs et clerg\u00e9 se retrouveront pour renouer avec la tradition, dans une atmosph\u00e8re de renouveau et d&rsquo;esp\u00e9rance en cette ann\u00e9e jubilaire.<\/p>\n<p><b>In\u00e8s Muller \u2013 Cit\u00e9 du Vatican<\/b><\/p>\n<p>Huit mois apr\u00e8s la r\u00e9ouverture de la cath\u00e9drale Notre-Dame de Paris, l\u2019archev\u00each\u00e9 pr\u00e9pare activement la c\u00e9l\u00e9bration de l\u2019Assomption les 14 et 15 ao\u00fbt. C\u2019est un jour de f\u00eate pour la cath\u00e9drale, marquant le retour de la procession des fid\u00e8les dans les rues de Paris. Le d\u00e9part se fera sur le parvis de Notre-Dame \u00e0 15h45, pour y revenir et participer \u00e0 la messe qui se d\u00e9roulera \u00e0 18h. Cette c\u00e9l\u00e9bration sera pr\u00e9sid\u00e9e par l\u2019\u00e9v\u00eaque auxiliaire de Paris, Mgr Emmanuel Tois. La procession se fera autour de la c\u00e9l\u00e8bre statue de la Vierge \u00e0 l\u2019enfant. Offerte \u00e0 la cath\u00e9drale en 1826 par le roi Charles X, cette statue, destin\u00e9e \u00e0 \u00eatre port\u00e9e en procession, est l\u2019une des nombreuses \u0153uvres conserv\u00e9es dans le Tr\u00e9sor de Notre-Dame.<\/p>\n<p><b>Perp\u00e9tuer la tradition: Marie patronne de France<\/b> <\/p>\n<p>Organis\u00e9e depuis le XVIIe si\u00e8cle, la procession traditionnelle offre l&rsquo;opportunit\u00e9, surtout \u00e0 Notre-Dame de Paris, de c\u00e9l\u00e9brer le v\u0153u de Louis XIII. \u00c9galement connu sous le nom de \u00ab\u00a0Cons\u00e9cration de la France \u00e0 la Vierge Marie\u00a0\u00bb, il s&rsquo;agit d&rsquo;un texte l\u00e9gislatif \u00e9mis en 1638. Il engage le royaume de France, le roi ainsi que ses sujets, sous le patronage de la Vierge Marie, particuli\u00e8rement \u00e0 l&rsquo;occasion de la c\u00e9l\u00e9bration de l&rsquo;Assomption. C\u2019est en r\u00e9f\u00e9rence \u00e0 ce v\u0153u solennel que le Pape Pie XI d\u00e9clare officiellement Notre-Dame de l&rsquo;Assomption comme patronne principale de France en 1922. Ainsi, apr\u00e8s la proclamation de l\u2019Evangile, vendredi 14 aout \u00e0 20h15, il sera possible de suivre le renouvellement du v\u0153u de Louis XIII, comme \u00e0 chaque f\u00eate de l\u2019Assomption.<\/p>\n<p>      <a href=\"https:\/\/www.vaticannews.va\/fr\/eglise\/news\/2024-12\/notre-dame-eglise-cathedrale-france-foi-catholique-reouverture.html\" title=\"Notre-Dame de Paris, un triduum de r\u00e9ouverture grav\u00e9 dans l\u2019esp\u00e9rance\" target=\"_blank\" rel=\"noopener\"><\/p>\n<p>         <img decoding=\"async\" src=\"data:image\/gif;base64,R0lGODlhAQABAIAAAAAAAP\/\/\/yH5BAEAAAAALAAAAAABAAEAAAIBRAA7\" data-original=\"https:\/\/www.vaticannews.va\/content\/dam\/vaticannews\/agenzie\/images\/afp\/2024\/12\/03\/05\/1733198656912.jpg\/_jcr_content\/renditions\/cq5dam.thumbnail.cropped.500.281.jpeg\" alt=\"Notre-Dame de Paris, un triduum de r\u00e9ouverture grav\u00e9 dans l\u2019esp\u00e9rance\"\/><\/p>\n<p>       <\/a><\/p>\n<p>\n       La cath\u00e9drale de plus de 860 ans rouvre au culte ce samedi, cinq ans apr\u00e8s avoir \u00e9t\u00e9 ferm\u00e9e \u00e0 cause de l&rsquo;incendie l&rsquo;ayant partiellement ravag\u00e9e. Des c\u00e9l\u00e9brations emplies de joie, &#8230;\n      <\/p>\n<p> <br \/>\n<b>Un retour \u00e0 la normale<\/b> <\/p>\n<p>La c\u00e9l\u00e9bration de cette f\u00eate \u00e0 Notre-Dame de Paris marque cette ann\u00e9e un retour \u00e0 la normale apr\u00e8s la crise sanitaire du covid-19 et la reconstruction de la cath\u00e9drale. En 2019, apr\u00e8s l\u2019incendie, la messe n\u2019eut pas lieu dans la cath\u00e9drale comme le veut la tradition, mais en l\u2019\u00e9glise Saint-Sulpice dans le sixi\u00e8me arrondissement de la capitale, \u00e0 la suite de la procession du pont Saint-Louis vers l\u2019\u00e9glise. En 2020, dans le cadre du p\u00e8lerinage \u00abM de Marie\u00bb, Mgr Michel Aupetit, alors archev\u00eaque de Paris, c\u00e9l\u00e9bra la messe de l\u2019Assomption dans le basilique du Sacr\u00e9-C\u0153ur.<\/p>\n<p>Cette ann\u00e9e, alors que la cath\u00e9drale a accueilli plus de 7 millions de visiteurs depuis sa r\u00e9ouverture, tous les employ\u00e9s, b\u00e9n\u00e9voles et membres du clerg\u00e9 travaillent d&rsquo;arrache-pied pour pr\u00e9parer ces deux journ\u00e9es de f\u00eate. Pour l\u2019occasion, une procession jubilaire et l\u2019ostension exceptionnelle de la couronne d\u2019\u00e9pine sont organis\u00e9es jeudi 14 ao\u00fbt \u00e0 19h15, dans la cath\u00e9drale.<\/p>\n","protected":false},"excerpt":{"rendered":"Quelques mois apr\u00e8s sa r\u00e9ouverture, la cath\u00e9drale Notre-Dame de Paris s\u2019appr\u00eate \u00e0 vivre l\u2019un de ses grands rendez-vous&hellip;\n","protected":false},"author":2,"featured_media":316756,"comment_status":"","ping_status":"","sticky":false,"template":"","format":"standard","meta":{"footnotes":""},"categories":[1888],"tags":[1111,1928,11,1927,1777,674,1011,27,13600,12,1926,626,1925,25,20273],"class_list":{"0":"post-316755","1":"post","2":"type-post","3":"status-publish","4":"format-standard","5":"has-post-thumbnail","7":"category-paris","8":"tag-actu","9":"tag-actu-paris","10":"tag-actualites","11":"tag-actualites-paris","12":"tag-eu","13":"tag-europe","14":"tag-fr","15":"tag-france","16":"tag-messe","17":"tag-news","18":"tag-news-paris","19":"tag-paris","20":"tag-paris-news","21":"tag-republique-francaise","22":"tag-vierge-marie"},"share_on_mastodon":{"url":"https:\/\/pubeurope.com\/@fr\/115022651964398160","error":""},"_links":{"self":[{"href":"https:\/\/www.europesays.com\/fr\/wp-json\/wp\/v2\/posts\/316755","targetHints":{"allow":["GET"]}}],"collection":[{"href":"https:\/\/www.europesays.com\/fr\/wp-json\/wp\/v2\/posts"}],"about":[{"href":"https:\/\/www.europesays.com\/fr\/wp-json\/wp\/v2\/types\/post"}],"author":[{"embeddable":true,"href":"https:\/\/www.europesays.com\/fr\/wp-json\/wp\/v2\/users\/2"}],"replies":[{"embeddable":true,"href":"https:\/\/www.europesays.com\/fr\/wp-json\/wp\/v2\/comments?post=316755"}],"version-history":[{"count":0,"href":"https:\/\/www.europesays.com\/fr\/wp-json\/wp\/v2\/posts\/316755\/revisions"}],"wp:featuredmedia":[{"embeddable":true,"href":"https:\/\/www.europesays.com\/fr\/wp-json\/wp\/v2\/media\/316756"}],"wp:attachment":[{"href":"https:\/\/www.europesays.com\/fr\/wp-json\/wp\/v2\/media?parent=316755"}],"wp:term":[{"taxonomy":"category","embeddable":true,"href":"https:\/\/www.europesays.com\/fr\/wp-json\/wp\/v2\/categories?post=316755"},{"taxonomy":"post_tag","embeddable":true,"href":"https:\/\/www.europesays.com\/fr\/wp-json\/wp\/v2\/tags?post=316755"}],"curies":[{"name":"wp","href":"https:\/\/api.w.org\/{rel}","templated":true}]}}