{"id":316761,"date":"2025-08-13T17:34:10","date_gmt":"2025-08-13T17:34:10","guid":{"rendered":"https:\/\/www.europesays.com\/fr\/316761\/"},"modified":"2025-08-13T17:34:10","modified_gmt":"2025-08-13T17:34:10","slug":"les-autorites-serrent-la-vis-et-limitent-les-appels-via-whatsapp-et-telegram","status":"publish","type":"post","link":"https:\/\/www.europesays.com\/fr\/316761\/","title":{"rendered":"Les autorit\u00e9s serrent la vis et limitent les appels via WhatsApp et Telegram"},"content":{"rendered":"<p><a href=\"https:\/\/www.20minutes.fr\/monde\/moscou\/\" target=\"_blank\" class=\"c-link c-link--is-underlined\" rel=\"nofollow noopener\">Moscou<\/a> franchit une nouvelle \u00e9tape dans sa politique de contr\u00f4le d\u2019Internet. Mercredi, l\u2019autorit\u00e9 russe de surveillance des communications a annonc\u00e9 des restrictions visant les appels pass\u00e9s via les messageries <a href=\"https:\/\/www.20minutes.fr\/dossier\/whatsapp\" target=\"_blank\" class=\"c-link c-link--is-underlined\" rel=\"nofollow noopener\">WhatsApp<\/a> et <a href=\"https:\/\/www.20minutes.fr\/high-tech\/telegram\/\" target=\"_blank\" class=\"c-link c-link--is-underlined\" rel=\"nofollow noopener\">Telegram<\/a>, accus\u00e9es de faciliter la fraude et d\u2019\u00ab\u00a0impliquer des citoyens russes dans des actes de <a href=\"https:\/\/www.20minutes.fr\/dossier\/sabotage\" target=\"_blank\" class=\"c-link c-link--is-underlined\" rel=\"nofollow noopener\">sabotage<\/a> et des activit\u00e9s terroristes\u00a0\u00bb, rapporte l\u2019agence de presse publique Ria Novosti.<\/p>\n<p>Selon les autorit\u00e9s, cette mesure s\u2019inscrit dans une lutte contre la criminalit\u00e9 en ligne. Telegram a r\u00e9agi en affirmant \u00ab\u00a0lutter activement contre l\u2019utilisation abusive de sa plateforme\u00a0\u00bb et supprimer \u00ab\u00a0chaque jour des millions de contenus nuisibles\u00a0\u00bb.<\/p>\n<\/p>\n<p>Des restrictions sur Facebook, Instagram et YouTube<\/p>\n<p>Cette d\u00e9cision s\u2019ajoute \u00e0 une s\u00e9rie de restrictions impos\u00e9es ces derni\u00e8res ann\u00e9es par le <a href=\"https:\/\/www.20minutes.fr\/dossier\/kremlin\" target=\"_blank\" class=\"c-link c-link--is-underlined\" rel=\"nofollow noopener\">Kremlin<\/a>. Depuis\u00a02022, <a href=\"https:\/\/www.20minutes.fr\/high-tech\/facebook\/\" target=\"_blank\" class=\"c-link c-link--is-underlined\" rel=\"nofollow noopener\">Facebook<\/a> et <a href=\"https:\/\/www.20minutes.fr\/high-tech\/instagram\/\" target=\"_blank\" class=\"c-link c-link--is-underlined\" rel=\"nofollow noopener\">Instagram<\/a> (appartenant au groupe Meta, class\u00e9 \u00ab\u00a0extr\u00e9miste\u00a0\u00bb en Russie) sont bloqu\u00e9s. En\u00a02024, <a href=\"https:\/\/www.20minutes.fr\/high-tech\/youtube\/\" target=\"_blank\" class=\"c-link c-link--is-underlined\" rel=\"nofollow noopener\">YouTube<\/a> n\u2019est devenu accessible qu\u2019\u00e0 travers un VPN. Fin juillet, <a href=\"https:\/\/www.20minutes.fr\/monde\/vladimir_poutine\/\" target=\"_blank\" class=\"c-link c-link--is-underlined\" rel=\"nofollow noopener\">Vladimir Poutine<\/a> a promulgu\u00e9 une loi criminalisant la recherche de contenus qualifi\u00e9s \u00ab\u00a0d\u2019extr\u00e9mistes\u00a0\u00bb et interdisant la promotion de ces r\u00e9seaux priv\u00e9s virtuels, largement utilis\u00e9s pour contourner la censure.<\/p>\n<p><a href=\"https:\/\/www.20minutes.fr\/monde\/russie\/\" target=\"_blank\" class=\"c-link c-btn c-btn--primary\" rel=\"nofollow noopener\">Notre dossier sur la Russie<\/a><\/p>\n<p>En juillet, le d\u00e9put\u00e9 Anton Gorelkine avait d\u00e9j\u00e0 pr\u00e9venu que WhatsApp (groupe Meta) pourrait prochainement figurer sur la liste des <a href=\"https:\/\/www.20minutes.fr\/dossier\/application_mobile\" target=\"_blank\" class=\"c-link c-link--is-underlined\" rel=\"nofollow noopener\">applications<\/a> issues de pays jug\u00e9s \u00ab\u00a0inamicaux\u00a0\u00bb par Moscou, laissant craindre un blocage total. Les messageries sont r\u00e9guli\u00e8rement point\u00e9es du doigt par les autorit\u00e9s russes, qui d\u00e9noncent leur utilisation par des escrocs ou encore par les services de s\u00e9curit\u00e9 <a href=\"https:\/\/www.20minutes.fr\/monde\/ukraine\/\" target=\"_blank\" class=\"c-link c-link--is-underlined\" rel=\"nofollow noopener\">ukrainiens<\/a> pour recruter des Russes.<\/p>\n","protected":false},"excerpt":{"rendered":"Moscou franchit une nouvelle \u00e9tape dans sa politique de contr\u00f4le d\u2019Internet. Mercredi, l\u2019autorit\u00e9 russe de surveillance des communications&hellip;\n","protected":false},"author":2,"featured_media":316762,"comment_status":"","ping_status":"","sticky":false,"template":"","format":"standard","meta":{"footnotes":""},"categories":[1591],"tags":[47,11,9006,4688,1887,131,2440,4998,1016,74,12,1885,1886,132,22806,135,250,2784],"class_list":{"0":"post-316761","1":"post","2":"type-post","3":"status-publish","4":"format-standard","5":"has-post-thumbnail","7":"category-russie","8":"tag-actualite","9":"tag-actualites","10":"tag-censure","11":"tag-facebook","12":"tag-federation-de-russie","13":"tag-guerre-en-ukraine","14":"tag-instagram","15":"tag-kremlin","16":"tag-meta","17":"tag-monde","18":"tag-news","19":"tag-russia","20":"tag-russian-federation","21":"tag-russie","22":"tag-telegram","23":"tag-vladimir-poutine","24":"tag-whatsapp","25":"tag-youtube"},"share_on_mastodon":{"url":"https:\/\/pubeurope.com\/@fr\/115022663790051643","error":""},"_links":{"self":[{"href":"https:\/\/www.europesays.com\/fr\/wp-json\/wp\/v2\/posts\/316761","targetHints":{"allow":["GET"]}}],"collection":[{"href":"https:\/\/www.europesays.com\/fr\/wp-json\/wp\/v2\/posts"}],"about":[{"href":"https:\/\/www.europesays.com\/fr\/wp-json\/wp\/v2\/types\/post"}],"author":[{"embeddable":true,"href":"https:\/\/www.europesays.com\/fr\/wp-json\/wp\/v2\/users\/2"}],"replies":[{"embeddable":true,"href":"https:\/\/www.europesays.com\/fr\/wp-json\/wp\/v2\/comments?post=316761"}],"version-history":[{"count":0,"href":"https:\/\/www.europesays.com\/fr\/wp-json\/wp\/v2\/posts\/316761\/revisions"}],"wp:featuredmedia":[{"embeddable":true,"href":"https:\/\/www.europesays.com\/fr\/wp-json\/wp\/v2\/media\/316762"}],"wp:attachment":[{"href":"https:\/\/www.europesays.com\/fr\/wp-json\/wp\/v2\/media?parent=316761"}],"wp:term":[{"taxonomy":"category","embeddable":true,"href":"https:\/\/www.europesays.com\/fr\/wp-json\/wp\/v2\/categories?post=316761"},{"taxonomy":"post_tag","embeddable":true,"href":"https:\/\/www.europesays.com\/fr\/wp-json\/wp\/v2\/tags?post=316761"}],"curies":[{"name":"wp","href":"https:\/\/api.w.org\/{rel}","templated":true}]}}