{"id":316767,"date":"2025-08-13T17:37:10","date_gmt":"2025-08-13T17:37:10","guid":{"rendered":"https:\/\/www.europesays.com\/fr\/316767\/"},"modified":"2025-08-13T17:37:10","modified_gmt":"2025-08-13T17:37:10","slug":"trump-en-ecosse-vance-pres-doxford-que-cache-lete-tres-british-de-la-maison-blanche-courrier-international","status":"publish","type":"post","link":"https:\/\/www.europesays.com\/fr\/316767\/","title":{"rendered":"Trump en \u00c9cosse, Vance pr\u00e8s d&#039;Oxford : que cache l&#039;\u00e9t\u00e9 tr\u00e8s \u201cBritish\u201d de la Maison-Blanche ? &#8211; Courrier international"},"content":{"rendered":"<ol>\n<li><a href=\"https:\/\/news.google.com\/rss\/articles\/CBMi4wFBVV95cUxQNkVNeVcwa0ljZXNaZmQ2bG1JaEJ0TzR4UGNpMmpJbF9KT1RKbHJSNzhla21JZ0pZdXNFczlqUWZ0Q0lKR1BISThqRGJKeG54RVh6XzFDNXZvZEtjWUVMNFZneW4tQU5aLTFTNm1VOWNzc0VfYTI2ZTU0cjZXVGRycHh6X2t1WjFvSXNwakJUSmFBRkdLUkZDdlcxZnJYRDVIakp2bERJVnlHWXBTTkxtdVNKU0ZqT21aUDlmSlp2ZS1sOHVUcmEyamo5UTNlQllWZXJJZ2lOSUtmOFVYTHlEZHdmQQ?oc=5\" target=\"_blank\" rel=\"noopener\">Trump en \u00c9cosse, Vance pr\u00e8s d&rsquo;Oxford : que cache l&rsquo;\u00e9t\u00e9 tr\u00e8s \u201cBritish\u201d de la Maison-Blanche ?<\/a>&nbsp;&nbsp;Courrier international<\/li>\n<li><a href=\"https:\/\/news.google.com\/rss\/articles\/CBMi7gFBVV95cUxOWkNiWFdtQWZKMy1IeG94VkdzNTBONlZ3TWFNQ0NmaDRYZWpDSlNjUjhCY2U4NklFUEw5bUZMRDkteVg0ck9PejhHQkYtdmtBbkRhQXR1WW5neG9WUURtX3ZiZmc3d01FSHpDaWVaVk80UDlpZXczUUVQcnBLaEFMZlV5eGJQTHJ5bDNHdU9qYks2V3N0MkRQMk5yb1lkeWtXVTllRUpZVzVYVXJvcjlTVkVMYWhBZnJIMU1DNlFfWWYtd3ktU2s3MHVfODNTRFRXa0JFN3hmbkh4V0p0djE4RmFQaTNzUkJaVFhwbnZB?oc=5\" target=\"_blank\" rel=\"noopener\">JD Vance rattrap\u00e9 par des Anglais furieux lors de ses vacances \u00e0 la campagne<\/a>&nbsp;&nbsp;Le HuffPost<\/li>\n<li><a href=\"https:\/\/news.google.com\/rss\/articles\/CBMiiAJBVV95cUxPZVJHejRYRDJ2dXFkODN1ZTJ4U0p2NFlTSDJYM2lDWDcyT3RpQTE3Umt2YjJVdUNWVUtkdnBsU2lIYmxXVGRTOTdCeVMwc1lLenhpelFfRDlpY2xTeDBzb0Q2X3l2X3JGcTdyXzVRb05URkt3OTQ2RzR3NW5YU2FIRmZFMnVXVFpacXNjb3AtYjl4Z0NSYWZrb1pSYXpKMkJreUFzZVpHSHFHM2hxMUNETHJvc3dPdFdVY3dQVmpMTkJ1V1hsdXVWUXRoNGpGcFh2T0FSZDNrbHZHSHU1N2lYVDFMWkU0Y1cyNkdiU1VrMV80V19seW5hM1pjMkVDZGpkYXE2RnhwTGo?oc=5\" target=\"_blank\" rel=\"noopener\">\u00ab\u00a0Fichez le camp !\u00a0\u00bb : des Britanniques manifestent contre le vice-pr\u00e9sident am\u00e9ricain JD Vance, venu passer des vacances dans leur ville<\/a>&nbsp;&nbsp;ladepeche.fr<\/li>\n<li><a href=\"https:\/\/news.google.com\/rss\/articles\/CBMipAJBVV95cUxPNGRqZkpxbk1kaFBvU0hmUGRjbTZxai05dy1BcWxPbE5JeVZrX0FwdGhnWmZXWjlwWEkycXZMZ2NqeFJZMnBLZTJ0SjJDNUZTRXA5b05WMmZ4Q3V1c3Z1ZXIzc2U4dkh6Xzk4UElDaS0xT2FWYm13c1BxZDRFZG90TGh1eFVDbWw5Mk9LLTF3QjhEcHVLS1I5NnE3dnB1eTB4MW1ZTjBHN3BSNXRUNkt0S1ZHUHVNS1dndU5GdjFZTXZvT0VaSUxMWTNwa0hqb0ZtMVNGZWNXVkQtdER3b2NSTzZrbVExamo0bC1IaTROWUdVM3Jfd1N5RFNPUkRXMVJIVHp3Z255bEl0Wk9YZXk2bUpON0V2R1Fxb21Ha1AxdjVxOVFx?oc=5\" target=\"_blank\" rel=\"noopener\">\u00ab Fichez le camp ! \u00bb : au Royaume-Uni, des manifestants hostiles aux vacances locales du vice-pr\u00e9sident am\u00e9ricain<\/a>&nbsp;&nbsp;Le Parisien<\/li>\n<li><a href=\"https:\/\/news.google.com\/rss\/articles\/CBMiuwFBVV95cUxPMlk1eWJUTlB0RkdxNHZJQkhQR3kyUGZpSi1mUVFBWWR0UTZIeWxEbzM0YlgtTW12VGp0STlwRVlhOVQ5T3VyT1RxYmdrcDgwcUNWNUFTM1hPOWxLNmItdUxkVjdWMXFmNXFBWjNJLU9YZVRUWmhqYmp1MlB0ZTI4X3p6MWtMWklMa0dLWTRnSzc1eXVtdlY3a05ZVmNpWWotN2V0R24zbDF1d2JIbUNWU21uRHdGT1JfbTlv?oc=5\" target=\"_blank\" rel=\"noopener\">J.D. Vance en vacances dans les Cotswolds : la guerre des deux mondes \u2013 par Marc Roche<\/a>&nbsp;&nbsp;l&rsquo;Opinion<\/li>\n<\/ol>\n","protected":false},"excerpt":{"rendered":"Trump en \u00c9cosse, Vance pr\u00e8s d&rsquo;Oxford : que cache l&rsquo;\u00e9t\u00e9 tr\u00e8s \u201cBritish\u201d de la Maison-Blanche ?&nbsp;&nbsp;Courrier international JD&hellip;\n","protected":false},"author":2,"featured_media":316768,"comment_status":"","ping_status":"","sticky":false,"template":"","format":"standard","meta":{"footnotes":""},"categories":[1588],"tags":[11,3822,75,1777,674,1892,79,12,7487,473,1853,770,1851,1850,1852],"class_list":{"0":"post-316767","1":"post","2":"type-post","3":"status-publish","4":"format-standard","5":"has-post-thumbnail","7":"category-royaume-uni","8":"tag-actualites","9":"tag-amu00e9riques","10":"tag-donald-trump","11":"tag-eu","12":"tag-europe","13":"tag-gu00e9opolitique","14":"tag-j-d-vance","15":"tag-news","16":"tag-parti-travailliste-royaume-uni","17":"tag-royaume-uni","18":"tag-royaume-uni-de-grande-bretagne-et-dirlande-du-nord","19":"tag-u00e9tats-unis","20":"tag-uk","21":"tag-united-kingdom","22":"tag-united-kingdom-of-great-britain-and-northern-ireland"},"share_on_mastodon":{"url":"https:\/\/pubeurope.com\/@fr\/115022675571618415","error":""},"_links":{"self":[{"href":"https:\/\/www.europesays.com\/fr\/wp-json\/wp\/v2\/posts\/316767","targetHints":{"allow":["GET"]}}],"collection":[{"href":"https:\/\/www.europesays.com\/fr\/wp-json\/wp\/v2\/posts"}],"about":[{"href":"https:\/\/www.europesays.com\/fr\/wp-json\/wp\/v2\/types\/post"}],"author":[{"embeddable":true,"href":"https:\/\/www.europesays.com\/fr\/wp-json\/wp\/v2\/users\/2"}],"replies":[{"embeddable":true,"href":"https:\/\/www.europesays.com\/fr\/wp-json\/wp\/v2\/comments?post=316767"}],"version-history":[{"count":0,"href":"https:\/\/www.europesays.com\/fr\/wp-json\/wp\/v2\/posts\/316767\/revisions"}],"wp:featuredmedia":[{"embeddable":true,"href":"https:\/\/www.europesays.com\/fr\/wp-json\/wp\/v2\/media\/316768"}],"wp:attachment":[{"href":"https:\/\/www.europesays.com\/fr\/wp-json\/wp\/v2\/media?parent=316767"}],"wp:term":[{"taxonomy":"category","embeddable":true,"href":"https:\/\/www.europesays.com\/fr\/wp-json\/wp\/v2\/categories?post=316767"},{"taxonomy":"post_tag","embeddable":true,"href":"https:\/\/www.europesays.com\/fr\/wp-json\/wp\/v2\/tags?post=316767"}],"curies":[{"name":"wp","href":"https:\/\/api.w.org\/{rel}","templated":true}]}}