{"id":316771,"date":"2025-08-13T17:39:21","date_gmt":"2025-08-13T17:39:21","guid":{"rendered":"https:\/\/www.europesays.com\/fr\/316771\/"},"modified":"2025-08-13T17:39:21","modified_gmt":"2025-08-13T17:39:21","slug":"en-direct-psg-tottenham-la-supercoupe-deurope-deja-un-1er-titre-pour-paris","status":"publish","type":"post","link":"https:\/\/www.europesays.com\/fr\/316771\/","title":{"rendered":"EN DIRECT &#8211; PSG-Tottenham : la Supercoupe d&rsquo;Europe, d\u00e9j\u00e0 un 1er titre pour Paris ?"},"content":{"rendered":"<ul class=\"jsx-862013697 ArticleChapo__List\">\n<li class=\"jsx-862013697 ArticleChapo__List_Item flex\">Le PSG lance sa nouvelle saison, mercredi 13 ao\u00fbt, contre Tottenham en Supercoupe d&rsquo;Europe.<\/li>\n<li class=\"jsx-862013697 ArticleChapo__List_Item flex\">Pour son match de rentr\u00e9e, le club parisien, aur\u00e9ol\u00e9 de son titre de champion d&rsquo;Europe, a l&rsquo;occasion de soulever son premier troph\u00e9e de la saison.<\/li>\n<li class=\"jsx-862013697 ArticleChapo__List_Item flex\">Un choc \u00e0 suivre en live comment\u00e9 sur TF1info.<\/li>\n<\/ul>\n<p><a href=\"https:\/\/www.tf1info.fr\/actualite\/football-ligue-des-champions-2024-2025-une-nouvelle-ere-s-ouvre-psg-lille-monaco-brest-real-madrid-machester-city-13795\/\" rel=\"noopener\" class=\"jsx-484472199 Link jsx-1428418400 jsx-2089987738\" target=\"_blank\"><\/p>\n<p style=\"font-weight:400\" class=\"jsx-1837267516\">Suivez la couverture compl\u00e8te<\/p>\n<p style=\"font-weight:800\" class=\"jsx-1837267516\">Le PSG remporte sa premi\u00e8re Ligue des champions<\/p>\n<p><\/a><img decoding=\"async\" src=\"https:\/\/www.europesays.com\/fr\/wp-content\/uploads\/2025\/08\/supercoupe-d-europe-trophee-5233b8-0@1x.jpeg\" alt=\"Sergei GAPON \/ AFP\" loading=\"lazy\" importance=\"low\" fetchpriority=\"low\" class=\"\"\/>A VENIR<\/p>\n<p class=\"jsx-1738046559 ScoreBoard__SubTitle\">Supercoupe d&rsquo;Europe<\/p>\n<p class=\"jsx-1738046559 ScoreBoard__SubTitle\">Le 13 ao\u00fbt 2025 , Stadio Friuli, \u00e0 Udine (Italie)<\/p>\n<p class=\"jsx-1738046559 ScoreBoard__Teams__NameA\">PSG<\/p>\n<p class=\"jsx-1738046559 ScoreBoard__Teams__NameB\">Tottenham<\/p>\n<p><img decoding=\"async\" src=\"https:\/\/www.europesays.com\/fr\/wp-content\/uploads\/2025\/04\/psg-logo-small-bbc591-2@1x.png\" alt=\"\" loading=\"eager\" importance=\"low\" fetchpriority=\"low\" class=\"\"\/><\/p>\n<p>0 &#8211; 0<\/p>\n<p><img decoding=\"async\" src=\"https:\/\/www.europesays.com\/fr\/wp-content\/uploads\/2025\/08\/tottenham-logo-ok-c519f9-0@1x.png\" alt=\"\" loading=\"eager\" importance=\"low\" fetchpriority=\"low\" class=\"\"\/><\/p>\n<p>Valider les filtresR\u00e9initialiser les filtres<\/p>\n<p>Minute par minuteFiltrer par ActionsFiltrerAVANT-MATCH19:35<\/p>\n<p>Tous les vainqueurs de la Supercoupe d&rsquo;Europe depuis 2000. Le laur\u00e9at de l&rsquo;\u00e9dition de 2025 sera un vainqueur in\u00e9dit, le PSG et Tottenham n&rsquo;ayant jamais soulev\u00e9 ce troph\u00e9e.<\/p>\n<blockquote data-testid=\"EmbedTwitter\" id=\"tweet-1955190883822997886-:R3j19lklcmj9n79m:\" class=\"jsx-aeff1a1c40f54d7a twitter-tweet flex justify-center items-center\"><p>Every winner since 2000&#8230;  Who&rsquo;s next? \ud83e\udd37\u200d\u2642\ufe0f #SuperCup pic.twitter.com\/j0Ykxaj94m \u2014 UEFA Champions League (@ChampionsLeague)  August 12, 2025<\/p><\/blockquote>\n<p>AVANT-MATCH19:23<\/p>\n<p>Outre le troph\u00e9e, le club vainqueur de la Supercoupe d&rsquo;Europe repartira d&rsquo;Italie avec un ch\u00e8que de 5 millions d&rsquo;euros. L&rsquo;\u00e9quipe perdante se consolera avec 4 millions d&rsquo;euros tout de m\u00eame.<\/p>\n<p>AVANT-MATCH19:20<\/p>\n<p>Le Stade Friuli, qui accueille la Supercoupe d&rsquo;Europe, est l&rsquo;un des stades les plus verts au monde. L&rsquo;\u00e9nergie renouvelable g\u00e9n\u00e9r\u00e9e par ses 2409 panneaux solaires alimente le lieu toute l&rsquo;ann\u00e9e.<\/p>\n<blockquote data-testid=\"EmbedTwitter\" id=\"tweet-1955600164846236032-:R3j39lklcmj9n79m:\" class=\"jsx-aeff1a1c40f54d7a twitter-tweet flex justify-center items-center\"><p>\ud83c\udf0d Did you know? Tonight\u2019s  #SuperCup will be played in one of football\u2019s greenest stadiums. \ud83c\udfdf\ufe0f Stadio Friuli\u2019s 2,409 solar panels generate enough renewable energy to power the venue all year.  pic.twitter.com\/2rbTQAlr70 \u2014 UEFA (@UEFA)  August 13, 2025<\/p><\/blockquote>\n<p>AVANT-MATCH19:14<\/p>\n<p>Les deux \u00e9quipes ne se sont jamais affront\u00e9 en comp\u00e9tition officielle. Leur seule confrontation remonte \u00e0 un match amicale lors de l&rsquo;ICC 2017 avec un succ\u00e8s des Spurs (4-2), le 22 juillet 2017. Tottenham va donc devenir le 227e adversaire officiel du PSG depuis 1970, succ\u00e9dant \u00e0 Botafogo, \u00e0 Seattle et Miami.<\/p>\n<p>AVANT-MATCH19:07<\/p>\n<p>Lors des 12 derni\u00e8res \u00e9ditions, le vainqueur de la Ligue des champions s&rsquo;est impos\u00e9 \u00e0 11 reprises face au vainqueur de la Ligue Europa. Seule exception : l&rsquo;Atl\u00e9tico de Madrid en 2018.<\/p>\n<blockquote data-testid=\"EmbedTwitter\" id=\"tweet-1955525607657443698-:R3j59lklcmj9n79m:\" class=\"jsx-aeff1a1c40f54d7a twitter-tweet flex justify-center items-center\"><p>2018 &#8211; 11 of the last 12 editions of the UEFA Super Cup have been won by the previous season\u2019s UEFA Champions League winners, with the exception being Atl\u00e9tico de Madrid\u2019s 4-2 win over Real Madrid in 2018. Singularity. #UEFASuperCup pic.twitter.com\/InyORJPgYH \u2014 OptaJose (@OptaJose)  August 13, 2025<\/p><\/blockquote>\n<p>AVANT-MATCH19:04<\/p>\n<p>Tottenham va devenir ce mercredi soir le 6e club anglais affront\u00e9 par le club de la capitale depuis le 1er janvier 2025 apr\u00e8s Manchester City, Liverpool, Aston Villa, Arsenal et Chelsea.<\/p>\n<p>AVANT-MATCH18:58<\/p>\n<p>Le PSG arborera ce soir l&rsquo;\u00e9toile de champion d&rsquo;Europe.<\/p>\n<blockquote data-testid=\"EmbedTwitter\" id=\"tweet-1955674660366176587-:R3j79lklcmj9n79m:\" class=\"jsx-aeff1a1c40f54d7a twitter-tweet flex justify-center items-center\"><p>Coup d&rsquo;oeil dans le vestiaire de nos Parisiens. \ud83d\udc40\ud83d\udc55 #SuperCup pic.twitter.com\/Ves9TMNgqL \u2014 Paris Saint-Germain (@PSG_inside)  August 13, 2025<\/p><\/blockquote>\n<p>AVANT-MATCH16:04<\/p>\n<p>Cette rencontre de Supercoupe d&rsquo;Europe se d\u00e9roule en plein feuilleton sur l&rsquo;avenir de Gianluigi Donnarumma. \u00c9cart\u00e9 du groupe parisien et pouss\u00e9 vers la sortie, le gardien italien a post\u00e9 un message en forme d&rsquo;adieux \u00e0 la veille du match.\u00a0<\/p>\n<p>Sports<img decoding=\"async\" src=\"https:\/\/www.europesays.com\/fr\/wp-content\/uploads\/2025\/08\/gianluigi-donnarumma-psg-juillet-2025-8416d9-0@1x.jpeg\" alt=\"Le portier italien Gianluigi Donnarumma sous les couleurs du PSG, le 13 juillet 2025.\" loading=\"lazy\" importance=\"low\" fetchpriority=\"low\" class=\"\" aria-hidden=\"true\"\/>AVANT-MATCH15:59<\/p>\n<p>Apr\u00e8s trois semaines de vacances seulement, les champions d&rsquo;Europe d\u00e9barquent \u00e0 Udine en plein bouleversement dans les buts, avec le d\u00e9classement de Gigio Donnarumma au profit de Lucas Chevalier, mais avec 9 joueurs nomm\u00e9s au prochain Ballon d&rsquo;Or, un record. De quoi vivre un \u00e9t\u00e9 bien particulier.<\/p>\n<p>Sports<img decoding=\"async\" src=\"https:\/\/www.europesays.com\/fr\/wp-content\/uploads\/2025\/08\/dembele-doue-psg-mai-2025-d94ea4-0@1x.jpeg\" alt=\"ILLUSTRATION\" loading=\"lazy\" importance=\"low\" fetchpriority=\"low\" class=\"\" aria-hidden=\"true\"\/>Publi\u00e9 aujourd&rsquo;hui \u00e0 9h30AVANT-MATCH15:57<\/p>\n<p>En 1997, 20 ans avant la remontada subie face au Bar\u00e7a, le PSG se faisait humilier par la Juventus Turin de Zidane. Le club parisien avait pris l&rsquo;eau (1-6) sous la bronca du Parc des Princes.<\/p>\n<p>Sports<img decoding=\"async\" src=\"https:\/\/www.europesays.com\/fr\/wp-content\/uploads\/2025\/08\/psg-juventus-turin-1997-d908cd-0@1x.jpeg\" alt=\"Zinedine Zidane \u00e0 la lutte avec Laurent Fournier, le 15 janvier 1997.\" loading=\"lazy\" importance=\"low\" fetchpriority=\"low\" class=\"\" aria-hidden=\"true\"\/>Publi\u00e9 le 5 septembre 2022 \u00e0 18h15AVANT-MATCH15:54<\/p>\n<p>Un mois apr\u00e8s sa d\u00e9faite en finale du Mondial des clubs, le PSG fait d\u00e9j\u00e0 sa rentr\u00e9e avec la possibilit\u00e9 d&rsquo;accrocher son premier titre de la saison : la Supercoupe d&rsquo;Europe. Un troph\u00e9e que le club parisien a \u00e9chou\u00e9 \u00e0 remporter lors de sa seule participation, en 1997, avec une lourde d\u00e9faite 6-1 contre la Juventus.<\/p>\n<p>Sports<img decoding=\"async\" src=\"https:\/\/www.europesays.com\/fr\/wp-content\/uploads\/2025\/08\/ousmane-dembele-achraf-hakimi-psg-mondial-des-clubs-2025-c12491-0@1x.jpeg\" alt=\"Ousmane Demb\u00e9l\u00e9 et Achraf Hakimi c\u00e9l\u00e8brent lors du Mondial des clubs, le 9 juillet 2025.\" loading=\"lazy\" importance=\"low\" fetchpriority=\"low\" class=\"\" aria-hidden=\"true\"\/>Publi\u00e9 aujourd&rsquo;hui \u00e0 11h41BIENVENUE15:52<\/p>\n<p>Bonjour \u00e0 toutes et \u00e0 tous. Bienvenue sur TF1info pour suivre la rencontre de Supercoupe d&rsquo;Europe qui va opposer le PSG, vainqueur de la Ligue des champions, \u00e0 Tottenham, laur\u00e9at de la Ligue Europa. Le coup d&rsquo;envoi sera donn\u00e9 \u00e0 21h au Stade Friuli d&rsquo;Udine, en Italie, par l&rsquo;arbitre portugais Joao Pinheiro.<\/p>\n<p data-module=\"article-paragraph\" class=\"jsx-3046738180 Paragraph\">Le plus dur commence pour le PSG. <a href=\"https:\/\/www.tf1info.fr\/sport\/football-le-psg-vainqueur-de-la-ligue-des-champions-comment-luis-enrique-a-hisse-paris-sur-le-toit-de-l-europe-inter-milan-2373807.html\" target=\"_blank\" rel=\"noopener\">Sacr\u00e9 champion d&rsquo;Europe<\/a> pour la premi\u00e8re fois de son histoire, au terme d&rsquo;une saison \u00e0 rallonge, conclue le 13 juillet par <a href=\"https:\/\/www.tf1info.fr\/sport\/football-en-direct-mondial-coupe-du-monde-des-clubs-le-psg-paris-affronte-chelsea-pour-un-quintuple-historique-2382667.html\" target=\"_blank\" rel=\"noopener\">une d\u00e9faite contre Chelsea (3-0)<\/a> en finale du Mondial des clubs, le club de la capitale ne compte pas en rester l\u00e0. Enfin parvenue au sommet, l&rsquo;\u00e9quipe de <a href=\"https:\/\/www.tf1info.fr\/actualite\/luis-enrique-13967\/\" target=\"_blank\" rel=\"noopener\">Luis Enrique<\/a> veut r\u00e9gner. \u00ab\u00a0Nous n&rsquo;en sommes qu&rsquo;au d\u00e9but, aux premiers pas d&rsquo;une \u00e9quipe qui veut devenir dominante\u00a0\u00bb, lan\u00e7ait-il en juin.<\/p>\n<p data-module=\"article-paragraph\" class=\"jsx-3046738180 Paragraph Paragraph__End\">Pour dominer, il faut \u00eatre capable d&rsquo;encha\u00eener les titres. Apr\u00e8s de courtes vacances, trois semaines seulement, les partenaires d&rsquo;<a href=\"https:\/\/www.tf1info.fr\/actualite\/fiche-joueur-ousmane-dembele-13439\/\" target=\"_blank\" rel=\"noopener\">Ousmane Demb\u00e9l\u00e9<\/a> vont avoir l&rsquo;opportunit\u00e9 d&rsquo;en soulever un nouveau. Ils se d\u00e9placent \u00e0 Udine, en Italie, pour disputer la Supercoupe d&rsquo;Europe, un troph\u00e9e que le club parisien a \u00e9chou\u00e9 \u00e0 remporter lors de sa seule participation, en 1996, avec <a href=\"https:\/\/www.tf1info.fr\/sport\/football-ligue-des-champions-15-janvier-1997-la-juventus-turin-l-autre-6-1-du-psg-2231333.html\" target=\"_blank\" rel=\"noopener\">une lourde d\u00e9faite 6-1<\/a> contre la Juventus Turin.<\/p>\n<p data-module=\"article-paragraph\" class=\"jsx-3046738180 Paragraph Paragraph__End\">\u00ab\u00a0Pour les titres, nous voulons \u00eatre pr\u00eats \u00e0 les viser tous\u00a0\u00bb, a affirm\u00e9 <a href=\"https:\/\/fr.uefa.com\/uefasupercup\/news\/029c-1e741d8c2f0a-7b24727e5ed2-1000--luis-enrique-sur-le-triomphe-du-paris-en-uefa-champions-lea\/\" target=\"_blank\" rel=\"nofollow noopener\">aupr\u00e8s de l&rsquo;UEFA (nouvelle fen\u00eatre)<\/a> Luis Enrique, qui a r\u00e9ussi \u00e0 conserver l&rsquo;ossature de son groupe, tout en apportant du sang neuf dans le secteur d\u00e9fensif avec les arriv\u00e9es du gardien tricolore <a href=\"https:\/\/www.tf1info.fr\/actualite\/fiche-joueur-lucas-chevalier-13839\/\" target=\"_blank\" rel=\"noopener\">Lucas Chevalier<\/a> et du d\u00e9fenseur ukrainien Illia Zabarnyi. \u00ab\u00a0Bien s\u00fbr, nous pensons tous que nous pouvons tous les gagner et r\u00e9it\u00e9rer cet exploit cette ann\u00e9e, ce qui signifierait entrer dans l&rsquo;Histoire par la grande porte, et cela nous donne une motivation particuli\u00e8re.\u00a0\u00bb<\/p>\n<p><a href=\"https:\/\/www.tf1info.fr\/sport\/football-supercoupe-d-europe-match-psg-paris-tottenham-a-quelle-heure-et-sur-quelle-chaine-suivre-ce-choc-europeen-2388135.html\" rel=\"noopener\" class=\"jsx-3308031228 Link flex\" target=\"_blank\"><img decoding=\"async\" src=\"https:\/\/www.europesays.com\/fr\/wp-content\/uploads\/2025\/08\/ousmane-dembele-achraf-hakimi-psg-mondial-des-clubs-2025-f6e1df-0@1x.jpeg\" alt=\"Ousmane Demb\u00e9l\u00e9 et Achraf Hakimi c\u00e9l\u00e8brent lors du Mondial des clubs, le 9 juillet 2025.\" loading=\"lazy\" importance=\"low\" fetchpriority=\"low\" class=\"\" aria-hidden=\"true\"\/><\/p>\n<p class=\"jsx-3657663356 ReadMoreArticle__Title\">Lire aussi<\/p>\n<p class=\"jsx-3657663356\">Supercoupe d&rsquo;Europe : \u00e0 quelle heure et sur quelle cha\u00eene suivre le choc PSG-Tottenham ?<\/p>\n<p><\/a><\/p>\n<p data-module=\"article-paragraph\" class=\"jsx-3046738180 Paragraph Paragraph__End\">La \u00ab\u00a0motivation\u00a0\u00bb parisienne ne va pas tarder \u00e0 \u00eatre mise \u00e0 l&rsquo;\u00e9preuve. Pour son match de rentr\u00e9e, mercredi 13 ao\u00fbt (\u00e0 21h, <a href=\"https:\/\/www.tf1info.fr\/sport\/football-supercoupe-d-europe-match-psg-paris-tottenham-a-quelle-heure-et-sur-quelle-chaine-suivre-ce-choc-europeen-2388135.html\" target=\"_blank\" rel=\"noopener\">en live comment\u00e9 sur TF1info<\/a>), le PSG &#8211; sans Gianluigi Donnarumma, invit\u00e9 \u00e0 prendre la porte &#8211; se mesure \u00e0 Tottenham. Le vainqueur de la derni\u00e8re Ligue Europa n&rsquo;a, lui, qu&rsquo;une envie, comme toutes les \u00e9quipes qui affronteront Paris cette saison : faire tomber le champion d&rsquo;Europe.<\/p>\n<p data-module=\"article-paragraph\" class=\"jsx-3046738180 Paragraph Paragraph__End\"><strong>Suivez le choc PSG-Tottenham en Supercoupe d&rsquo;Europe dans notre live comment\u00e9 ci-dessus.<\/strong><\/p>\n<p>Yohan ROBLIN<\/p>\n<p><script async src=\"https:\/\/platform.twitter.com\/widgets.js\" charset=\"utf-8\"><\/script><\/p>\n","protected":false},"excerpt":{"rendered":"Le PSG lance sa nouvelle saison, mercredi 13 ao\u00fbt, contre Tottenham en Supercoupe d&rsquo;Europe. Pour son match de&hellip;\n","protected":false},"author":2,"featured_media":316772,"comment_status":"","ping_status":"","sticky":false,"template":"","format":"standard","meta":{"footnotes":""},"categories":[1586],"tags":[1111,11,1921,1777,674,63,1011,27,1922,27087,12,93,25,133,4712],"class_list":{"0":"post-316771","1":"post","2":"type-post","3":"status-publish","4":"format-standard","5":"has-post-thumbnail","7":"category-europe","8":"tag-actu","9":"tag-actualites","10":"tag-article-video","11":"tag-eu","12":"tag-europe","13":"tag-football","14":"tag-fr","15":"tag-france","16":"tag-info","17":"tag-le-psg-remporte-sa-premiere-ligue-des-champions","18":"tag-news","19":"tag-psg","20":"tag-republique-francaise","21":"tag-video","22":"tag-video-sports"},"share_on_mastodon":{"url":"https:\/\/pubeurope.com\/@fr\/115022684045198707","error":""},"_links":{"self":[{"href":"https:\/\/www.europesays.com\/fr\/wp-json\/wp\/v2\/posts\/316771","targetHints":{"allow":["GET"]}}],"collection":[{"href":"https:\/\/www.europesays.com\/fr\/wp-json\/wp\/v2\/posts"}],"about":[{"href":"https:\/\/www.europesays.com\/fr\/wp-json\/wp\/v2\/types\/post"}],"author":[{"embeddable":true,"href":"https:\/\/www.europesays.com\/fr\/wp-json\/wp\/v2\/users\/2"}],"replies":[{"embeddable":true,"href":"https:\/\/www.europesays.com\/fr\/wp-json\/wp\/v2\/comments?post=316771"}],"version-history":[{"count":0,"href":"https:\/\/www.europesays.com\/fr\/wp-json\/wp\/v2\/posts\/316771\/revisions"}],"wp:featuredmedia":[{"embeddable":true,"href":"https:\/\/www.europesays.com\/fr\/wp-json\/wp\/v2\/media\/316772"}],"wp:attachment":[{"href":"https:\/\/www.europesays.com\/fr\/wp-json\/wp\/v2\/media?parent=316771"}],"wp:term":[{"taxonomy":"category","embeddable":true,"href":"https:\/\/www.europesays.com\/fr\/wp-json\/wp\/v2\/categories?post=316771"},{"taxonomy":"post_tag","embeddable":true,"href":"https:\/\/www.europesays.com\/fr\/wp-json\/wp\/v2\/tags?post=316771"}],"curies":[{"name":"wp","href":"https:\/\/api.w.org\/{rel}","templated":true}]}}