{"id":316773,"date":"2025-08-13T17:40:25","date_gmt":"2025-08-13T17:40:25","guid":{"rendered":"https:\/\/www.europesays.com\/fr\/316773\/"},"modified":"2025-08-13T17:40:25","modified_gmt":"2025-08-13T17:40:25","slug":"les-rares-confidences-de-raphael-quenard-sur-sa-vie-privee","status":"publish","type":"post","link":"https:\/\/www.europesays.com\/fr\/316773\/","title":{"rendered":"Les rares confidences de Rapha\u00ebl Quenard sur sa vie priv\u00e9e"},"content":{"rendered":"<p>\u00ab\u00a0Dog et Mirales, amis d\u2019enfance, vivent dans un petit village et passent la majeure partie de leurs journ\u00e9es \u00e0 tra\u00eener. Mirales a pris l\u2019habitude de taquiner Dog, plus que de raison. Cet automne-l\u00e0, Dog rencontre Elsa avec laquelle il vit une histoire d\u2019amour. La distance qui s\u2019installe entre les deux jeunes hommes va leur permettre de grandir et de trouver leur place\u00a0\u00bb. Mercredi 13 ao\u00fbt 2025, <a href=\"https:\/\/www.programme-tv.net\/news\/cinema\/353316-il-me-laissait-des-messages-vocaux-raphael-quenard-revele-la-demande-insistante-du-realisateur-de-chien-de-la-casse-sur-le-tournage\/\" data-api-deeplink=\"teleloisirs:\/\/news\/353316\" rel=\"nofollow noopener\" target=\"_blank\">Rapha\u00ebl Quenard est dans Chien de la casse<\/a>, diffus\u00e9 \u00e0 20h55 sur Arte. Mais pas que. TF1 diffuse, d\u00e8s 21h10, <a href=\"https:\/\/www.programme-tv.net\/news\/cinema\/384848-ce-film-avec-jonathan-cohen-et-raphael-quenard-jamais-sorti-au-cinema-est-diffuse-ce-soir-a-la-tele\/\" data-api-deeplink=\"teleloisirs:\/\/news\/384848\" rel=\"nofollow noopener\" target=\"_blank\">Sentinelle, une com\u00e9die d\u00e9jant\u00e9e avec Jonathan Cohen<\/a>, dans laquelle il joue le capitaine R\u00e9mi Morisset. R\u00e9v\u00e9l\u00e9 sur le tard, le com\u00e9dien parle sans rel\u00e2che et sans filtre de son parcours, <a href=\"https:\/\/www.programme-tv.net\/news\/people\/383618-je-me-suis-fait-arreter-raphael-quenard-en-garde-a-vue-ses-revelations-sur-les-nombreux-vols-qu-il-a-commis\/\" data-api-deeplink=\"teleloisirs:\/\/news\/383618\" rel=\"nofollow noopener\" target=\"_blank\">sans en \u00e9luder les moments moins glorieux<\/a>. Mais s&rsquo;il y a une chose sur laquelle il est d&rsquo;ordinaire secret, c&rsquo;est sa vie priv\u00e9e. Or, mercredi 16 juillet 2025, Rapha\u00ebl Quenard \u00e9tait l&rsquo;invit\u00e9 de <a href=\"https:\/\/www.youtube.com\/watch?v=EPC_4FVUdnc&amp;t=6326s&amp;ab_channel=LEGEND\" rel=\"nofollow noopener\" target=\"_blank\">Legend<\/a>. Celui qui vient d&rsquo;\u00e9crire un livre (Clamser \u00e0 Tataouine aux \u00e9d.Flammarion) et de r\u00e9aliser I Love Peru, son premier long m\u00e9trage, se confie comme rarement sur l&rsquo;amour.<\/p>\n<p>                        Les aveux de Rapha\u00ebl Quenard sur ses histoires d&rsquo;amour<\/p>\n<p>\u00ab\u00a0Moi je ne suis pas du tout dragueur, tr\u00e8s timide. Je n\u2019ai jamais eu de copine avant 24 ans. Je te parle de l\u2019amour ! Quand j\u2019ai d\u00e9couvert qu\u2019il pouvait y avoir la symbiose entre charnel et intellect et qu\u2019il y avait le mariage des deux, \u00e7a, \u00e7a ne m\u2019est arriv\u00e9 qu\u2019\u00e0 24 ans\u00a0\u00bb, avoue-t-il. \u00ab\u00a0Avant, j\u2019ai eu des aventurettes de pacotille, mais qui n\u2019en \u00e9taient pas moins savoureuses. Mais j\u2019ai rencontr\u00e9 ce sentiment b\u00e9ni \u00e0 un \u00e2ge tardif et je l\u2019ai connu deux fois dans ma vie. Aujourd\u2019hui c\u2019est un peu plus facile, du fait de grandir, de prendre confiance en soi petit \u00e0 petit. Donc je peux oser parler. Mais aller aborder quelqu\u2019un, comme \u00e7a \u00e0 br\u00fble-pourpoint, comme le font les cavaliers que je vois \u00e0 m\u00eame la rue, aller interpeller quelqu\u2019un ? Pour moi c\u2019est un myst\u00e8re. Je ne saurais pas faire\u00a0\u00bb, s&rsquo;amuse-t-il face \u00e0 <a href=\"https:\/\/www.programme-tv.net\/biographie\/267245-pley-guillaume\/\" data-link-people=\"95bc9a23-1328-4102-a02e-6dd26578a108\" rel=\"nofollow noopener\" target=\"_blank\">Guillaume Pley<\/a>. S&rsquo;il ne donne pas d&rsquo;indice sur si cela s&rsquo;est reproduit depuis, il avoue tout de m\u00eame : \u00ab\u00a0J\u2019ai envie d\u2019y croire dur comme fer \u00e9tant donn\u00e9 que mes parents sont toujours ensemble et nous ont montr\u00e9 et inculqu\u00e9 cet exemple d\u2019une relation durable. Je ne peux qu\u2019y croire, vu que je l\u2019ai eu devant mes yeux pendant toute ma vie. Apr\u00e8s, est-ce que moi dans ma condition, avec le m\u00e9tier que je fais, je trouve \u00e7a plausible ? Pour l\u2019instant je suis dans une situation o\u00f9 j\u2019ai envie d\u2019y croire, et j\u2019ai envie de me consacrer \u00e0 un amour qui soit d\u00e9pourvu de l\u2019\u00e9lan passionnel des d\u00e9buts. [\u2026] Je r\u00eave de tomber amoureux d\u2019un quotidien avec quelqu\u2019un. Pas forc\u00e9ment de me fourvoyer dans la croyance d\u2019une relation qui va br\u00fbler pendant des d\u00e9cennies enti\u00e8res et me procurer le bonheur absolu, l\u2019extase\u00a0\u00bb.<\/p>\n<p>            Rapha\u00ebl Quenard au sujet de la paternit\u00e9 : \u00ab\u00a0Mon d\u00e9sir est d\u2019avoir des enfants\u00a0\u00bb<\/p>\n<p>Car s&rsquo;il a connu l&rsquo;amour, il a aussi connu ses d\u00e9convenues. \u00ab\u00a0J\u2019ai v\u00e9cu des ruptures au cours desquelles j\u2019ai pu prendre jusqu\u2019\u00e0 17 kilos. [\u2026] De toute fa\u00e7on, nul rem\u00e8de ne vaut le temps qui passe et l\u2019oubli qu\u2019il porte en lui, qui fera s\u2019\u00e9roder le souvenir de la personne, jusqu\u2019\u00e0 n\u2019en avoir plus qu\u2019une sensation diffuse\u00a0\u00bb. Du reste, \u00e0 34 ans, il r\u00eave de quotidien et de famille. \u00ab\u00a0Mon d\u00e9sir est d\u2019avoir des enfants, plusieurs si possible\u00a0\u00bb, conclut-il, ayant lui-m\u00eame grandi dans une fratrie soud\u00e9e.<\/p>\n","protected":false},"excerpt":{"rendered":"\u00ab\u00a0Dog et Mirales, amis d\u2019enfance, vivent dans un petit village et passent la majeure partie de leurs journ\u00e9es&hellip;\n","protected":false},"author":2,"featured_media":316774,"comment_status":"","ping_status":"","sticky":false,"template":"","format":"standard","meta":{"footnotes":""},"categories":[1586],"tags":[11,1376,45527,244,1777,674,1779,2081,1011,27,45526,12,28268,25,45528,1778,364],"class_list":{"0":"post-316773","1":"post","2":"type-post","3":"status-publish","4":"format-standard","5":"has-post-thumbnail","7":"category-europe","8":"tag-actualites","9":"tag-amour","10":"tag-chien-de-la-casse","11":"tag-commentaire","12":"tag-eu","13":"tag-europe","14":"tag-european-union","15":"tag-film","16":"tag-fr","17":"tag-france","18":"tag-i-love-peru-1565447277","19":"tag-news","20":"tag-raphau00ebl-quenard","21":"tag-republique-francaise","22":"tag-sentinelle","23":"tag-ue","24":"tag-union-europeenne"},"share_on_mastodon":{"url":"https:\/\/pubeurope.com\/@fr\/115022687344609794","error":""},"_links":{"self":[{"href":"https:\/\/www.europesays.com\/fr\/wp-json\/wp\/v2\/posts\/316773","targetHints":{"allow":["GET"]}}],"collection":[{"href":"https:\/\/www.europesays.com\/fr\/wp-json\/wp\/v2\/posts"}],"about":[{"href":"https:\/\/www.europesays.com\/fr\/wp-json\/wp\/v2\/types\/post"}],"author":[{"embeddable":true,"href":"https:\/\/www.europesays.com\/fr\/wp-json\/wp\/v2\/users\/2"}],"replies":[{"embeddable":true,"href":"https:\/\/www.europesays.com\/fr\/wp-json\/wp\/v2\/comments?post=316773"}],"version-history":[{"count":0,"href":"https:\/\/www.europesays.com\/fr\/wp-json\/wp\/v2\/posts\/316773\/revisions"}],"wp:featuredmedia":[{"embeddable":true,"href":"https:\/\/www.europesays.com\/fr\/wp-json\/wp\/v2\/media\/316774"}],"wp:attachment":[{"href":"https:\/\/www.europesays.com\/fr\/wp-json\/wp\/v2\/media?parent=316773"}],"wp:term":[{"taxonomy":"category","embeddable":true,"href":"https:\/\/www.europesays.com\/fr\/wp-json\/wp\/v2\/categories?post=316773"},{"taxonomy":"post_tag","embeddable":true,"href":"https:\/\/www.europesays.com\/fr\/wp-json\/wp\/v2\/tags?post=316773"}],"curies":[{"name":"wp","href":"https:\/\/api.w.org\/{rel}","templated":true}]}}