{"id":316777,"date":"2025-08-13T17:42:12","date_gmt":"2025-08-13T17:42:12","guid":{"rendered":"https:\/\/www.europesays.com\/fr\/316777\/"},"modified":"2025-08-13T17:42:12","modified_gmt":"2025-08-13T17:42:12","slug":"rappel-de-fromages-voici-la-liste-des-produits-potentiellement-contamines-a-la-listeria-ils-ne-doivent-pas-etre-consommes","status":"publish","type":"post","link":"https:\/\/www.europesays.com\/fr\/316777\/","title":{"rendered":"Rappel de fromages\u00a0: voici la liste des produits potentiellement contamin\u00e9s \u00e0 la listeria, ils ne doivent pas \u00eatre consomm\u00e9s"},"content":{"rendered":"<p class=\"paragraph text_align_left lp-f-body-02\">Ils ne doivent absolument pas \u00eatre consomm\u00e9s. Des dizaines de produits, commercialis\u00e9s dans toute la France, <a href=\"https:\/\/www.leparisien.fr\/societe\/sante\/au-moins-deux-morts-des-dizaines-de-fromages-rappeles-partout-en-france-ce-que-lon-sait-de-la-contamination-a-la-listeria-12-08-2025-NXRXFOYZPJBTFEDFV2VKWPDOPQ.php\" target=\"_blank\" rel=\"noreferrer nofollow noopener\">font l\u2019objet d\u2019un rappel de la part des autorit\u00e9s pour une suspicion de contamination<\/a> \u00e0 la listeria. Il s\u2019agit de fromages fabriqu\u00e9s dans une fromagerie industrielle de la Creuse, la soci\u00e9t\u00e9 Chavegrand, <a href=\"https:\/\/www.leparisien.fr\/economie\/consommation\/gare-aux-intoxications-alimentaires-plus-de-40-fromages-rappeles-pour-suspicion-de-listeria-12-08-2025-T6MXJ46YDVFZ5OV4UAYRO3BO6M.php\" target=\"_blank\" rel=\"noreferrer nofollow noopener\">vendus sous diff\u00e9rentes marques en France<\/a> et \u00e0 l\u2019international, dans les rayons de nombreux supermarch\u00e9s.<\/p>\n<p class=\"paragraph text_align_left lp-f-body-02\">Au moins 21 cas de list\u00e9riose (le nom de la maladie caus\u00e9 par la bact\u00e9rie listeria), dont deux mortels, <a href=\"https:\/\/www.leparisien.fr\/societe\/sante\/fromages-rappeles-deux-morts-apres-une-probable-contamination-a-la-bacterie-listeria-12-08-2025-TOL5IFX2WRBUBKXJTOYKR4YH54.php\" target=\"_blank\" rel=\"noreferrer nofollow noopener\">ont \u00e9t\u00e9 recens\u00e9s ces derni\u00e8res semaines par les autorit\u00e9s fran\u00e7aises<\/a> en lien avec cette possible contamination \u00e0 la listeria, a indiqu\u00e9 le gouvernement dans un communiqu\u00e9 mardi soir. L\u2019enqu\u00eate devra permettre de d\u00e9terminer comment ces fromages ont \u00e9t\u00e9 contamin\u00e9s.<\/p>\n<p class=\"paragraph text_align_left lp-f-body-02\">\u00ab Il est demand\u00e9 aux personnes qui d\u00e9tiendraient ces produits de ne pas les consommer \u00bb, a averti d\u00e8s mardi soir le gouvernement. Les personnes ayant consomm\u00e9 ces fromages \u00ab et <a href=\"https:\/\/www.leparisien.fr\/societe\/sante\/rappel-de-fromages-etat-grippal-maux-de-tete-vomissements-quels-sont-les-symptomes-de-la-listeriose-13-08-2025-I2HBG4UPY5EZ5NNET7AUVX76SE.php\" target=\"_blank\" rel=\"noreferrer nofollow noopener\">qui pr\u00e9sentaient de la fi\u00e8vre<\/a>, isol\u00e9es ou accompagn\u00e9es de maux de t\u00eate, et des courbatures, sont invit\u00e9es \u00e0 consulter leur m\u00e9decin traitant en lui signalant cette consommation \u00bb.<\/p>\n<p class=\"paragraph text_align_left lp-f-body-02\">L\u2019inqui\u00e9tude est telle que le site gouvernemental Rappel Conso o\u00f9 sont diffus\u00e9s ces rappels de produits s\u2019est retrouv\u00e9 \u00e0 plusieurs reprises en panne ces derni\u00e8res heures, rendant inaccessible l\u2019acc\u00e8s \u00e0 ces fiches de rappel.<\/p>\n<p class=\"paragraph text_align_left lp-f-body-02\">\u00c0 partir des donn\u00e9es diffus\u00e9es sur ce site gouvernemental, extraites ce 13 ao\u00fbt en milieu d\u2019apr\u00e8s-midi, Le Parisien vous propose ici la liste des produits concern\u00e9s par ce rappel. Ils sont identifi\u00e9s par le distributeur, la marque et un nom commercial. Chacun de ces r\u00e9f\u00e9rences est ensuite d\u00e9termin\u00e9 par un identifiant correspondant au num\u00e9ro figurant au niveau du code et les dates de p\u00e9remption.<\/p>\n<p>La liste des produits concern\u00e9s<\/p>\n<ul class=\"margin_bottom_md fs_18_26 fs_20_28_ad blue-dot\">\n<li class=\"mb_150 pl_325\"><b>Aldi<\/b> \u2013 Le Paturon Le petit doux fromage ovale \u00e0 p\u00e2te molle 300g \u2013 26065007 \u2013 Tous les lots, DDM entre le 16\/07\/2025 et le 17\/08\/2025<\/li>\n<li class=\"mb_150 pl_325\"><b>Aldi<\/b> \u2013 Le Paturon Coulommiers 350g \u2013 4068262050580 \u2013 Tous les lots, DDM entre le 12\/07\/2025 et le 17\/08\/2025<\/li>\n<li class=\"mb_150 pl_325\"><b>Aldi<\/b> \u2013 Le Paturon Camembert 250g \u2013 4068262050542 \u2013 Tous les lots, DDM entre le 15\/07\/2025 et le 14\/08\/2025<\/li>\n<li class=\"mb_150 pl_325\"><b>Carrefour<\/b> \u2013 Simpl Fromage double cr\u00e8me bo\u00eete 300g \u2013 3560070349869 \u2013 Lots c5141134, c5148134, c5155099, c5161122, c5163140, c5170111, c5178066, DDM du 12\/07\/2025 au 16\/08\/2025<\/li>\n<li class=\"mb_150 pl_325\"><b>Carrefour<\/b> \u2013 Carrefour Classic Coulommiers 350g \u2013 3270190021148 \u2013 Lots c5143086, c5148138, c5150123, c5148105, c5154094, c5158010, c5171064, c5174101, c5178079, c5182084, DDM du 15\/07\/2025 au 20\/08\/2025<\/li>\n<li class=\"mb_150 pl_325\"><b>Carrefour<\/b> \u2013 Carrefour Classic B\u00fbche de ch\u00e8vre 180g \u2013 3560071093716 \u2013 Lots c5144015, c5144016, c5152010, c5157029, c5160006, c5160008, c5161116, c5165015, c5170096, c5172034, c5178075, c5178076, c5181115, c5183100, DDM du 09\/07\/2025 au 18\/08\/2025<\/li>\n<li class=\"mb_150 pl_325\"><b>Carrefour<\/b> \u2013 Carrefour Classic Coeur complice 300g \u2013 3270190021278 \u2013 Lots c5144019, c5150019, c5151012, c5157028, c5162097, c5164002, c5168146, c5171065, c5175115, c5177131, c5181114, DDM du 13\/07\/2025 au 19\/08\/2025<\/li>\n<li class=\"mb_150 pl_325\"><b>Norma<\/b> \u2013 Le Chaignet L\u2019angedoux 30\u00a0% mg 300g \u2013 20004484 \u2013 DLC 10\/08\/2025<\/li>\n<li class=\"mb_150 pl_325\"><b>Norma<\/b> \u2013 Le Chaignet Fromage carr\u00e9 250g \u2013 20019761 \u2013 DLC 12\/08\/2025<\/li>\n<li class=\"mb_150 pl_325\"><b>Norma<\/b> \u2013 Le Chaignet Coulommiers 350g \u2013 20019754 \u2013 DLC 12\/08\/2025<\/li>\n<li class=\"mb_150 pl_325\"><b>Norma<\/b> \u2013 Le Chaignet Camemberg 250g 45\u00a0% mg \u2013 20011192 \u2013 DLC 14\/08\/2025<\/li>\n<li class=\"mb_150 pl_325\"><b>Norma<\/b> \u2013 Le Chaignet Camembert vieux porche 8x30g 240g \u2013 3365500001221 \u2013 DLC 14\/08\/2025<\/li>\n<li class=\"mb_150 pl_325\"><b>Intermarch\u00e9 Netto<\/b> \u2013 Netto Camembert 250g \u2013 3250390890232 \u2013 Toutes les DDM jusqu\u2019au 20\/08\/2025 inclus<\/li>\n<li class=\"mb_150 pl_325\"><b>Coop\u00e9rative Lochoise<\/b> \u2013 Charles\u00a0VII Camembert caract\u00e8re 250g \u2013 3173980020157 \u2013 Toutes les DDM jusqu\u2019au 29\/08\/2025 inclus<\/li>\n<li class=\"mb_150 pl_325\"><b>Coop\u00e9rative Lochoise<\/b> \u2013 Maitre Queue Camembert 250g \u2013 3173980023028 \u2013 Toutes les DDM jusqu\u2019au 13\/08\/2025 inclus<\/li>\n<li class=\"mb_150 pl_325\"><b>Carrefour\/Coop\u00e9rative U\/Intermarch\u00e9\/Leclerc\/Francap\/Centre Frais 23<\/b> \u2013 Vieux Porche Camembert 250g \u2013 3365500000590 \u2013 Toutes les DDM jusqu\u2019au 19\/08\/2025 inclus<\/li>\n<li class=\"mb_150 pl_325\"><b>Auchan\/Gemeix\/Carrefour\/Coop\u00e9rative U\/Intermarch\u00e9\/Leclerc\/Centre Frais 23<\/b> \u2013 Mariotte Brie \u2013 336550000392 \u2013 Toutes les DDM jusqu\u2019au 31\/08\/2025 inclus<\/li>\n<li class=\"mb_150 pl_325\"><b>Coop\u00e9rative U\/Leclerc\/Intermarch\u00e9\/Centre Frais 23<\/b> \u2013 Le Petit Grignoteur Fromage 200g \u2013 3365500000019 \u2013 Toutes les DDM jusqu\u2019au 16\/08\/2025 inclus<\/li>\n<li class=\"mb_150 pl_325\"><b>Leclerc\/Geimex<\/b> \u2013 Le P\u2019tit Mix Buchette au lait de m\u00e9lange vache et ch\u00e8vre 180g \u2013 3365500001207 \u2013 Toutes les DDM jusqu\u2019au 20\/08\/2025 inclus<\/li>\n<li class=\"mb_150 pl_325\"><b>Coop\u00e9rative U\/Intermarch\u00e9\/Leclerc<\/b> \u2013 Le Grignoteur Carr\u00e9 230g \u2013 3365500000538 \u2013 Toutes les DDM jusqu\u2019au 30\/08\/2025 inclus<\/li>\n<li class=\"mb_150 pl_325\"><b>Carrefour<\/b> \u2013 Le Berger Coulommiers 350g \u2013 3365500000897 \u2013 Toutes les DDM jusqu\u2019au 12\/08\/2025 inclus<\/li>\n<li class=\"mb_150 pl_325\"><b>Auchan<\/b> \u2013 Saveur D\u2019antan Camembert 250g \u2013 3365500001306 \u2013 Toutes les DDM jusqu\u2019au 13\/08\/2025 inclus<\/li>\n<li class=\"mb_150 pl_325\"><b>Auchan\/Geimex<\/b> \u2013 Saveur D\u2019antan Camembert 240g portions \u2013 3365500001443 \u2013 Toutes les DDM jusqu\u2019au 14\/08\/2025 inclus<\/li>\n<li class=\"mb_150 pl_325\"><b>Auchan\/Geimex<\/b> \u2013 Saveur D\u2019antan Fromage 200g \u2013 3365500000033 \u2013 Toutes les DDM jusqu\u2019au 20\/08\/2025 inclus<\/li>\n<li class=\"mb_150 pl_325\"><b>Geimex<\/b> \u2013 Saveur D\u2019antan Coulommiers 320g \u2013 3365500000507 \u2013 Toutes les DDM jusqu\u2019au 21\/08\/2025 inclus<\/li>\n<li class=\"mb_150 pl_325\"><b>Carrefour<\/b> \u2013 Le Berger Filet 3 fromages 200g \u2013 3365500001351 \u2013 Toutes les DDM jusqu\u2019au 18\/08\/2025 inclus<\/li>\n<li class=\"mb_150 pl_325\"><b>Leclerc<\/b> \u2013 Camembert 250g sans bo\u00eete \u2013 3365500000385 \u2013 Toutes les DDM jusqu\u2019au 14\/08\/2025 inclus<\/li>\n<li class=\"mb_150 pl_325\"><b>Leclerc<\/b> \u2013 Mariotte Camembert 250g \u2013 3365500000415 \u2013 Toutes les DDM jusqu\u2019au 14\/08\/2025 inclus<\/li>\n<li class=\"mb_150 pl_325\"><b>Intermarch\u00e9\/Leclerc\/Centre Frais 23<\/b> \u2013 Vieux Porche Coulommiers 320g \u2013 3365500000606 \u2013 Toutes les DDM jusqu\u2019au 02\/09\/2025 inclus<\/li>\n<li class=\"mb_150 pl_325\"><b>Centre Frais 23<\/b> \u2013 Double Cr\u00e8me Ovale 280g \u2013 3365500000009 \u2013 Toutes les DDM jusqu\u2019au 15\/08\/2025 inclus<\/li>\n<li class=\"mb_150 pl_325\"><b>Carrefour<\/b> \u2013 Le Lion Un Fromage Royal Fromage 200g \u2013 336550000064 \u2013 Toutes les DDM jusqu\u2019au 17\/08\/2025 inclus<\/li>\n<li class=\"mb_150 pl_325\"><b>Leclerc<\/b> \u2013 Le Pont De Bois Buchette au lait de m\u00e9lange 180g \u2013 3485932760005 \u2013 Toutes les DDM jusqu\u2019au 05\/08\/2025<\/li>\n<li class=\"mb_150 pl_325\"><b>Coop\u00e9rative U<\/b> \u2013 L\u2019angevine Fromage 230g \u2013 3365500000552 \u2013 Toutes les DDM jusqu\u2019au 09\/08\/2025<\/li>\n<li class=\"mb_150 pl_325\"><b>Leclerc\/Centre Frais 23<\/b> \u2013 Vieux Porche Buchette de ch\u00e8vre \u2013 3365500001054 \u2013 Toutes les DDM jusqu\u2019au 20\/08\/2025 inclus<\/li>\n<li class=\"mb_150 pl_325\"><b>Leclerc\/Centre Frais<\/b> \u2013 Vieux Porche Camembert caract\u00e8re 250g \u2013 3365500000613 \u2013 Toutes les DDM jusqu\u2019au 30\/08\/2025 inclus<\/li>\n<li class=\"mb_150 pl_325\"><b>Fresh\/Grand Frais\/Monmarch\u00e9.fr<\/b> \u2013 Sans Marque Gorgonzola aop \u00e0 la cuill\u00e8re \u2013 Lot n\u00b061382 \u2013 DLC entre le 22\/07\/2025 et le 22\/08\/2025<\/li>\n<li class=\"mb_150 pl_325\"><b>Carrefour\/Geimex<\/b> \u2013 Le Pere Alexandre Camembert 240g \u2013 3365500000149 \u2013 Toutes les DDM jusqu\u2019au 08\/08\/2025 inclus<\/li>\n<li class=\"mb_150 pl_325\"><b>Carrefour\/Leclerc\/Norma<\/b> \u2013 Vieux Porche Camembert portions 240g \u2013 3365500001221 \u2013 Toutes les DDM jusqu\u2019au 25\/08\/2025 inclus<\/li>\n<li class=\"mb_150 pl_325\"><b>Carrefour\/Leclerc<\/b> \u2013 La Belle Du Bocage Buchette de ch\u00e8vre 180g \u2013 3485932750006 \u2013 Toutes les DDM jusqu\u2019au 20\/08\/2025 inclus<\/li>\n<li class=\"mb_150 pl_325\"><b>Francap<\/b> \u2013 Belle France Coulommiers 350g \u2013 3258561429168 \u2013 Toutes les DDM jusqu\u2019au 12\/08\/2025 inclus<\/li>\n<li class=\"mb_150 pl_325\"><b>Francap<\/b> \u2013 Belle France Camembert 250g \u2013 3258561429144 \u2013 Toutes les DDM jusqu\u2019au 14\/08\/2025 inclus<\/li>\n<li class=\"mb_150 pl_325\"><b>Francap<\/b> \u2013 Belle France Ovale 300g \u2013 3258561429182 \u2013 Toutes les DDM jusqu\u2019au 17\/08\/2025 inclus<\/li>\n<li class=\"mb_150 pl_325\"><b>Metro<\/b> \u2013 Val Des Moines Filet 6 fromages 200g \u2013 3365500001313 \u2013 Toutes les DDM jusqu\u2019au 20\/08\/2025 inclus<\/li>\n<li class=\"mb_150 pl_325\"><b>Metro<\/b> \u2013 Duc De Loire Ovale 300g \u2013 3258561429168 \u2013 Toutes les DDM jusqu\u2019au 12\/08\/2025 inclus<\/li>\n<li class=\"mb_150 pl_325\"><b>U Enseigne<\/b> \u2013 U Camembert pasteuris\u00e9 21\u00a0% mg bo\u00eete 250g \u2013 3256224310136 \u2013 Lots c5144022, c5148036, c5152108, c5155117, c5158018, c5161127, c5163124, c5164091, c5168045, c5169092, c5169152, c5170143, c5172025, c5175072, c5176080, c5178058, c5179006, c5181012, DLC du 14\/07\/2025 au 14\/08\/2025<\/li>\n<li class=\"mb_150 pl_325\"><b>U Enseigne<\/b> \u2013 U Fromage pasteuris\u00e9 le carr\u00e9 23\u00a0% mg 230g \u2013 3256224310204 \u2013 Lots c5147079, c5150002, c5157030, c5160018, c5168111, c5169109, c5175118, c5177136, c5178074, c5179017, DLC du 16\/07\/2025 au 17\/08\/2025<\/li>\n<li class=\"mb_150 pl_325\"><b>Lidl France<\/b> \u2013 Ch\u00eane D\u2019argent Camembert 250g \u2013 4052917781233 \u2013 Toutes les DDM jusqu\u2019au 14\/08\/2025 inclus<\/li>\n<li class=\"mb_150 pl_325\"><b>Lidl France<\/b> \u2013 Ch\u00eane D\u2019argent Camembert tripartite 250g \u2013 4334035513096 \u2013 Toutes les DDM jusqu\u2019au 14\/08\/2025 inclus<\/li>\n<li class=\"mb_150 pl_325\"><b>Lidl France<\/b> \u2013 Ch\u00eane D\u2019argent Coulommiers 350g \u2013 4334035194134 \u2013 Toutes les DDM jusqu\u2019au 19\/08\/2025 inclus<\/li>\n<li class=\"mb_150 pl_325\"><b>Lidl France<\/b> \u2013 Ch\u00eane D\u2019argent Fromage ovale le doucr\u00e9meux 300g \u2013 4334035513119 \u2013 Toutes les DDM jusqu\u2019au 17\/08\/2025 inclus<\/li>\n<li class=\"mb_150 pl_325\"><b>Lidl France<\/b> \u2013 Ch\u00eane D\u2019argent B\u00fbche de ch\u00e8vre 180g \u2013 4052917200123 \u2013 Toutes les DDM jusqu\u2019au 12\/08\/2025 inclus<\/li>\n<li class=\"mb_150 pl_325\"><b>Lidl France<\/b> \u2013 Ch\u00eane D\u2019argent Petit des champs 200g \u2013 4335619101807 \u2013 Toutes les DDM jusqu\u2019au 20\/08\/2025 inclus<\/li>\n<li class=\"mb_150 pl_325\"><b>Epicerie Magazzino<\/b> \u2013 Pama Fromage stracciatella \u2013 9909312000000<\/li>\n<li class=\"mb_150 pl_325\"><b>Gaec Du Hameau Pillet<\/b> \u2013 Cr\u00e8me fraiche lot 73 et 74 \u2013 Lot 73 et 74 \u2013 DLC 31\/07\/2025<\/li>\n<li class=\"mb_150 pl_325\"><b>Super U Olonne<\/b> \u2013 Bergerie Du Brandais D\u00e9lice de brebis \u2013 3770015997103 120425 \u2013 DLC 19\/08\/2025<\/li>\n<li class=\"mb_150 pl_325\"><b>Cremiers Fromagers<\/b> \u2013 Bleu De Severac \u2013 1405 \u2013 DDM 13\/08\/2025, 27\/08\/2025, 03\/09\/2025<\/li>\n<li class=\"mb_150 pl_325\"><b>Sans enseigne<\/b> \u2013 Tommette fermi\u00e8re aux fleurs au lait cru des Vosges \u2013 3661439406787 51865094, 3661439406794 51785176, 3661439406794 51825190, 3661439406794 51865095 \u2013 DLC du 06\/08\/2025 au 14\/08\/2025<\/li>\n<li class=\"mb_150 pl_325\"><b>Metro France<\/b> \u2013 Metro Chef Reblochon Savoie AOP 450g env \u2013 351537 \u2013 DDM 08\/08\/2025<\/li>\n<li class=\"mb_150 pl_325\"><b>La Grande Epicerie De Paris\/Epic Sodigermain\/Monoprix Crim\u00e9e\/G20 Luce Passy\/Serfac<\/b> \u2013 La Hulotte Cr\u00e8me madame aux marrons 80g \u2013 3426720000125 174 \u2013 DLC 12\/07\/2025<\/li>\n<\/ul>\n","protected":false},"excerpt":{"rendered":"Ils ne doivent absolument pas \u00eatre consomm\u00e9s. Des dizaines de produits, commercialis\u00e9s dans toute la France, font l\u2019objet&hellip;\n","protected":false},"author":2,"featured_media":316778,"comment_status":"","ping_status":"","sticky":false,"template":"","format":"standard","meta":{"footnotes":""},"categories":[2],"tags":[11,1011,27,12,25,71,104],"class_list":{"0":"post-316777","1":"post","2":"type-post","3":"status-publish","4":"format-standard","5":"has-post-thumbnail","7":"category-actualites","8":"tag-actualites","9":"tag-fr","10":"tag-france","11":"tag-news","12":"tag-republique-francaise","13":"tag-sante","14":"tag-societe"},"share_on_mastodon":{"url":"https:\/\/pubeurope.com\/@fr\/115022695414848387","error":""},"_links":{"self":[{"href":"https:\/\/www.europesays.com\/fr\/wp-json\/wp\/v2\/posts\/316777","targetHints":{"allow":["GET"]}}],"collection":[{"href":"https:\/\/www.europesays.com\/fr\/wp-json\/wp\/v2\/posts"}],"about":[{"href":"https:\/\/www.europesays.com\/fr\/wp-json\/wp\/v2\/types\/post"}],"author":[{"embeddable":true,"href":"https:\/\/www.europesays.com\/fr\/wp-json\/wp\/v2\/users\/2"}],"replies":[{"embeddable":true,"href":"https:\/\/www.europesays.com\/fr\/wp-json\/wp\/v2\/comments?post=316777"}],"version-history":[{"count":0,"href":"https:\/\/www.europesays.com\/fr\/wp-json\/wp\/v2\/posts\/316777\/revisions"}],"wp:featuredmedia":[{"embeddable":true,"href":"https:\/\/www.europesays.com\/fr\/wp-json\/wp\/v2\/media\/316778"}],"wp:attachment":[{"href":"https:\/\/www.europesays.com\/fr\/wp-json\/wp\/v2\/media?parent=316777"}],"wp:term":[{"taxonomy":"category","embeddable":true,"href":"https:\/\/www.europesays.com\/fr\/wp-json\/wp\/v2\/categories?post=316777"},{"taxonomy":"post_tag","embeddable":true,"href":"https:\/\/www.europesays.com\/fr\/wp-json\/wp\/v2\/tags?post=316777"}],"curies":[{"name":"wp","href":"https:\/\/api.w.org\/{rel}","templated":true}]}}