{"id":316789,"date":"2025-08-13T17:51:10","date_gmt":"2025-08-13T17:51:10","guid":{"rendered":"https:\/\/www.europesays.com\/fr\/316789\/"},"modified":"2025-08-13T17:51:10","modified_gmt":"2025-08-13T17:51:10","slug":"soren-waerenskjold-remporte-la-2e-etape-du-tour-du-danemark-dans-un-final-a-suspense-axel-zingle-3e-lequipe","status":"publish","type":"post","link":"https:\/\/www.europesays.com\/fr\/316789\/","title":{"rendered":"Soren Waerenskjold remporte la 2e \u00e9tape du Tour du Danemark dans un final \u00e0 suspense, Axel Zingle 3e &#8211; L&#039;\u00c9quipe"},"content":{"rendered":"<ol>\n<li><a href=\"https:\/\/news.google.com\/rss\/articles\/CBMi8gFBVV95cUxQTklxYmtlM09VNnJOdXM2WnM4d2dxZ0R4SDVwb3ozc2k5TGNjV3Fuc2h5RUVkc1NYR3otQlhQV1F4elhBM05YbDVmQmg2MldhREQzbFk2ZTlyTmJLUV9DNlJyTl9tNEZYY1ZiWmVuS0dmSVgwSnV5czlIUF91amhYWi1tR2puSzhQNURMT0V6NUF3UDNqdm0xMjN2ME9PaV9xU09Ma3M5d1FXaTd4N0RuZmRLbThFX2gxektxRjVlWWxQNXd3a2lSdi1sVzh6QnVacTRVQkc3aERocTJaY3N4ZkZfazNIYnhXU3hieFRDdXdqUQ?oc=5\" target=\"_blank\" rel=\"nofollow noopener\">Soren Waerenskjold remporte la 2e \u00e9tape du Tour du Danemark dans un final \u00e0 suspense, Axel Zingle 3e<\/a>&nbsp;&nbsp;L&rsquo;\u00c9quipe<\/li>\n<li><a href=\"https:\/\/news.google.com\/rss\/articles\/CBMiowFBVV95cUxObXdaOTM2dVdFVTh3ejFhQkQ1VjhQTEhPcThETzJiQ1hhaU1rRGJTZWVza2JrTEhiN21fZE92WEVib0ppUC1LNmxzZXZza09hUWlRd0dzbzM5MXEySkNoelRYTnZxT09EUkhvTWdWQWd2UHB1VXRzc1lLT3BOR2loTUpGMEZHOVFfNW1zRzZFS2p6TEE2YUlBM25Sb09sM3QwXzB3?oc=5\" target=\"_blank\" rel=\"nofollow noopener\">Cyclisme. Un podium pour l\u2019Alsacien Axel Zingle sur le Tour du Danemark<\/a>&nbsp;&nbsp;L&rsquo;Alsace<\/li>\n<li><a href=\"https:\/\/news.google.com\/rss\/articles\/CBMi_gFBVV95cUxQSi1TSTNpNGRvSkdJSk9EVEd5bmNIbV82WXN4VWRJY2hqa3pqWlhmbHdvaE1tWEpCZnFNcks1SnozQzh6ZlN3R2JrX2Y1RUQ0cHFjQV83ZzNmUkY5MVNCa0IzVVMzT1h2T04xend0NHF5WksxYTFsTERXeVIwZEc4SXdONVdjT1hMU21wY3ZJbjNuV0tyTXQtdkF6OHRPNzk4QmFRWDJDUjBIcHEzWUVtRlNmWFE1RVFEUUdNMDFpUmhsWE15OWQ3dzFNT0oySU01c3pmcWQ4a1pjV2ZDVDFEYkY5TEhDZWJwOWUyYXZ3anh5SlN1a3ZsS3oyM2pJUQ?oc=5\" target=\"_blank\" rel=\"nofollow noopener\">Cyclisme. Mads Pedersen remporte au sprint la premi\u00e8re \u00e9tape du Tour du Danemark<\/a>&nbsp;&nbsp;Ouest-France<\/li>\n<li><a href=\"https:\/\/news.google.com\/rss\/articles\/CBMilgJBVV95cUxPQ1RVdGt5R0lkX2lnMXJwUVpnNGlqalptZ1FfOEpEbnM0UFBhVU5WcER0NVZSRm90U1N1UC1jeG9HM2c2VjJkb1J2ajRxdWg4b2UyUEdFdThibGxpWU8xR3hsNTdxQ3RuTXpsQjh2M3NPSEMtYzZ0ZVJMMkk2Y0dXWGNPbTd4UnBPcF8wZnBEMlBpMUV2bko3c2RZR3N2eU85eXU5YzVKNGk2aGJ2T05raEpPVUZLQzF1TDBaSE1qQ3JFS1lJdkpvTktKOW1rVHpES01WTzJlMHBIZGNLZWZXbDZoUjZsb1dnSFpMaWk4amYxMTdRNGt1b21pczFzMXpsNmFfa1lhaXpkaXhtNUNnX2h6TUMwdw?oc=5\" target=\"_blank\" rel=\"nofollow noopener\">Cyclisme &#8211; PostNord Tour du Danemark 2025 &#8211; \u00c9tape 2 Dernier Kilom\u00e8tre &#8211; Soren Waerenskjold le plus puissant, Zingle 3e<\/a>&nbsp;&nbsp;Orange Actualit\u00e9s | Sports<\/li>\n<li><a href=\"https:\/\/news.google.com\/rss\/articles\/CBMipAFBVV95cUxNUUNYbjQ1Y21uNS1pQjVhOGZmd2h4dEFNVWlESmxBYmpnZFhNWG9HenE4ajduWmwxTndaVEFEQnFGRGl6Vm9mM0x6QjNHa3FHaExzcTQ1WFp1RFVWcGtmcS1kUDlJU3ZZODZmZ2VQMkNaaFgzdjlFSXEyMlVsLVJJclVvMHR1b05yNzlOS1VWc3ZGcWNDT3JRUHVYSGpFNy1uUktwRA?oc=5\" target=\"_blank\" rel=\"nofollow noopener\">Tour du Danemark 2025 : Soren Waerenskjold remporte la 2\u00e8me \u00e9tape au sprint<\/a>&nbsp;&nbsp;Dicodusport<\/li>\n<\/ol>\n","protected":false},"excerpt":{"rendered":"Soren Waerenskjold remporte la 2e \u00e9tape du Tour du Danemark dans un final \u00e0 suspense, Axel Zingle 3e&nbsp;&nbsp;L&rsquo;\u00c9quipe&hellip;\n","protected":false},"author":2,"featured_media":316790,"comment_status":"","ping_status":"","sticky":false,"template":"","format":"standard","meta":{"footnotes":""},"categories":[1411],"tags":[1154,207,1011,27,60],"class_list":{"0":"post-316789","1":"post","2":"type-post","3":"status-publish","4":"format-standard","5":"has-post-thumbnail","7":"category-cyclisme","8":"tag-cycling","9":"tag-cyclisme","10":"tag-fr","11":"tag-france","12":"tag-sports"},"share_on_mastodon":{"url":"https:\/\/pubeurope.com\/@fr\/115022730611068375","error":""},"_links":{"self":[{"href":"https:\/\/www.europesays.com\/fr\/wp-json\/wp\/v2\/posts\/316789","targetHints":{"allow":["GET"]}}],"collection":[{"href":"https:\/\/www.europesays.com\/fr\/wp-json\/wp\/v2\/posts"}],"about":[{"href":"https:\/\/www.europesays.com\/fr\/wp-json\/wp\/v2\/types\/post"}],"author":[{"embeddable":true,"href":"https:\/\/www.europesays.com\/fr\/wp-json\/wp\/v2\/users\/2"}],"replies":[{"embeddable":true,"href":"https:\/\/www.europesays.com\/fr\/wp-json\/wp\/v2\/comments?post=316789"}],"version-history":[{"count":0,"href":"https:\/\/www.europesays.com\/fr\/wp-json\/wp\/v2\/posts\/316789\/revisions"}],"wp:featuredmedia":[{"embeddable":true,"href":"https:\/\/www.europesays.com\/fr\/wp-json\/wp\/v2\/media\/316790"}],"wp:attachment":[{"href":"https:\/\/www.europesays.com\/fr\/wp-json\/wp\/v2\/media?parent=316789"}],"wp:term":[{"taxonomy":"category","embeddable":true,"href":"https:\/\/www.europesays.com\/fr\/wp-json\/wp\/v2\/categories?post=316789"},{"taxonomy":"post_tag","embeddable":true,"href":"https:\/\/www.europesays.com\/fr\/wp-json\/wp\/v2\/tags?post=316789"}],"curies":[{"name":"wp","href":"https:\/\/api.w.org\/{rel}","templated":true}]}}