{"id":316793,"date":"2025-08-13T17:53:10","date_gmt":"2025-08-13T17:53:10","guid":{"rendered":"https:\/\/www.europesays.com\/fr\/316793\/"},"modified":"2025-08-13T17:53:10","modified_gmt":"2025-08-13T17:53:10","slug":"on-esperait-secretement-quelle-ne-gagne-pas-la-perte-de-poids-de-pauline-ferrand-prevot-fait-encore-parler","status":"publish","type":"post","link":"https:\/\/www.europesays.com\/fr\/316793\/","title":{"rendered":"\u00ab\u00a0On esp\u00e9rait secr\u00e8tement qu\u2019elle ne gagne pas\u00a0\u00bb\u2026 La perte de poids de Pauline Ferrand-Pr\u00e9vot fait (encore) parler"},"content":{"rendered":"<p>Voil\u00e0 bient\u00f4t deux semaines que le<a href=\"https:\/\/www.20minutes.fr\/sport\/tour-france-femmes\/\" target=\"_blank\" class=\"c-link c-link--is-underlined\" rel=\"nofollow noopener\"> Tour de France f\u00e9minin<\/a> a pris fin, mais les discussions autour du poids de la grande gagnante <a href=\"https:\/\/www.20minutes.fr\/sport\/cyclisme\/tour-france-femmes\/4166565-20250804-tour-france-feminin-pauline-ferrand-prevot-plus-grande-sportive-francaise-tous-temps\" target=\"_blank\" class=\"c-link c-link--is-underlined\" rel=\"nofollow noopener\">Pauline Ferrand-Pr\u00e9vot<\/a>, lui, se poursuit. Interrog\u00e9e dans les colonnes du quotidien suisse Tages-Anzeiger, la coureuse Marlen Reusser a \u00e9voqu\u00e9 le choix de la Fran\u00e7aise de perdre pr\u00e8s de quatre kilos pour se donner le maximum de chance de remporter sa premi\u00e8re Grande Boucle.<\/p>\n<p>\u00ab\u00a0Ferrand-Pr\u00e9vot a \u00e9tabli une nouvelle norme. Lorsque des coureuses connaissent un tel succ\u00e8s, cela nous met tous sous pression. On esp\u00e9rait secr\u00e8tement qu\u2019elle ne gagne pas\u00a0\u00bb, n\u2019a pas h\u00e9sit\u00e9 \u00e0 lancer celle qui \u00e9tait consid\u00e9r\u00e9e comme l\u2019une des favorites \u00e0 la victoire finale sur le Tour cette ann\u00e9e. La leader de la Movistar avait finalement d\u00fb abandonner d\u00e8s la premi\u00e8re \u00e9tape en raison d\u2019une intoxication alimentaire.<\/p>\n<p>Un sujet r\u00e9current depuis sa victoire<\/p>\n<p>La cycliste de 33 ans, qui poss\u00e8de par ailleurs un doctorat en m\u00e9decine, pousse la r\u00e9flexion un peu plus loin et s\u2019interroge\u00a0: \u00ab\u00a0Quelles sont les cons\u00e9quences pour le corps\u00a0? Est-ce que cela n\u2019est finalement pas si nocif si cette carence n\u2019est pas permanente\u00a0? Dans quelle mesure s\u2019agit-il d\u2019une optimisation, et \u00e0 partir de quand cela devient-il pathologique\u00a0?\u00a0\u00bb, se demande-t-elle. \u00ab Lorsqu\u2019elle pr\u00e9sente son nouveau maillot et qu\u2019elle est visiblement fi\u00e8re qu\u2019il soit trop grand, cela envoie un message.\u00a0\u00bb<\/p>\n<\/p>\n<p>Pas \u00e9pargn\u00e9e <a href=\"https:\/\/www.20minutes.fr\/sport\/cyclisme\/tour-france-femmes\/4166643-20250804-tour-france-feminin-demi-vollering-necessaire-avoir-peau-os-gagner\" target=\"_blank\" class=\"c-link c-link--is-underlined\" rel=\"nofollow noopener\">par les critiques<\/a> depuis sa victoire \u00e0 Paris le 3\u00a0ao\u00fbt dernier, Pauline Ferrand-Pr\u00e9vot a de nouveau d\u00fb se justifier sur ce sujet, lundi. \u00ab\u00a0C\u2019est aux parents d\u2019\u00e9duquer les enfants et de leur expliquer que nous sommes des professionnelles donc que c\u2019est aussi notre travail d\u2019\u00eatre la meilleure possible\u00a0\u00bb, a-t-elle alors d\u00e9clar\u00e9.<\/p>\n","protected":false},"excerpt":{"rendered":"Voil\u00e0 bient\u00f4t deux semaines que le Tour de France f\u00e9minin a pris fin, mais les discussions autour du&hellip;\n","protected":false},"author":2,"featured_media":316794,"comment_status":"","ping_status":"","sticky":false,"template":"","format":"standard","meta":{"footnotes":""},"categories":[1359],"tags":[207,58,59,1011,27,24345,8011,973,5401,571,517,26588],"class_list":{"0":"post-316793","1":"post","2":"type-post","3":"status-publish","4":"format-standard","5":"has-post-thumbnail","7":"category-people","8":"tag-cyclisme","9":"tag-divertissement","10":"tag-entertainment","11":"tag-fr","12":"tag-france","13":"tag-minceur","14":"tag-pauline-ferrand-prevot","15":"tag-people","16":"tag-poids","17":"tag-regime","18":"tag-sport","19":"tag-tour-de-france-feminin"},"share_on_mastodon":{"url":"https:\/\/pubeurope.com\/@fr\/115022738520697970","error":""},"_links":{"self":[{"href":"https:\/\/www.europesays.com\/fr\/wp-json\/wp\/v2\/posts\/316793","targetHints":{"allow":["GET"]}}],"collection":[{"href":"https:\/\/www.europesays.com\/fr\/wp-json\/wp\/v2\/posts"}],"about":[{"href":"https:\/\/www.europesays.com\/fr\/wp-json\/wp\/v2\/types\/post"}],"author":[{"embeddable":true,"href":"https:\/\/www.europesays.com\/fr\/wp-json\/wp\/v2\/users\/2"}],"replies":[{"embeddable":true,"href":"https:\/\/www.europesays.com\/fr\/wp-json\/wp\/v2\/comments?post=316793"}],"version-history":[{"count":0,"href":"https:\/\/www.europesays.com\/fr\/wp-json\/wp\/v2\/posts\/316793\/revisions"}],"wp:featuredmedia":[{"embeddable":true,"href":"https:\/\/www.europesays.com\/fr\/wp-json\/wp\/v2\/media\/316794"}],"wp:attachment":[{"href":"https:\/\/www.europesays.com\/fr\/wp-json\/wp\/v2\/media?parent=316793"}],"wp:term":[{"taxonomy":"category","embeddable":true,"href":"https:\/\/www.europesays.com\/fr\/wp-json\/wp\/v2\/categories?post=316793"},{"taxonomy":"post_tag","embeddable":true,"href":"https:\/\/www.europesays.com\/fr\/wp-json\/wp\/v2\/tags?post=316793"}],"curies":[{"name":"wp","href":"https:\/\/api.w.org\/{rel}","templated":true}]}}