{"id":316795,"date":"2025-08-13T17:54:10","date_gmt":"2025-08-13T17:54:10","guid":{"rendered":"https:\/\/www.europesays.com\/fr\/316795\/"},"modified":"2025-08-13T17:54:10","modified_gmt":"2025-08-13T17:54:10","slug":"le-specialiste-de-la-photo-kodak-au-bord-du-gouffre-20-minutes","status":"publish","type":"post","link":"https:\/\/www.europesays.com\/fr\/316795\/","title":{"rendered":"Le sp\u00e9cialiste de la photo, Kodak, au bord du gouffre &#8211; 20 Minutes"},"content":{"rendered":"<ol>\n<li><a href=\"https:\/\/news.google.com\/rss\/articles\/CBMikAFBVV95cUxOMXc0RXlhc19JeGRPY2dZZUtEOHp6RjczUHFESE90dlVZbkEzRTlERlEwdGt1YS14QTJnOWowS29tZ1Q5S1Y1MXpoWWRTQTY0V050NlRkdENMV2VmLUdEaWJWclhYbm9ZWjJZMGd0YXRwLWpXazFhN21kNFJpVWJHcEhORWo4aHBGdDc5WmlOS3g?oc=5\" target=\"_blank\" rel=\"noopener\">Le sp\u00e9cialiste de la photo, Kodak, au bord du gouffre<\/a>&nbsp;&nbsp;20 Minutes<\/li>\n<li><a href=\"https:\/\/news.google.com\/rss\/articles\/CBMi8AJBVV95cUxNMXFSVUlHeDhoLUR3ODJMeUVSdWJEN2tzLWFJaTl5WlJLWVJWTUxJZ1dGcGVoYllaTEVVVUJxSXR2Z3AwVVpJWndLYS1pazdQX3VkeVJZcGc0REtGUGxnMS1vWUFkTzRabm9QcUozeHlpZmdva2VZYUFiWmc5MzhVSW1MeThPYkEwN2JseVRLQkU1RUNRYmhSZUlUbVQ5OXBOWHU2V1FfVWg1RkJPNWdCUVpPeFBfRld3Z3R4TzJpTlhiQ0hSWUg1S0ktUFZtMnBIdkVRaWRLcnhkWnNXNXZlSlhHbjFHQkxtWk5GT085dzZ1dGdZTUNQREZ0dkdTTXUweEsxU08wZGVKVkJTSkRZQkFwWXZQaDhrZnJvdDJoR0Q3WGhOMUR6bk1KeVRzMmEzNHZOb1NmdnpTTTRhYm14RzFIaFU1Z0xONUYwak1XS0Q5bUd6Mm9UYk9NMjh1a09DbXFPLU1lVU9NVUJzU3JJZg?oc=5\" target=\"_blank\" rel=\"noopener\">Kodak : l&rsquo;entreprise phare de la photographie en passe de dispara\u00eetre, faute de liquidit\u00e9s<\/a>&nbsp;&nbsp;Yahoo Life France<\/li>\n<li><a href=\"https:\/\/news.google.com\/rss\/articles\/CBMilAJBVV95cUxOSGloNHgwSHdaZUpaUWQ3ZVp2dmx1UG1NdTFQbkNIbTNHSWxmNjhYZVhVcHRUSEZzNWpJbzRjdTIyXy12a2x2N1NKQVhMd0hlcklyRHM0U1ZfWmpybEJjYldzaHBpZE9fZ0ZGQWotZklyRkpDNVpKUjJTMURSelVlTHF4SGphR05qLW9pYmxSUER5SUxad2FwTnp3RldKSVpDbnp1emIya09OcVlJeWJ3X1czbU1ieXB0LWtEUzNkWk1SVWJtSG56b2VqVmQ0QnFsQThQZXJpWmxFbUljZDJrLUZ2d2VJZHNpZ2xDQVhuU1M4XzF3MEFuYWZoT2JfRmVIVzBfa3duQXRncjJiaHJqY2xnb1A?oc=5\" target=\"_blank\" rel=\"noopener\">\u00ab\u00a0Des doutes sur notre capacit\u00e9 \u00e0 poursuivre notre activit\u00e9\u00a0\u00bb: pionnier de la photo depuis 133 ans, Kodak est au bord du gouffre<\/a>&nbsp;&nbsp;BFMTV<\/li>\n<li><a href=\"https:\/\/news.google.com\/rss\/articles\/CBMi7AFBVV95cUxOUWF6dzB0RTVBWTgtSGFFa1dTTFJHaXJ5TG5Fcjk4OUNyd0t1UW5jRjE4SG9Mc0pES3lwWHpSd3FVcG5ZRGhEZ1ZNS1RSY25JRnZUeVpoZlE3VExBRGlidnFMQXJ6ODQ5UUFLN2NvOTl0VE1zbDdEOWVCUWwzRERpVTNFNHp3a19XbEduUFllRUdJYjYwanYtWk95U1JQQzdFOTN6YVJOS052WVBNWkFGRjlBOUo4dWlHaFprVEUwalg2QnFMN0kta1NVYU81WkgxSGtsb05lZWxCVm0yZ2otemRlUDBMX2JTTXlFcA?oc=5\" target=\"_blank\" rel=\"noopener\">\u00abUn doute important sur la poursuite de nos activit\u00e9s\u00bb : pionnier de la photo, Kodak affirme \u00eatre proche de la faillite<\/a>&nbsp;&nbsp;Le Figaro<\/li>\n<li><a href=\"https:\/\/news.google.com\/rss\/articles\/CBMi5AFBVV95cUxQRzlGNEZpbi1aSTFxT3NMaUVsLVlYSUY5akV3NDRSa01yem1LeDB1WEhBWk1CS2FVQnpFcmFSNjRoN3k1ZVFlYTk4R2xadkFsbVBSeXl0Y1owdGMwR3lqSXViRERJQmpuNHZjUjh2dk5TT1JTLXZab183SWkyeC1lZU1OblR5SG9hZ2p4R1ZDOHYzb1U3X2VuUjNOVHlRcE1nWHZHdDQxZ1RsLURiRnJvRWxsX2ZkSmhDWGt3amszOV9yaFpUT2lxUlhJbjQ2WWN1SHlBN1RWWnhZLTE1WmNXVVdDZGY?oc=5\" target=\"_blank\" rel=\"noopener\">Apr\u00e8s 133 ans d\u2019existence, la c\u00e9l\u00e8bre entreprise de photo Kodak pourrait dispara\u00eetre<\/a>&nbsp;&nbsp;Actualit\u00e9s \u2013 Orange<\/li>\n<\/ol>\n","protected":false},"excerpt":{"rendered":"Le sp\u00e9cialiste de la photo, Kodak, au bord du gouffre&nbsp;&nbsp;20 Minutes Kodak : l&rsquo;entreprise phare de la photographie&hellip;\n","protected":false},"author":2,"featured_media":316796,"comment_status":"","ping_status":"","sticky":false,"template":"","format":"standard","meta":{"footnotes":""},"categories":[1358],"tags":[47,45529,1348,1384,1385,340,1386,58,33,59,1011,27,415,6901],"class_list":{"0":"post-316795","1":"post","2":"type-post","3":"status-publish","4":"format-standard","5":"has-post-thumbnail","7":"category-arts-et-design","8":"tag-actualite","9":"tag-appareil-photo","10":"tag-arts","11":"tag-arts-and-design","12":"tag-arts-et-design","13":"tag-bourse","14":"tag-design","15":"tag-divertissement","16":"tag-economie","17":"tag-entertainment","18":"tag-fr","19":"tag-france","20":"tag-new-york","21":"tag-wall-street"},"share_on_mastodon":{"url":"https:\/\/pubeurope.com\/@fr\/115022742415110932","error":""},"_links":{"self":[{"href":"https:\/\/www.europesays.com\/fr\/wp-json\/wp\/v2\/posts\/316795","targetHints":{"allow":["GET"]}}],"collection":[{"href":"https:\/\/www.europesays.com\/fr\/wp-json\/wp\/v2\/posts"}],"about":[{"href":"https:\/\/www.europesays.com\/fr\/wp-json\/wp\/v2\/types\/post"}],"author":[{"embeddable":true,"href":"https:\/\/www.europesays.com\/fr\/wp-json\/wp\/v2\/users\/2"}],"replies":[{"embeddable":true,"href":"https:\/\/www.europesays.com\/fr\/wp-json\/wp\/v2\/comments?post=316795"}],"version-history":[{"count":0,"href":"https:\/\/www.europesays.com\/fr\/wp-json\/wp\/v2\/posts\/316795\/revisions"}],"wp:featuredmedia":[{"embeddable":true,"href":"https:\/\/www.europesays.com\/fr\/wp-json\/wp\/v2\/media\/316796"}],"wp:attachment":[{"href":"https:\/\/www.europesays.com\/fr\/wp-json\/wp\/v2\/media?parent=316795"}],"wp:term":[{"taxonomy":"category","embeddable":true,"href":"https:\/\/www.europesays.com\/fr\/wp-json\/wp\/v2\/categories?post=316795"},{"taxonomy":"post_tag","embeddable":true,"href":"https:\/\/www.europesays.com\/fr\/wp-json\/wp\/v2\/tags?post=316795"}],"curies":[{"name":"wp","href":"https:\/\/api.w.org\/{rel}","templated":true}]}}