{"id":316797,"date":"2025-08-13T17:55:11","date_gmt":"2025-08-13T17:55:11","guid":{"rendered":"https:\/\/www.europesays.com\/fr\/316797\/"},"modified":"2025-08-13T17:55:11","modified_gmt":"2025-08-13T17:55:11","slug":"la-terrasse-sur-dorlay-la-bibliotheque-a-prete-plus-de-3-000-ouvrages-en-2024","status":"publish","type":"post","link":"https:\/\/www.europesays.com\/fr\/316797\/","title":{"rendered":"La Terrasse-sur-Dorlay. La biblioth\u00e8que a pr\u00eat\u00e9 plus de 3\u00a0000 ouvrages en 2024"},"content":{"rendered":"<p>Install\u00e9e \u00e0 l\u2019\u00e9tage de l\u2019\u00e9cole primaire du village, la biblioth\u00e8que fait partie du r\u00e9seau Itin\u00e9rances des m\u00e9diath\u00e8ques du Pays du Gier, qui permet d\u2019avoir acc\u00e8s \u00e0 tous les documents des structures adh\u00e9rentes au r\u00e9seau. Depuis septembre\u00a02024, l\u2019ancienne b\u00e9n\u00e9vole Mireille Choretier est devenue la responsable de la biblioth\u00e8que.<\/p>\n<p>\u00ab\u00a0Il faut aussi que les b\u00e9n\u00e9voles puissent \u00eatre \u00e0 l\u2019aise dans leurs missions\u00a0\u00bb<\/p>\n<p>La particularit\u00e9 de la biblioth\u00e8que du village, c\u2019est qu\u2019elle est g\u00e9r\u00e9e par des b\u00e9n\u00e9voles&#8230;.<\/p>\n","protected":false},"excerpt":{"rendered":"Install\u00e9e \u00e0 l\u2019\u00e9tage de l\u2019\u00e9cole primaire du village, la biblioth\u00e8que fait partie du r\u00e9seau Itin\u00e9rances des m\u00e9diath\u00e8ques du&hellip;\n","protected":false},"author":2,"featured_media":316798,"comment_status":"","ping_status":"","sticky":false,"template":"","format":"standard","meta":{"footnotes":""},"categories":[1357],"tags":[1379,12101,1687,58,7539,59,1011,27,21918,1380],"class_list":{"0":"post-316797","1":"post","2":"type-post","3":"status-publish","4":"format-standard","5":"has-post-thumbnail","7":"category-livres","8":"tag-books","9":"tag-bourg-argental-bassin","10":"tag-culture-loisirs","11":"tag-divertissement","12":"tag-edition-loire-sud","13":"tag-entertainment","14":"tag-fr","15":"tag-france","16":"tag-la-terrasse-sur-dorlay","17":"tag-livres"},"share_on_mastodon":{"url":"https:\/\/pubeurope.com\/@fr\/115022746346092680","error":""},"_links":{"self":[{"href":"https:\/\/www.europesays.com\/fr\/wp-json\/wp\/v2\/posts\/316797","targetHints":{"allow":["GET"]}}],"collection":[{"href":"https:\/\/www.europesays.com\/fr\/wp-json\/wp\/v2\/posts"}],"about":[{"href":"https:\/\/www.europesays.com\/fr\/wp-json\/wp\/v2\/types\/post"}],"author":[{"embeddable":true,"href":"https:\/\/www.europesays.com\/fr\/wp-json\/wp\/v2\/users\/2"}],"replies":[{"embeddable":true,"href":"https:\/\/www.europesays.com\/fr\/wp-json\/wp\/v2\/comments?post=316797"}],"version-history":[{"count":0,"href":"https:\/\/www.europesays.com\/fr\/wp-json\/wp\/v2\/posts\/316797\/revisions"}],"wp:featuredmedia":[{"embeddable":true,"href":"https:\/\/www.europesays.com\/fr\/wp-json\/wp\/v2\/media\/316798"}],"wp:attachment":[{"href":"https:\/\/www.europesays.com\/fr\/wp-json\/wp\/v2\/media?parent=316797"}],"wp:term":[{"taxonomy":"category","embeddable":true,"href":"https:\/\/www.europesays.com\/fr\/wp-json\/wp\/v2\/categories?post=316797"},{"taxonomy":"post_tag","embeddable":true,"href":"https:\/\/www.europesays.com\/fr\/wp-json\/wp\/v2\/tags?post=316797"}],"curies":[{"name":"wp","href":"https:\/\/api.w.org\/{rel}","templated":true}]}}