{"id":316801,"date":"2025-08-13T17:57:11","date_gmt":"2025-08-13T17:57:11","guid":{"rendered":"https:\/\/www.europesays.com\/fr\/316801\/"},"modified":"2025-08-13T17:57:11","modified_gmt":"2025-08-13T17:57:11","slug":"apres-35-grammy-et-plus-de-vingt-ans-de-carriere-beyonce-decroche-enfin-un-emmy-grace-a-son-beyonce-bowl","status":"publish","type":"post","link":"https:\/\/www.europesays.com\/fr\/316801\/","title":{"rendered":"Apr\u00e8s 35 Grammy et plus de vingt ans de carri\u00e8re, Beyonc\u00e9 d\u00e9croche enfin\u2026 un Emmy gr\u00e2ce \u00e0 son \u00ab\u00a0Beyonc\u00e9 Bowl\u00a0\u00bb"},"content":{"rendered":"<p>Quarante-deux ans, 35 <a href=\"https:\/\/www.20minutes.fr\/dossier\/grammy_awards\" class=\"c-link c-link--is-underlined\" rel=\"nofollow noopener\" target=\"_blank\">Grammy Awards<\/a>, et finalement\u2026 un Emmy. La superstar am\u00e9ricaine a remport\u00e9, ce mardi 12\u00a0ao\u00fbt, la r\u00e9compense des \u00ab\u00a0Meilleurs costumes pour une \u00e9mission de vari\u00e9t\u00e9, documentaire ou de t\u00e9l\u00e9-r\u00e9alit\u00e9\u00a0\u00bb pour son spectaculaire \u00ab\u00a0Beyonc\u00e9 Bowl\u00a0\u00bb, show de la mi-temps <a href=\"https:\/\/www.20minutes.fr\/sport\/nfl\/\" class=\"c-link c-link--is-underlined\" rel=\"nofollow noopener\" target=\"_blank\">NFL<\/a> diffus\u00e9 \u00e0 No\u00ebl 2024 sur <a href=\"https:\/\/www.20minutes.fr\/dossier\/netflix\" class=\"c-link c-link--is-underlined\" rel=\"nofollow noopener\" target=\"_blank\">Netflix<\/a>.<\/p>\n<\/p>\n<p>Un prix technique, mais symbolique<\/p>\n<p>Aux c\u00f4t\u00e9s de sa cr\u00e9atrice de costumes Shiona Turin et de ses assistantes Erica Rice et Molly Pete, <a href=\"https:\/\/www.20minutes.fr\/arts-stars\/people\/beyonce\/\" class=\"c-link c-link--is-underlined\" rel=\"nofollow noopener\" target=\"_blank\">Beyonc\u00e9<\/a> est distingu\u00e9e pour avoir fa\u00e7onn\u00e9 l\u2019esth\u00e9tique western de ce spectacle donn\u00e9 lors du match entre les Baltimore Ravens et les Houston Texans au NRG Stadium de <a href=\"https:\/\/www.20minutes.fr\/dossier\/houston\" class=\"c-link c-link--is-underlined\" rel=\"nofollow noopener\" target=\"_blank\">Houston<\/a>. Un show m\u00ealant titres embl\u00e9matiques et extraits de son album \u00ab\u00a0<a href=\"https:\/\/www.20minutes.fr\/arts-stars\/culture\/musique\/4163646-20250715-beyonce-musiques-inedites-chanteuse-volees-atlanta-durant-tournee-cowboy-carter\" class=\"c-link c-link--is-underlined\" rel=\"nofollow noopener\" target=\"_blank\">Cowboy Carter\u00a0<\/a>\u00bb, le tout dans une ambiance country assum\u00e9e entre bottes, franges et chapeau de cowboy.<\/p>\n<p>La performance, co-cr\u00e9\u00e9e avec Alex Rudzinski, avait \u00e9t\u00e9 salu\u00e9e pour sa d\u00e9mesure visuelle et sa pr\u00e9cision sc\u00e9nique. Diffus\u00e9 en direct sur Netflix, ce \u00ab\u00a0Beyonc\u00e9 Bowl\u00a0\u00bb avait marqu\u00e9 les esprits.<\/p>\n<p>Un pas de plus vers l\u2019EGOT<\/p>\n<p>D\u00e9cern\u00e9e dans le cadre des Creative Arts Emmy Awards, les cat\u00e9gories techniques de la prestigieuse c\u00e9r\u00e9monie, cette distinction sera officiellement remise le 7\u00a0septembre. Elle place Beyonc\u00e9 \u00e0 mi-parcours de l\u2019EGOT (club tr\u00e8s ferm\u00e9 d\u2019artistes ayant d\u00e9croch\u00e9 un Emmy, un Grammy, un Oscar et un Tony Award). Parmi ses membres figurent <a href=\"https:\/\/www.google.com\/search?q=Elton+John+20+minutes&amp;client=safari&amp;sca_esv=11f80424eb098ea8&amp;rls=en&amp;sxsrf=AE3TifM0zyUfedoVWU-y-bAU_cpQ1c4NlQ%3A1755096759427&amp;ei=t6acaLjqGfmmkdUPl-rOwQI&amp;ved=0ahUKEwj4oZH3hIiPAxV5U6QEHRe1MygQ4dUDCBA&amp;uact=5&amp;oq=Elton+John+20+minutes&amp;gs_lp=Egxnd3Mtd2l6LXNlcnAiFUVsdG9uIEpvaG4gMjAgbWludXRlczIFEAAY7wUyBRAAGO8FMgUQABjvBTIFEAAY7wUyBRAAGO8FSP0CUABYAHAAeACQAQCYAV2gAV2qAQExuAEDyAEA-AEC-AEBmAIBoAJqmAMAkgcDMC4xoAfCArIHAzAuMbgHasIHAzMtMcgHCw&amp;sclient=gws-wiz-serp\" target=\"_blank\" class=\"c-link c-link--is-underlined\" rel=\"nofollow noopener\">Elton John<\/a>, Viola Davis ou encore <a href=\"https:\/\/www.20minutes.fr\/mode\/1644863-20150702-audrey-hepburn-trajectoire-icone-moderne\" class=\"c-link c-link--is-underlined\" rel=\"nofollow noopener\" target=\"_blank\">Audrey Hepburn<\/a>.<\/p>\n<p>Et l\u2019histoire pourrait ne pas s\u2019arr\u00eater l\u00e0. Pour le m\u00eame spectacle, Beyonc\u00e9 est aussi nomm\u00e9e dans deux cat\u00e9gories majeures\u00a0: \u00ab\u00a0Meilleure r\u00e9alisation pour une \u00e9mission de vari\u00e9t\u00e9 sp\u00e9ciale\u00a0\u00bb et \u00ab\u00a0Meilleure \u00e9mission de vari\u00e9t\u00e9 en direct\u00a0\u00bb. Dans la premi\u00e8re, elle sera en concurrence directe avec\u2026 son mari <a href=\"https:\/\/www.20minutes.fr\/people\/jay_z\/\" class=\"c-link c-link--is-underlined\" rel=\"nofollow noopener\" target=\"_blank\">Jay-Z<\/a>, producteur ex\u00e9cutif du show de la mi-temps du Super Bowl de <a href=\"https:\/\/www.20minutes.fr\/arts-stars\/people\/kendrick-lamar\/\" class=\"c-link c-link--is-underlined\" rel=\"nofollow noopener\" target=\"_blank\">Kendrick Lamar<\/a>.<\/p>\n<p>La c\u00e9r\u00e9monie principale des Emmy Awards se tiendra le 14\u00a0septembre. D\u2019ici l\u00e0, le \u00ab\u00a0Beyonc\u00e9 Bowl\u00a0\u00bb aura d\u00e9j\u00e0 offert \u00e0 la chanteuse un nouveau troph\u00e9e, et confirm\u00e9 que ses victoires ne se limitent pas aux Grammy.<\/p>\n","protected":false},"excerpt":{"rendered":"Quarante-deux ans, 35 Grammy Awards, et finalement\u2026 un Emmy. La superstar am\u00e9ricaine a remport\u00e9, ce mardi 12\u00a0ao\u00fbt, la&hellip;\n","protected":false},"author":2,"featured_media":316802,"comment_status":"","ping_status":"","sticky":false,"template":"","format":"standard","meta":{"footnotes":""},"categories":[1355],"tags":[7362,58,3509,16442,59,1011,27,15208,7360,1361,873,127,32366,45530,5896,4441],"class_list":{"0":"post-316801","1":"post","2":"type-post","3":"status-publish","4":"format-standard","5":"has-post-thumbnail","7":"category-musique","8":"tag-beyonce","9":"tag-divertissement","10":"tag-elton-john","11":"tag-emmy-awards","12":"tag-entertainment","13":"tag-fr","14":"tag-france","15":"tag-grammy-awards","16":"tag-jay-z","17":"tag-music","18":"tag-musique","19":"tag-netflix","20":"tag-nfl","21":"tag-super-bowl","22":"tag-tempo","23":"tag-tournee"},"share_on_mastodon":{"url":"https:\/\/pubeurope.com\/@fr\/115022754284346081","error":""},"_links":{"self":[{"href":"https:\/\/www.europesays.com\/fr\/wp-json\/wp\/v2\/posts\/316801","targetHints":{"allow":["GET"]}}],"collection":[{"href":"https:\/\/www.europesays.com\/fr\/wp-json\/wp\/v2\/posts"}],"about":[{"href":"https:\/\/www.europesays.com\/fr\/wp-json\/wp\/v2\/types\/post"}],"author":[{"embeddable":true,"href":"https:\/\/www.europesays.com\/fr\/wp-json\/wp\/v2\/users\/2"}],"replies":[{"embeddable":true,"href":"https:\/\/www.europesays.com\/fr\/wp-json\/wp\/v2\/comments?post=316801"}],"version-history":[{"count":0,"href":"https:\/\/www.europesays.com\/fr\/wp-json\/wp\/v2\/posts\/316801\/revisions"}],"wp:featuredmedia":[{"embeddable":true,"href":"https:\/\/www.europesays.com\/fr\/wp-json\/wp\/v2\/media\/316802"}],"wp:attachment":[{"href":"https:\/\/www.europesays.com\/fr\/wp-json\/wp\/v2\/media?parent=316801"}],"wp:term":[{"taxonomy":"category","embeddable":true,"href":"https:\/\/www.europesays.com\/fr\/wp-json\/wp\/v2\/categories?post=316801"},{"taxonomy":"post_tag","embeddable":true,"href":"https:\/\/www.europesays.com\/fr\/wp-json\/wp\/v2\/tags?post=316801"}],"curies":[{"name":"wp","href":"https:\/\/api.w.org\/{rel}","templated":true}]}}