{"id":316803,"date":"2025-08-13T17:58:19","date_gmt":"2025-08-13T17:58:19","guid":{"rendered":"https:\/\/www.europesays.com\/fr\/316803\/"},"modified":"2025-08-13T17:58:19","modified_gmt":"2025-08-13T17:58:19","slug":"john-boyega-pensait-que-finn-et-rey-deviendraient-ennemis-dans-la-trilogie-de-disney","status":"publish","type":"post","link":"https:\/\/www.europesays.com\/fr\/316803\/","title":{"rendered":"John Boyega pensait que Finn et Rey deviendraient ennemis dans la trilogie de Disney"},"content":{"rendered":"<p><strong>On savait que <a href=\"https:\/\/www.ecranlarge.com\/personnalite\/771680-john-boyega\" data-type=\"people\" data-id=\"410512\" rel=\"nofollow noopener\" target=\"_blank\">John Boyega<\/a> \u00e9tait d\u00e9\u00e7u par le destin de Finn dans la trilogie <a href=\"https:\/\/www.ecranlarge.com\/films\/974048-star-wars-episode-ix\" data-type=\"films\" data-id=\"685690\" rel=\"nofollow noopener\" target=\"_blank\">Star Wars<\/a> de Disney, et il a r\u00e9v\u00e9l\u00e9 l\u2019alternative qu\u2019il avait en t\u00eate.<\/strong><\/p>\n<p>Quoi qu\u2019on pense de la trilogie <strong>Star Wars<\/strong> de Disney, il y a une critique qui met \u00e0 peu pr\u00e8s tout le monde d\u2019accord : le potentiel du personnage de Finn est loin d\u2019avoir \u00e9t\u00e9 explor\u00e9. La pr\u00e9misse du <strong>R\u00e9veil de la Force<\/strong> faisait de cet ancien stormtrooper rempli de dilemmes et de conflits un fuyard devant trouver sa place. En bref, <strong>un arch\u00e9type neuf dans l\u2019univers de George Lucas<\/strong>, au milieu des joujoux nostalgiques de J.J. Abrams. <\/p>\n<p>                    <img decoding=\"async\" alt=\"\" class=\"wp-image-518375\" style=\"object-fit:cover;width:25px;height:25px\" src=\"https:\/\/www.ecranlarge.com\/content\/uploads\/2023\/09\/arrow-right-circle.svg\"\/><\/p>\n<p>Sauf que <strong>Les Derniers Jedi<\/strong> et <strong>L\u2019Ascension de Skywalker <\/strong>ont plus ou moins abandonn\u00e9 Finn, limit\u00e9 \u00e0 des qu\u00eates secondaires dans lesquelles il n\u2019a pas vraiment pu se d\u00e9velopper, ni devenir le nouveau leader de la R\u00e9sistance que l\u2019\u00e9pisode 9 a essay\u00e9 de vendre. <a href=\"https:\/\/www.ecranlarge.com\/films\/news\/1445329-star-wars-john-boyega-redit-que-son-personnage-a-ete-oublie-dans-la-trilogie\" data-type=\"link\" data-id=\"https:\/\/www.ecranlarge.com\/films\/news\/1445329-star-wars-john-boyega-redit-que-son-personnage-a-ete-oublie-dans-la-trilogie\" rel=\"nofollow noopener\" target=\"_blank\">Son interpr\u00e8te John Boyega s\u2019est d\u00e9j\u00e0 montr\u00e9 tr\u00e8s vocal sur cette d\u00e9ception<\/a>, ayant m\u00eame mis en exergue la strat\u00e9gie malhonn\u00eate de Disney, qui aurait selon lui embelli son importance dans la trilogie pour montrer patte blanche en termes de diversit\u00e9 ethnique. Pourtant,<strong> il avait une tout autre id\u00e9e pour l\u2019avenir de son personnage.<\/strong><\/p>\n<p><a href=\"https:\/\/www.ecranlarge.com\/content\/uploads\/2017\/12\/star-wars-les-derniers-jedi-photo-john-boyega-1007468.jpg\" rel=\"nofollow noopener\" target=\"_blank\"><img loading=\"lazy\" decoding=\"async\" alt=\"Star Wars : Les Derniers Jedi : Photo John Boyega\" class=\"wp-image-34243\" src=\"https:\/\/www.europesays.com\/fr\/wp-content\/uploads\/2025\/08\/star-wars-les-derniers-jedi-photo-john-boyega-1007468-630x264.jpg\" width=\"630\" height=\"264\"  \/><\/a>En avant les histoiresStar Wars : Partie Finn<\/p>\n<p>On sait que le destin de Finn aurait pu \u00eatre diff\u00e9rent de plusieurs fa\u00e7ons. Le sc\u00e9nario abandonn\u00e9 du <strong>Star Wars 9<\/strong> par Colin Trevorrow en faisait un membre essentiel de la bataille pour reprendre Coruscant au Premier Ordre, tandis que la version de J.J. Abrams a coup\u00e9 au montage une sc\u00e8ne o\u00f9 le protagoniste affirmait \u00eatre un Jedi. L\u2019ambigu\u00eft\u00e9 autour de sa sensibilit\u00e9 \u00e0 la Force est certes \u00e9vent\u00e9e, mais pas non plus explicit\u00e9e, d\u2019autant qu\u2019il faut reconna\u00eetre \u00e0 cette id\u00e9e de retomber dans les clich\u00e9s de <strong>Star Wars<\/strong>, incapable de ne pas rassembler dans ses r\u00e9cits tous les personnages dot\u00e9s de super-pouvoirs, alors que c\u2019est cens\u00e9 \u00eatre rare. <\/p>\n<p>Pour autant, lors de sa pr\u00e9sence \u00e0 la Fan Expo de Boston, John Boyega a expliqu\u00e9 que, pour lui, <strong>le parcours de Finn lui paraissait plut\u00f4t \u00e9vident depuis Le R\u00e9veil de la Force<\/strong>, et il avait m\u00eame une envie bien particuli\u00e8re :<\/p>\n<p><a href=\"https:\/\/www.ecranlarge.com\/content\/uploads\/2023\/07\/star-wars-lascension-de-skywalker-photo-oscar-isaac-john-boyega-daisy-ridley-1483992.jpg\" rel=\"nofollow noopener\" target=\"_blank\"><img loading=\"lazy\" decoding=\"async\" alt=\"Star Wars : L'Ascension de Skywalker : photo, Oscar Isaac, John Boyega, Daisy Ridley\" class=\"wp-image-285785\" src=\"https:\/\/www.europesays.com\/fr\/wp-content\/uploads\/2025\/08\/star-wars-lascension-de-skywalker-photo-oscar-isaac-john-boyega-daisy-ridley-1483992-630x421.jpg\" width=\"630\" height=\"421\"  \/><\/a>Amis pour la vie, ou pas<\/p>\n<blockquote class=\"wp-block-quote is-layout-flow wp-block-quote-is-layout-flow\">\n<p><strong>\u00ab\u00a0J\u2019ai suppos\u00e9 qu\u2019il \u00e9tait sensible \u00e0 la Force depuis la lecture du sc\u00e9nario du R\u00e9veil de la Force, ou du moins quand j\u2019en suis arriv\u00e9 \u00e0 la fin du sc\u00e9nario du R\u00e9veil de la Force. Je croyais qu\u2019ils planifiaient un duo de Jedi. Je pensais m\u00eame qu\u2019ils allaient jouer avec nous un peu comme avec Obi-Wan et Dark Vador, qu\u2019ils allaient nous retourner l\u2019un contre l\u2019autre ou quelque chose comme \u00e7a.\u00a0\u00bb<\/strong><\/p>\n<\/blockquote>\n<p>Il est amusant de voir \u00e0 quel point les th\u00e9ories les plus folles autour de la postlogie ont toujours tourn\u00e9 autour d\u2019une opposition amplifi\u00e9e entre le C\u00f4t\u00e9 lumineux et le C\u00f4t\u00e9 obscur de la Force, notamment en risquant d\u2019amener Rey \u00e0 devenir une Sith. La version de John Boyega ne diff\u00e8re pas vraiment de cette dimension tragique, alors qu\u2019on aura d\u00fb se contenter du retour de Palpatine. <\/p>\n<p>Malgr\u00e9 cette fin en eau de boudin, et ce rapport tr\u00e8s conflictuel qu\u2019il a avec Disney, John Boyega pourrait \u00eatre de retour dans <a href=\"https:\/\/www.ecranlarge.com\/films\/news\/1474027-star-wars-10-disney-annonce-la-suite-de-la-postlogie-avec-le-retour-de-rey\" data-type=\"link\" data-id=\"https:\/\/www.ecranlarge.com\/films\/news\/1474027-star-wars-10-disney-annonce-la-suite-de-la-postlogie-avec-le-retour-de-rey\" rel=\"nofollow noopener\" target=\"_blank\">le fameux <strong>Star Wars 10<\/strong> de Sharmeen Obaid-Chinoy<\/a>, qui se concentrera sur Rey et la cr\u00e9ation d\u2019un nouvel Ordre Jedi. Mais encore faudrait-il que le film se fasse un jour.<\/p>\n","protected":false},"excerpt":{"rendered":"On savait que John Boyega \u00e9tait d\u00e9\u00e7u par le destin de Finn dans la trilogie Star Wars de&hellip;\n","protected":false},"author":2,"featured_media":316804,"comment_status":"","ping_status":"","sticky":false,"template":"","format":"standard","meta":{"footnotes":""},"categories":[1354],"tags":[58,59,1346,1011,27,1360],"class_list":{"0":"post-316803","1":"post","2":"type-post","3":"status-publish","4":"format-standard","5":"has-post-thumbnail","7":"category-films","8":"tag-divertissement","9":"tag-entertainment","10":"tag-films","11":"tag-fr","12":"tag-france","13":"tag-movies"},"share_on_mastodon":{"url":"https:\/\/pubeurope.com\/@fr\/115022758292279412","error":""},"_links":{"self":[{"href":"https:\/\/www.europesays.com\/fr\/wp-json\/wp\/v2\/posts\/316803","targetHints":{"allow":["GET"]}}],"collection":[{"href":"https:\/\/www.europesays.com\/fr\/wp-json\/wp\/v2\/posts"}],"about":[{"href":"https:\/\/www.europesays.com\/fr\/wp-json\/wp\/v2\/types\/post"}],"author":[{"embeddable":true,"href":"https:\/\/www.europesays.com\/fr\/wp-json\/wp\/v2\/users\/2"}],"replies":[{"embeddable":true,"href":"https:\/\/www.europesays.com\/fr\/wp-json\/wp\/v2\/comments?post=316803"}],"version-history":[{"count":0,"href":"https:\/\/www.europesays.com\/fr\/wp-json\/wp\/v2\/posts\/316803\/revisions"}],"wp:featuredmedia":[{"embeddable":true,"href":"https:\/\/www.europesays.com\/fr\/wp-json\/wp\/v2\/media\/316804"}],"wp:attachment":[{"href":"https:\/\/www.europesays.com\/fr\/wp-json\/wp\/v2\/media?parent=316803"}],"wp:term":[{"taxonomy":"category","embeddable":true,"href":"https:\/\/www.europesays.com\/fr\/wp-json\/wp\/v2\/categories?post=316803"},{"taxonomy":"post_tag","embeddable":true,"href":"https:\/\/www.europesays.com\/fr\/wp-json\/wp\/v2\/tags?post=316803"}],"curies":[{"name":"wp","href":"https:\/\/api.w.org\/{rel}","templated":true}]}}