{"id":316805,"date":"2025-08-13T17:59:10","date_gmt":"2025-08-13T17:59:10","guid":{"rendered":"https:\/\/www.europesays.com\/fr\/316805\/"},"modified":"2025-08-13T17:59:10","modified_gmt":"2025-08-13T17:59:10","slug":"remise-a-disposition-indeterminee-du-medicament-antipsychotique","status":"publish","type":"post","link":"https:\/\/www.europesays.com\/fr\/316805\/","title":{"rendered":"remise \u00e0 disposition \u00ab\u00a0ind\u00e9termin\u00e9e\u00a0\u00bb du m\u00e9dicament antipsychotique"},"content":{"rendered":"\n<p class=\"article__paragraph  \">Les difficult\u00e9s d\u2019approvisionnement du m\u00e9dicament antipsychotique Zypadhera se sont aggrav\u00e9es au point que la date de sa remise \u00e0 disposition est d\u00e9sormais \u00ab\u00a0ind\u00e9termin\u00e9e\u00a0\u00bb, a annonc\u00e9, mercredi 13\u00a0ao\u00fbt, l\u2019agence de s\u00e9curit\u00e9 du m\u00e9dicament (ANSM). Le Zypadhera, traitement \u00e0 base d\u2019olanzapine donn\u00e9 sous forme injectable \u00e0 des patients adultes schizophr\u00e8nes, conna\u00eet des probl\u00e8mes d\u2019approvisionnements en Europe depuis mai\u00a02024.<\/p>\n<p>                                         Lire aussi |  Article r\u00e9serv\u00e9 \u00e0 nos abonn\u00e9s  <a href=\"https:\/\/www.lemonde.fr\/economie\/article\/2025\/08\/11\/les-penuries-de-medicaments-psychotropes-se-poursuivent-en-france-malgre-une-amelioration_6628265_3234.html\" class=\"js-article-read-also catcher--favoris__link\" data-premium=\"1\" id=\"article-title-3434106\" rel=\"nofollow noopener\" target=\"_blank\">Les p\u00e9nuries de m\u00e9dicaments psychotropes se poursuivent en France, malgr\u00e9 une am\u00e9lioration<\/a>    <\/p>\n<p>   Lire plus tard  <\/p>\n<p class=\"article__paragraph  \">L\u2019ANSM dit dans un communiqu\u00e9 avoir \u00e9t\u00e9 \u00ab\u00a0inform\u00e9e par le laboratoire Cheplapharm de retards d\u2019approvisionnements en Zypadhera, li\u00e9s \u00e0 des difficult\u00e9s suppl\u00e9mentaires de fabrication et de cha\u00eene d\u2019approvisionnement sur son site de production\u00a0\u00bb. En outre, \u00ab\u00a0deux lots n\u2019ont pas pu \u00eatre commercialis\u00e9s en raison d\u2019un d\u00e9faut de qualit\u00e9\u00a0\u00bb, ajoute l\u2019agence sanitaire. Les tensions concernent principalement les dosages 300\u00a0mg et 405\u00a0mg.<\/p>\n<p class=\"article__paragraph  \">Le laboratoire, qui avait pr\u00e9vu en juillet de remettre \u00e0 disposition le m\u00e9dicament \u00e0 partir de septembre\u00a02025, a fait savoir que la date de reprise des approvisionnements restait pour l\u2019heure \u00ab\u00a0ind\u00e9termin\u00e9e\u00a0\u00bb, souligne l\u2019ANSM.<\/p>\n<p>                                         Lire aussi |  Article r\u00e9serv\u00e9 \u00e0 nos abonn\u00e9s  <a href=\"https:\/\/www.lemonde.fr\/economie\/article\/2025\/06\/08\/ces-frontaliers-qui-vont-acheter-leurs-antidepresseurs-en-belgique_6611129_3234.html\" class=\"js-article-read-also catcher--favoris__link\" data-premium=\"1\" id=\"article-title-3426002\" rel=\"nofollow noopener\" target=\"_blank\">Ces frontaliers qui vont acheter leurs antid\u00e9presseurs en Belgique<\/a>    <\/p>\n<p>   Lire plus tard  <\/p>\n<p>                            Passer \u00e0 la forme orale d\u2019olanzapine                      <\/p>\n<p class=\"article__paragraph  \">L\u2019agence demande aux m\u00e9decins de ne plus commencer de nouveaux traitements avec Zypadhera pour que les patients d\u00e9j\u00e0 sous traitement puissent continuer \u00e0 en b\u00e9n\u00e9ficier. L\u2019ANSM leur demande aussi d\u2019envisager de passer \u00e0 la forme orale d\u2019olanzapine pour les patients chez lesquels cela est possible ou de consid\u00e9rer un autre antipsychotique si une forme injectable \u00e0 action prolong\u00e9e est n\u00e9cessaire.<\/p>\n<p class=\"article__paragraph  \">La forme orale du m\u00e9dicament suppose de le prendre plus souvent. Le risque est que le patient, souvent instable mentalement, ne suive plus son traitement de mani\u00e8re assidue.<\/p>\n<p class=\"article__paragraph  \">Du Zypadhera 300\u00a0mg import\u00e9 est mis \u00e0 disposition depuis juin\u00a02025 de mani\u00e8re transitoire et exceptionnelle pour r\u00e9pondre aux besoins des patients en France, selon l\u2019ANSM.<\/p>\n<p class=\"article__paragraph  \">Les difficult\u00e9s d\u2019approvisionnement en psychotropes persistent en France, notamment pour la qui\u00e9tapine, un neuroleptique souvent prescrit pour traiter la schizophr\u00e9nie, la bipolarit\u00e9 et certaines d\u00e9pressions.<\/p>\n<p>                                         Lire aussi |  Article r\u00e9serv\u00e9 \u00e0 nos abonn\u00e9s  <a href=\"https:\/\/www.lemonde.fr\/economie\/article\/2025\/06\/08\/derriere-la-grave-penurie-francaise-de-medicaments-psychotropes-une-defaillance-industrielle_6611136_3234.html\" class=\"js-article-read-also catcher--favoris__link\" data-premium=\"1\" id=\"article-title-3426020\" rel=\"nofollow noopener\" target=\"_blank\">Derri\u00e8re la grave p\u00e9nurie fran\u00e7aise de m\u00e9dicaments psychotropes, une d\u00e9faillance industrielle<\/a>    <\/p>\n<p>   Lire plus tard  <\/p>\n<p class=\"author__detail\">  Le Monde avec AFP  <\/p>\n<p>                  <a href=\"https:\/\/www.lemonde.fr\/syndication\/\" class=\"reuse__content\" title=\"R\u00e9utiliser ce contenu\" target=\"_blank\" rel=\"nofollow noopener\">R\u00e9utiliser ce contenu<\/a>      <\/p>\n","protected":false},"excerpt":{"rendered":"Les difficult\u00e9s d\u2019approvisionnement du m\u00e9dicament antipsychotique Zypadhera se sont aggrav\u00e9es au point que la date de sa remise&hellip;\n","protected":false},"author":2,"featured_media":316806,"comment_status":"","ping_status":"","sticky":false,"template":"","format":"standard","meta":{"footnotes":""},"categories":[10],"tags":[1011,27,72,71],"class_list":{"0":"post-316805","1":"post","2":"type-post","3":"status-publish","4":"format-standard","5":"has-post-thumbnail","7":"category-sante","8":"tag-fr","9":"tag-france","10":"tag-health","11":"tag-sante"},"share_on_mastodon":{"url":"https:\/\/pubeurope.com\/@fr\/115022762152359462","error":""},"_links":{"self":[{"href":"https:\/\/www.europesays.com\/fr\/wp-json\/wp\/v2\/posts\/316805","targetHints":{"allow":["GET"]}}],"collection":[{"href":"https:\/\/www.europesays.com\/fr\/wp-json\/wp\/v2\/posts"}],"about":[{"href":"https:\/\/www.europesays.com\/fr\/wp-json\/wp\/v2\/types\/post"}],"author":[{"embeddable":true,"href":"https:\/\/www.europesays.com\/fr\/wp-json\/wp\/v2\/users\/2"}],"replies":[{"embeddable":true,"href":"https:\/\/www.europesays.com\/fr\/wp-json\/wp\/v2\/comments?post=316805"}],"version-history":[{"count":0,"href":"https:\/\/www.europesays.com\/fr\/wp-json\/wp\/v2\/posts\/316805\/revisions"}],"wp:featuredmedia":[{"embeddable":true,"href":"https:\/\/www.europesays.com\/fr\/wp-json\/wp\/v2\/media\/316806"}],"wp:attachment":[{"href":"https:\/\/www.europesays.com\/fr\/wp-json\/wp\/v2\/media?parent=316805"}],"wp:term":[{"taxonomy":"category","embeddable":true,"href":"https:\/\/www.europesays.com\/fr\/wp-json\/wp\/v2\/categories?post=316805"},{"taxonomy":"post_tag","embeddable":true,"href":"https:\/\/www.europesays.com\/fr\/wp-json\/wp\/v2\/tags?post=316805"}],"curies":[{"name":"wp","href":"https:\/\/api.w.org\/{rel}","templated":true}]}}