{"id":316811,"date":"2025-08-13T18:02:14","date_gmt":"2025-08-13T18:02:14","guid":{"rendered":"https:\/\/www.europesays.com\/fr\/316811\/"},"modified":"2025-08-13T18:02:14","modified_gmt":"2025-08-13T18:02:14","slug":"la-catastrophe-climatique-imminente-decouvrez-la-date-exacte-ou-la-terre-deviendra-meconnaissable-pour-lhumanite-entiere","status":"publish","type":"post","link":"https:\/\/www.europesays.com\/fr\/316811\/","title":{"rendered":"\u00ab La catastrophe climatique imminente \u00bb : d\u00e9couvrez la date exacte o\u00f9 la Terre deviendra m\u00e9connaissable pour l\u2019humanit\u00e9 enti\u00e8re"},"content":{"rendered":"<tr>\n<td><strong>EN BREF<\/strong><\/td>\n<\/tr>\n<tr>\n<td>\n<ul>\n<li>\ud83c\udf0d Une \u00e9tude pr\u00e9voit la formation d\u2019un supercontinent, <strong>Pang\u00e9e Ultima<\/strong>, dans 250 millions d\u2019ann\u00e9es.<\/li>\n<li>\ud83d\udd25 Les temp\u00e9ratures pourraient atteindre jusqu\u2019\u00e0 <strong>70 degr\u00e9s Celsius<\/strong>, rendant la Terre largement inhabitable.<\/li>\n<li>\ud83d\udca1 Les chercheurs soulignent l\u2019urgence de r\u00e9duire les \u00e9missions de <strong>CO2<\/strong> pour \u00e9viter un avenir catastrophique.<\/li>\n<li>\ud83d\udd2d Cette recherche ouvre des perspectives pour l\u2019\u00e9tude des exoplan\u00e8tes et l\u2019<strong>habitabilit\u00e9 plan\u00e9taire<\/strong>.<\/li>\n<\/ul>\n<\/td>\n<\/tr>\n<p>L\u2019avenir climatique de notre plan\u00e8te suscite de nombreuses interrogations, notamment \u00e0 travers une \u00e9tude publi\u00e9e dans <strong>Nature Geoscience<\/strong>. Cette recherche projette la formation d\u2019un supercontinent, <strong>Pang\u00e9e Ultima<\/strong>, dans environ 250 millions d\u2019ann\u00e9es. Les changements climatiques extr\u00eames qui en r\u00e9sulteraient pourraient rendre la Terre largement inhabitable. Avec des temp\u00e9ratures atteignant potentiellement 70 degr\u00e9s Celsius, la survie des mammif\u00e8res serait compromise. Cette perspective met en lumi\u00e8re l\u2019urgence d\u2019une action collective pour r\u00e9duire les \u00e9missions de CO2 et \u00e9viter un tel sc\u00e9nario. Quelles seraient les cons\u00e9quences de ces changements pour l\u2019humanit\u00e9 et la biodiversit\u00e9 ?<\/p>\n<p>Des chercheurs mobilis\u00e9s pour comprendre<\/p>\n<p>L\u2019\u00e9tude sur Pang\u00e9e Ultima a \u00e9t\u00e9 r\u00e9alis\u00e9e par une \u00e9quipe internationale de chercheurs de l\u2019<strong>Universit\u00e9 de Bristol<\/strong> et de l\u2019<strong>Universit\u00e9 de Leeds<\/strong>. Financ\u00e9 par le <strong>UK Research and Innovation Natural Environment Research Council<\/strong>, le projet a utilis\u00e9 des mod\u00e8les climatiques avanc\u00e9s pour pr\u00e9dire l\u2019avenir de la Terre. Gr\u00e2ce \u00e0 une collaboration fructueuse et aux ressources du Centre de recherche en calcul avanc\u00e9 de Bristol, le <strong>Dr Alexander Farnsworth<\/strong> et la <strong>Dre Eunice Lo<\/strong> ont dirig\u00e9 ce projet ambitieux. Leur recherche met en exergue l\u2019importance de r\u00e9duire les \u00e9missions de CO2 pour \u00e9viter un futur catastrophique. Les conclusions tir\u00e9es soulignent la n\u00e9cessit\u00e9 d\u2019une prise de conscience imm\u00e9diate pour relever les d\u00e9fis climatiques.<\/p>\n<blockquote class=\"wp-embedded-content\" data-secret=\"tuIZR4L2Lx\">\n<p><a href=\"https:\/\/www.innovant.fr\/2025\/08\/02\/les-etats-unis-viennent-de-gagner-un-million-de-kilometres-carres-un-bouleversement-geopolitique-qui-fait-trembler-le-monde\/\" rel=\"nofollow noopener\" target=\"_blank\">\u00ab Les \u00c9tats-Unis viennent de gagner un million de kilom\u00e8tres carr\u00e9s \u00bb : un bouleversement g\u00e9opolitique qui fait trembler le monde<\/a><\/p>\n<\/blockquote>\n<p>Simulations et pr\u00e9visions climatiques<\/p>\n<p>Les simulations effectu\u00e9es par les scientifiques pr\u00e9voient des conditions climatiques extr\u00eames pour le futur supercontinent \u00ab Pang\u00e9e Ultima \u00bb. Les mod\u00e8les indiquent que la Terre pourrait subir des temp\u00e9ratures moyennes de 40 \u00e0 70 degr\u00e9s Celsius. Ces conditions seraient dues \u00e0 une augmentation de la luminosit\u00e9 solaire et \u00e0 des \u00e9ruptions volcaniques fr\u00e9quentes. De plus, les niveaux de CO2 pourraient d\u00e9passer les 600 ppm, rappelant des p\u00e9riodes extr\u00eames du pass\u00e9 g\u00e9ologique de la Terre. Ces projections soulignent la n\u00e9cessit\u00e9 de r\u00e9duire notre d\u00e9pendance aux combustibles fossiles pour \u00e9viter un tel avenir. La compr\u00e9hension des m\u00e9canismes climatiques actuels est cruciale pour pr\u00e9venir ces conditions extr\u00eames.<\/p>\n<blockquote class=\"wp-embedded-content\" data-secret=\"2JjsRzzHCI\">\n<p><a href=\"https:\/\/www.innovant.fr\/2025\/08\/02\/la-chine-tremble-face-a-la-space-force-qui-sapprete-a-lancer-un-porte-avions-spatial-pret-a-ecraser-toute-concurrence-en-orbite-terrestre\/\" rel=\"nofollow noopener\" target=\"_blank\">La Chine tremble face \u00e0 la Space Force qui s\u2019appr\u00eate \u00e0 lancer un porte-avions spatial \u00ab\u00a0pr\u00eat \u00e0 \u00e9craser toute concurrence\u00a0\u00bb en orbite terrestre<\/a><\/p>\n<\/blockquote>\n<p>Impact sur les mammif\u00e8res et l\u2019humanit\u00e9<\/p>\n<p>Les mammif\u00e8res ont montr\u00e9 une capacit\u00e9 d\u2019adaptation \u00e0 divers changements climatiques au cours de l\u2019histoire. Cependant, les conditions projet\u00e9es pourraient d\u00e9passer leurs capacit\u00e9s d\u2019adaptation. Selon le <strong>Dr Farnsworth<\/strong>, seulement 8 % \u00e0 16 % de la surface terrestre resterait habitable pour les mammif\u00e8res. Pour l\u2019humanit\u00e9, la <strong>Dre Eunice Lo<\/strong> pr\u00e9vient que des temp\u00e9ratures g\u00e9n\u00e9ralis\u00e9es entre 40 et 50 degr\u00e9s Celsius pourraient avoir des effets d\u00e9sastreux sur la soci\u00e9t\u00e9 humaine. Ces pr\u00e9dictions, bien que lointaines, renforcent l\u2019urgence de prendre des mesures imm\u00e9diates pour atteindre la neutralit\u00e9 carbone. La pr\u00e9servation de notre plan\u00e8te et de sa biodiversit\u00e9 devient une n\u00e9cessit\u00e9 imp\u00e9rieuse.<\/p>\n<blockquote class=\"wp-embedded-content\" data-secret=\"6pMV9xFMui\">\n<p><a href=\"https:\/\/www.innovant.fr\/2025\/04\/10\/oui-jai-achete-50-avis-google-et-mon-chiffre-daffaires-a-double-la-methode-hallucinante-dacheter-des-fans-com-pour-la-reputation-en-ligne-sur-google\/\" rel=\"nofollow noopener\" target=\"_blank\">\u00ab Oui, j\u2019ai achet\u00e9 50 avis Google et mon chiffre d\u2019affaires a doubl\u00e9 \u00bb : la m\u00e9thode hallucinante d\u2019Acheter-des-Fans.com pour la r\u00e9putation en ligne sur Google<\/a><\/p>\n<\/blockquote>\n<p>Recherches futures et implications<\/p>\n<p>Bien que cette \u00e9tude projette un avenir lointain, elle offre des perspectives fascinantes pour la recherche sur les exoplan\u00e8tes. Elle d\u00e9montre l\u2019influence de la disposition des continents sur l\u2019habitabilit\u00e9 d\u2019une plan\u00e8te. Cette compr\u00e9hension pourrait transformer notre approche de l\u2019astrobiologie et nous aider \u00e0 identifier des plan\u00e8tes habitables au-del\u00e0 de notre syst\u00e8me solaire. Avant tout, cette recherche nous rappelle que notre priorit\u00e9 imm\u00e9diate doit \u00eatre la pr\u00e9servation de notre propre plan\u00e8te. Comment ces nouvelles connaissances seront-elles utilis\u00e9es pour garantir un avenir durable et \u00e9viter des sc\u00e9narios catastrophiques ?<\/p>\n<p>Alors que ces pr\u00e9dictions climatiques alarmantes se dessinent, il est crucial d\u2019identifier les actions imm\u00e9diates \u00e0 entreprendre pour limiter les changements climatiques. Chaque d\u00e9cision prise aujourd\u2019hui aura des r\u00e9percussions sur l\u2019avenir de notre plan\u00e8te. Quelles mesures sommes-nous pr\u00eats \u00e0 adopter collectivement pour r\u00e9pondre \u00e0 ce d\u00e9fi sans pr\u00e9c\u00e9dent et assurer un avenir viable pour les g\u00e9n\u00e9rations futures ?<\/p>\n<p>Cet article s\u2019appuie sur des sources v\u00e9rifi\u00e9es et l\u2019assistance de technologies \u00e9ditoriales.<\/p>\n<p id=\"rating\">\u00c7a vous a plu ?\u00a04.5\/5 (30)<\/p>\n","protected":false},"excerpt":{"rendered":"EN BREF \ud83c\udf0d Une \u00e9tude pr\u00e9voit la formation d\u2019un supercontinent, Pang\u00e9e Ultima, dans 250 millions d\u2019ann\u00e9es. \ud83d\udd25 Les&hellip;\n","protected":false},"author":2,"featured_media":316812,"comment_status":"","ping_status":"","sticky":false,"template":"","format":"standard","meta":{"footnotes":""},"categories":[7],"tags":[1011,27,43,40,41,39,42,44],"class_list":{"0":"post-316811","1":"post","2":"type-post","3":"status-publish","4":"format-standard","5":"has-post-thumbnail","7":"category-sciences-et-technologies","8":"tag-fr","9":"tag-france","10":"tag-science","11":"tag-science-and-technology","12":"tag-sciences","13":"tag-sciences-et-technologies","14":"tag-technologies","15":"tag-technology"},"share_on_mastodon":{"url":"https:\/\/pubeurope.com\/@fr\/115022773945429698","error":""},"_links":{"self":[{"href":"https:\/\/www.europesays.com\/fr\/wp-json\/wp\/v2\/posts\/316811","targetHints":{"allow":["GET"]}}],"collection":[{"href":"https:\/\/www.europesays.com\/fr\/wp-json\/wp\/v2\/posts"}],"about":[{"href":"https:\/\/www.europesays.com\/fr\/wp-json\/wp\/v2\/types\/post"}],"author":[{"embeddable":true,"href":"https:\/\/www.europesays.com\/fr\/wp-json\/wp\/v2\/users\/2"}],"replies":[{"embeddable":true,"href":"https:\/\/www.europesays.com\/fr\/wp-json\/wp\/v2\/comments?post=316811"}],"version-history":[{"count":0,"href":"https:\/\/www.europesays.com\/fr\/wp-json\/wp\/v2\/posts\/316811\/revisions"}],"wp:featuredmedia":[{"embeddable":true,"href":"https:\/\/www.europesays.com\/fr\/wp-json\/wp\/v2\/media\/316812"}],"wp:attachment":[{"href":"https:\/\/www.europesays.com\/fr\/wp-json\/wp\/v2\/media?parent=316811"}],"wp:term":[{"taxonomy":"category","embeddable":true,"href":"https:\/\/www.europesays.com\/fr\/wp-json\/wp\/v2\/categories?post=316811"},{"taxonomy":"post_tag","embeddable":true,"href":"https:\/\/www.europesays.com\/fr\/wp-json\/wp\/v2\/tags?post=316811"}],"curies":[{"name":"wp","href":"https:\/\/api.w.org\/{rel}","templated":true}]}}