{"id":316814,"date":"2025-08-13T18:04:11","date_gmt":"2025-08-13T18:04:11","guid":{"rendered":"https:\/\/www.europesays.com\/fr\/316814\/"},"modified":"2025-08-13T18:04:11","modified_gmt":"2025-08-13T18:04:11","slug":"un-perroquet-permet-de-demanteler-un-reseau-de-trafiquants-de-drogue","status":"publish","type":"post","link":"https:\/\/www.europesays.com\/fr\/316814\/","title":{"rendered":"un perroquet permet de d\u00e9manteler un r\u00e9seau de trafiquants de drogue"},"content":{"rendered":"<p>L\u2019animal, qui appartenait au chef du r\u00e9seau, a notamment \u00e9t\u00e9 film\u00e9 en train de citer les tarifs des drogues. Les vid\u00e9os se trouvaient sur le portable de son propri\u00e9taire, le chef du r\u00e9seau, qui purgeait une peine de 15 ans de prison.<\/p>\n<p class=\"fig-paragraph\">C\u2019est une curieuse fa\u00e7on de d\u00e9manteler un\u00a0<a href=\"http:\/\/www.lefigaro.fr\/lyon\/lyon-plus-de-250-000-euros-de-drogue-saisis-lors-d-une-operation-chez-un-fournisseur-20250806\" target=\"_blank\" data-fig-type=\"NewsFlash\" rel=\"noopener\" data-gtm-custom-categorie=\"navigation\" data-gtm-custom-action=\"crossclick\" data-gtm-custom-label=\"Contextuel\" data-gtm-event=\"customEventSPE\" data-fig-domain=\"LEFIGARO\">r\u00e9seau de trafiquant de drogues<\/a>. La police de Lancashire, comt\u00e9 situ\u00e9 dans le nord de l\u2019<a href=\"http:\/\/www.lefigaro.fr\/international\/royaume-uni-un-etudiant-chinois-ecope-de-la-perpetuite-pour-avoir-drogue-et-viole-dix-femmes-20250619\" target=\"_blank\" data-fig-type=\"NewsFlash\" rel=\"noopener\" data-gtm-custom-categorie=\"navigation\" data-gtm-custom-action=\"crossclick\" data-gtm-custom-label=\"Contextuel\" data-gtm-event=\"customEventSPE\" data-fig-domain=\"LEFIGARO\">Angleterre<\/a>, a en effet r\u00e9ussi \u00e0 arr\u00eater tout un groupe de narcotrafiquants au d\u00e9but du mois d\u2019ao\u00fbt, gr\u00e2ce au perroquet du chef du r\u00e9seau, d\u2019apr\u00e8s un\u00a0<a href=\"https:\/\/news.lancashire.police.uk\/news\/2025\/august\/gang-who-ran-drugs-line-from-prison-for-more-than-103-years\/\" target=\"_blank\" rel=\"sponsored noopener\" data-gtm-custom-categorie=\"navigation\" data-gtm-custom-action=\"crossclick\" data-gtm-custom-label=\"Contextuel\" data-gtm-event=\"customEventSPE\">communiqu\u00e9<\/a>\u00a0publi\u00e9 par les services de police.<\/p>\n<p class=\"fig-paragraph\">Adam Garnett, \u00e2g\u00e9 de 35 ans, purgeait d\u00e9j\u00e0 une peine de 15 ans de prison pour trafic de drogue. S\u2019il avait \u00e9t\u00e9 arr\u00eat\u00e9 seul \u00e0 l\u2019\u00e9poque, les autorit\u00e9s soup\u00e7onnaient ce trentenaire d\u2019appartenir \u00e0 un vaste r\u00e9seau de drogue et ont poursuivi leur enqu\u00eate apr\u00e8s son emprisonnement. Une perquisition dans sa cellule a permis aux enqu\u00eateurs de faire une avanc\u00e9e significative pour d\u00e9manteler le r\u00e9seau.<\/p>\n<p>                                    <a class=\"fig-a11y-skip a11y-hidden\" href=\"#fig-a11y-skip-main-inarticle\"><br \/>\n        Passer la publicit\u00e9<br \/>\n    <\/a><\/p>\n<p class=\"fig-paragraph\"><strong>Les enqu\u00eateurs aid\u00e9s par le perroquet du suspect<\/strong><\/p>\n<p class=\"fig-paragraph\">Les policiers ont saisi plusieurs t\u00e9l\u00e9phones portables et des routeurs wifi. Les t\u00e9l\u00e9phones contenaient plusieurs vid\u00e9os, dont certaines avec le perroquet d\u2019Adam Garnett. L\u2019animal, appel\u00e9 Mango et gard\u00e9 par la petite-amie de ce dernier, a offert plusieurs r\u00e9v\u00e9lations aux forces de l\u2019ordre.<\/p>\n<p class=\"fig-paragraph\">Certaines vid\u00e9os montraient le perroquet avec des billets de banque dans le bec, en train de voltiger dans une pi\u00e8ce o\u00f9 plusieurs billets gagn\u00e9s ill\u00e9galement se trouvaient aussi sur le sol. Aussi, on entendait parfois le volatile dire \u00abdeux pour 25\u00bb, ce qui faisait penser \u00e0 un tarif de vente des produits. Les enqu\u00eateurs ont \u00e9galement rep\u00e9r\u00e9 des blocs de coca\u00efne dans d\u2019autres vid\u00e9os.<\/p>\n<p class=\"fig-paragraph\">L\u2019ensemble de ces vid\u00e9os a permis aux enqu\u00eateurs de d\u00e9manteler le r\u00e9seau, qui \u00e9tait donc dirig\u00e9 par Adam Garnett. Tous les membres du groupe, soit une quinzaine de personnes, ont \u00e9t\u00e9 arr\u00eat\u00e9s. Des perquisitions men\u00e9es dans le domicile de chaque individu ont permis aux policiers de retrouver de la drogue et d\u2019importantes sommes d\u2019argent en liquide. D\u2019apr\u00e8s les autorit\u00e9s locales, ce gang \u00e9tait actif \u00e0 Blackpool, ville c\u00f4ti\u00e8re du Lancashire.<\/p>\n<p class=\"fig-paragraph\">Le chef du r\u00e9seau a vu sa peine de prison \u00eatre rallong\u00e9e de 19 ans, tandis que sa petite-amie, nomm\u00e9e Shannon Hilton, a quant \u00e0 elle \u00e9cop\u00e9 d\u2019une peine de 12 ans d\u2019emprisonnement.<\/p>\n","protected":false},"excerpt":{"rendered":"L\u2019animal, qui appartenait au chef du r\u00e9seau, a notamment \u00e9t\u00e9 film\u00e9 en train de citer les tarifs des&hellip;\n","protected":false},"author":2,"featured_media":316815,"comment_status":"","ping_status":"","sticky":false,"template":"","format":"standard","meta":{"footnotes":""},"categories":[5],"tags":[11,18732,1011,27,14,12,473,887,28],"class_list":{"0":"post-316814","1":"post","2":"type-post","3":"status-publish","4":"format-standard","5":"has-post-thumbnail","7":"category-international","8":"tag-actualites","9":"tag-animal","10":"tag-fr","11":"tag-france","12":"tag-international","13":"tag-news","14":"tag-royaume-uni","15":"tag-trafic-de-drogue","16":"tag-world"},"share_on_mastodon":{"url":"https:\/\/pubeurope.com\/@fr\/115022781864124976","error":""},"_links":{"self":[{"href":"https:\/\/www.europesays.com\/fr\/wp-json\/wp\/v2\/posts\/316814","targetHints":{"allow":["GET"]}}],"collection":[{"href":"https:\/\/www.europesays.com\/fr\/wp-json\/wp\/v2\/posts"}],"about":[{"href":"https:\/\/www.europesays.com\/fr\/wp-json\/wp\/v2\/types\/post"}],"author":[{"embeddable":true,"href":"https:\/\/www.europesays.com\/fr\/wp-json\/wp\/v2\/users\/2"}],"replies":[{"embeddable":true,"href":"https:\/\/www.europesays.com\/fr\/wp-json\/wp\/v2\/comments?post=316814"}],"version-history":[{"count":0,"href":"https:\/\/www.europesays.com\/fr\/wp-json\/wp\/v2\/posts\/316814\/revisions"}],"wp:featuredmedia":[{"embeddable":true,"href":"https:\/\/www.europesays.com\/fr\/wp-json\/wp\/v2\/media\/316815"}],"wp:attachment":[{"href":"https:\/\/www.europesays.com\/fr\/wp-json\/wp\/v2\/media?parent=316814"}],"wp:term":[{"taxonomy":"category","embeddable":true,"href":"https:\/\/www.europesays.com\/fr\/wp-json\/wp\/v2\/categories?post=316814"},{"taxonomy":"post_tag","embeddable":true,"href":"https:\/\/www.europesays.com\/fr\/wp-json\/wp\/v2\/tags?post=316814"}],"curies":[{"name":"wp","href":"https:\/\/api.w.org\/{rel}","templated":true}]}}