{"id":316820,"date":"2025-08-13T18:07:09","date_gmt":"2025-08-13T18:07:09","guid":{"rendered":"https:\/\/www.europesays.com\/fr\/316820\/"},"modified":"2025-08-13T18:07:09","modified_gmt":"2025-08-13T18:07:09","slug":"le-street-art-a-saint-etienne-jaime-le-cote-ephemere-de-la-rue-britt-tamalet-street-artiste-poetique","status":"publish","type":"post","link":"https:\/\/www.europesays.com\/fr\/316820\/","title":{"rendered":"Le street art \u00e0 Saint-\u00c9tienne. \u00ab\u00a0J\u2019aime le c\u00f4t\u00e9 \u00e9ph\u00e9m\u00e8re de la rue\u00a0\u00bb\u00a0: Britt Tamalet, street-artiste po\u00e9tique"},"content":{"rendered":"<p>Si la street-artiste Britt Tamalet a bien une source d\u2019inspiration, c\u2019est le travail de Vivian Maier. Pendant quarante ans, cette baby-sitter franco-am\u00e9ricaine d\u2019un incroyable talent photographique, a captur\u00e9 des milliers d\u2019instants, des portraits de rue aux sc\u00e8nes de vie des enfants qu\u2019elle gardait.<\/p>\n<p>Une seule photo comme fil conducteur<\/p>\n<p>Faute de moyens financiers, elle ne d\u00e9veloppera qu\u2019une infime partie de ses n\u00e9gatifs de son vivant. C\u2019est \u00e0 titre posthume que l\u2019ampleur et la richesse de son travail ont \u00e9t\u00e9 d\u00e9voil\u00e9es, certaines de ses images entrant m\u00eame dans des collections mus\u00e9ales.<\/p>\n<p>Britt Tamalet, elle, d\u00e9couvre sur Internet la photo d\u2019une petite fille immortalis\u00e9e par l\u2019objectif de Vivian Maier. Son visage l\u2019interpelle, lui rappelant peut-\u00eatre un peu celui de ses filles. \u00ab\u00a0Son air boudeur mais d\u00e9termin\u00e9 m\u2019a s\u00e9duite\u00a0\u00bb,&#8230;<\/p>\n","protected":false},"excerpt":{"rendered":"Si la street-artiste Britt Tamalet a bien une source d\u2019inspiration, c\u2019est le travail de Vivian Maier. Pendant quarante&hellip;\n","protected":false},"author":2,"featured_media":316821,"comment_status":"","ping_status":"","sticky":false,"template":"","format":"standard","meta":{"footnotes":""},"categories":[9653],"tags":[1111,11,2430,1687,7539,1777,674,1011,27,12,25,4001,7538],"class_list":{"0":"post-316820","1":"post","2":"type-post","3":"status-publish","4":"format-standard","5":"has-post-thumbnail","7":"category-saint-etienne","8":"tag-actu","9":"tag-actualites","10":"tag-auvergne-rhone-alpes","11":"tag-culture-loisirs","12":"tag-edition-loire-sud","13":"tag-eu","14":"tag-europe","15":"tag-fr","16":"tag-france","17":"tag-news","18":"tag-republique-francaise","19":"tag-saint-etienne","20":"tag-saint-etienne-ville"},"share_on_mastodon":{"url":"https:\/\/pubeurope.com\/@fr\/115022793573900490","error":""},"_links":{"self":[{"href":"https:\/\/www.europesays.com\/fr\/wp-json\/wp\/v2\/posts\/316820","targetHints":{"allow":["GET"]}}],"collection":[{"href":"https:\/\/www.europesays.com\/fr\/wp-json\/wp\/v2\/posts"}],"about":[{"href":"https:\/\/www.europesays.com\/fr\/wp-json\/wp\/v2\/types\/post"}],"author":[{"embeddable":true,"href":"https:\/\/www.europesays.com\/fr\/wp-json\/wp\/v2\/users\/2"}],"replies":[{"embeddable":true,"href":"https:\/\/www.europesays.com\/fr\/wp-json\/wp\/v2\/comments?post=316820"}],"version-history":[{"count":0,"href":"https:\/\/www.europesays.com\/fr\/wp-json\/wp\/v2\/posts\/316820\/revisions"}],"wp:featuredmedia":[{"embeddable":true,"href":"https:\/\/www.europesays.com\/fr\/wp-json\/wp\/v2\/media\/316821"}],"wp:attachment":[{"href":"https:\/\/www.europesays.com\/fr\/wp-json\/wp\/v2\/media?parent=316820"}],"wp:term":[{"taxonomy":"category","embeddable":true,"href":"https:\/\/www.europesays.com\/fr\/wp-json\/wp\/v2\/categories?post=316820"},{"taxonomy":"post_tag","embeddable":true,"href":"https:\/\/www.europesays.com\/fr\/wp-json\/wp\/v2\/tags?post=316820"}],"curies":[{"name":"wp","href":"https:\/\/api.w.org\/{rel}","templated":true}]}}