{"id":316824,"date":"2025-08-13T18:09:10","date_gmt":"2025-08-13T18:09:10","guid":{"rendered":"https:\/\/www.europesays.com\/fr\/316824\/"},"modified":"2025-08-13T18:09:10","modified_gmt":"2025-08-13T18:09:10","slug":"nancy-sous-un-pic-de-canicule","status":"publish","type":"post","link":"https:\/\/www.europesays.com\/fr\/316824\/","title":{"rendered":"Nancy sous un pic de canicule"},"content":{"rendered":"<p>Ce mercredi, le thermom\u00e8tre affiche 40 degr\u00e9s \u00e0 Nancy. Une chaleur \u00e9crasante qui transforme les rues en fournaise. En dehors du centre-ville, rares sont ceux qui osent braver le soleil. Dans les parcs, quelques habitants cherchent un peu de fra\u00eecheur \u00e0 l\u2019ombre des arbres, tandis que d\u2019autres s\u2019activent pr\u00e8s des points d\u2019eau. Mais une question demeure : o\u00f9 sont pass\u00e9s les autres? La r\u00e9ponse se trouve derri\u00e8re les volets ferm\u00e9s ou au bord des bassins. La majorit\u00e9 des habitants a choisi de rester \u00e0 la maison, bien \u00e0 l\u2019abri, ou de se r\u00e9fugier \u00e0 la piscine pour \u00e9chapper \u00e0 cette vague de chaleur.<\/p>\n","protected":false},"excerpt":{"rendered":"Ce mercredi, le thermom\u00e8tre affiche 40 degr\u00e9s \u00e0 Nancy. Une chaleur \u00e9crasante qui transforme les rues en fournaise.&hellip;\n","protected":false},"author":2,"featured_media":316825,"comment_status":"","ping_status":"","sticky":false,"template":"","format":"standard","meta":{"footnotes":""},"categories":[9635],"tags":[1111,11,7782,6698,1704,1777,674,107,1011,27,2798,775,8423,3457,1702,12,3456,25,273],"class_list":{"0":"post-316824","1":"post","2":"type-post","3":"status-publish","4":"format-standard","5":"has-post-thumbnail","7":"category-nancy","8":"tag-actu","9":"tag-actualites","10":"tag-balades-et-randonnees","11":"tag-canicule","12":"tag-edition-nancy-et-agglomeration","13":"tag-eu","14":"tag-europe","15":"tag-fil-info","16":"tag-fr","17":"tag-france","18":"tag-galerie-photo","19":"tag-grand-est","20":"tag-meteorologie-climat","21":"tag-meurthe-et-moselle","22":"tag-nancy","23":"tag-news","24":"tag-region-lorraine","25":"tag-republique-francaise","26":"tag-selection-de-la-redaction"},"share_on_mastodon":{"url":"https:\/\/pubeurope.com\/@fr\/115022801463472384","error":""},"_links":{"self":[{"href":"https:\/\/www.europesays.com\/fr\/wp-json\/wp\/v2\/posts\/316824","targetHints":{"allow":["GET"]}}],"collection":[{"href":"https:\/\/www.europesays.com\/fr\/wp-json\/wp\/v2\/posts"}],"about":[{"href":"https:\/\/www.europesays.com\/fr\/wp-json\/wp\/v2\/types\/post"}],"author":[{"embeddable":true,"href":"https:\/\/www.europesays.com\/fr\/wp-json\/wp\/v2\/users\/2"}],"replies":[{"embeddable":true,"href":"https:\/\/www.europesays.com\/fr\/wp-json\/wp\/v2\/comments?post=316824"}],"version-history":[{"count":0,"href":"https:\/\/www.europesays.com\/fr\/wp-json\/wp\/v2\/posts\/316824\/revisions"}],"wp:featuredmedia":[{"embeddable":true,"href":"https:\/\/www.europesays.com\/fr\/wp-json\/wp\/v2\/media\/316825"}],"wp:attachment":[{"href":"https:\/\/www.europesays.com\/fr\/wp-json\/wp\/v2\/media?parent=316824"}],"wp:term":[{"taxonomy":"category","embeddable":true,"href":"https:\/\/www.europesays.com\/fr\/wp-json\/wp\/v2\/categories?post=316824"},{"taxonomy":"post_tag","embeddable":true,"href":"https:\/\/www.europesays.com\/fr\/wp-json\/wp\/v2\/tags?post=316824"}],"curies":[{"name":"wp","href":"https:\/\/api.w.org\/{rel}","templated":true}]}}