{"id":316828,"date":"2025-08-13T18:11:09","date_gmt":"2025-08-13T18:11:09","guid":{"rendered":"https:\/\/www.europesays.com\/fr\/316828\/"},"modified":"2025-08-13T18:11:09","modified_gmt":"2025-08-13T18:11:09","slug":"patrouille-de-france-feu-dartifice-animations-ce-quil-faut-savoir-sur-les-festivites-du-15-aout-prevues-a-toulon","status":"publish","type":"post","link":"https:\/\/www.europesays.com\/fr\/316828\/","title":{"rendered":"Patrouille de France, feu d&rsquo;artifice, animations&#8230;. Ce qu\u2019il faut savoir sur les festivit\u00e9s du 15 ao\u00fbt pr\u00e9vues \u00e0 Toulon"},"content":{"rendered":"<p>Pas de surprise, que du bonheur. Ainsi serait-on tent\u00e9 de r\u00e9sumer les festivit\u00e9s du 15 ao\u00fbt \u00e0 Toulon. Chaque ann\u00e9e, en ce jour anniversaire du d\u00e9barquement de Provence, les plages du Mourillon deviennent les tribunes noires de monde d\u2019un show de la Patrouille de France, de d\u00e9monstrations d\u2019a\u00e9ronefs militaires puis, en soir\u00e9e, d\u2019un feu d\u2019artifice qui embrase le fort Saint-Louis. Voici ce qu\u2019il faut savoir pour profiter au mieux de cette journ\u00e9e r\u00e9gl\u00e9e comme du papier \u00e0 musique.<\/p>\n<p>Des animations l\u2019apr\u00e8s-midi et en soir\u00e9e<\/p>\n<p>Tout commence <b>\u00e0 partir de 16h30<\/b> avec les d\u00e9monstrations des h\u00e9licopt\u00e8res Dauphin de la flottille 35F et Panther de la 36F, toutes deux bas\u00e9es \u00e0 Hy\u00e8res.<\/p>\n<p>Suivent des prestations des pilotes virtuoses de l\u2019\u00e9cole de voltige de l\u2019Arm\u00e9e de l\u2019air et de l\u2019espace, puis de l\u2019association Rafale Solo Display. Ce dernier spectacle, aussi impressionnant que bruyant, dure une dizaine de minutes au cours desquelles un Rafale, fleuron de l\u2019a\u00e9ronautique fran\u00e7aise, multiplie les prouesses en vol.<\/p>\n<p><b>Vers 17h45<\/b>, place au fameux show a\u00e9rien de la Patrouille de France et ses huit Alphajet qui enchantent Toulon depuis un quart de si\u00e8cle. L\u2019une des plus anciennes et prestigieuses formations acrobatiques au monde ne d\u00e9\u00e7oit jamais le public avec ses num\u00e9ros de voltige tricolores. Touristes et locaux auront une nouvelle fois les yeux braqu\u00e9s sur les \u00ab\u00a0chevaliers du ciel\u00a0\u00bb et leurs figures ex\u00e9cut\u00e9es \u00e0 800km\/h.<\/p>\n<p>Il faut enfin attendre jusqu\u2019\u00e0<b> 22h<\/b> pour le feu d\u2019artifice, avec embrasement du fort Saint-Louis. Long, musical et flamboyant, le num\u00e9ro pyrotechnique est l\u2019un des plus beaux de la r\u00e9gion.<\/p>\n<p>              <img ci-src=\"https:\/\/www.varmatin.com\/vie-locale\/protec\/DATA_ART_16070688-W2Wlt6qo.jpg?vh=731937&amp;ci_seal=e794f6bc66\" alt=\"\"\/><br \/>\n        Le feu d\u2019artifice, avec embrasement du fort Saint-Louis. <\/p>\n<p>                                Les plages du Mourillon, ce spot id\u00e9al<\/p>\n<p>Des trav\u00e9es ouvertes sur la mer et le ciel, th\u00e9\u00e2tres de tableaux uniques en France. C\u2019est sur les plages ou les digues du Mourillon que le spectacle s\u2019appr\u00e9ciera le mieux. Inconv\u00e9nient: tout le monde le sait et le lieu est envahi par des milliers de personnes tr\u00e8s t\u00f4t dans la journ\u00e9e. Pour assurer la s\u00e9curit\u00e9 de la foule, une fan zone sera mise en place, avec sept entr\u00e9es pour organiser les palpations et v\u00e9rifier que personne n\u2019am\u00e8ne d\u2019objets interdits.<\/p>\n<p>Bien d\u2019autres endroits permettront n\u00e9anmoins aussi d\u2019appr\u00e9cier le moment. Citons le littoral de la Mitre, la corniche du Mourillon, le fort du Cap Brun, voire la corniche du Faron pour le spectacle pyrotechnique. Mais, sauf \u00e0 profiter de la balade propos\u00e9e par les Bateliers de la rade (29 euros), oubliez la perspective de \u00ab\u00a0kiffer\u00a0\u00bb depuis le plan d\u2019eau: la navigation est interdite entre Pipady et la quatri\u00e8me anse de 12h \u00e0 minuit.<\/p>\n<p>Autant que possible, oubliez la voiture<\/p>\n<p>Parking des plages ferm\u00e9 d\u00e8s 6h du matin dans sa partie sud, acc\u00e8s unique en voiture c\u00f4t\u00e9 Lido (du moins tant qu\u2019il reste des places), inspection des coffres, stationnement interdit toute la journ\u00e9e sur le boulevard Cun\u00e9o et le littoral Fr\u00e9d\u00e9ric-Mistral\u2026 Bref, garer sa voiture au plus pr\u00e8s de l\u2019\u00e9v\u00e9nement sera une gageure.<\/p>\n<p>Ajoutez \u00e0 cela la fermeture de nombre de rues du quartier \u00e0 partir de 14h, et vous obtenez une formidable publicit\u00e9 pour la marche \u00e0 pied, le v\u00e9lo ou les transports en commun. \u00c7a tombe bien, le r\u00e9seau Mistral a pr\u00e9vu de se montrer \u00e0 la hauteur de l\u2019\u00e9v\u00e9nement.<\/p>\n<p>Ainsi, la ligne 3 sera renforc\u00e9e de 14h \u00e0 00h20, la ligne 1 prolong\u00e9e jusqu\u2019\u00e0 1h du matin. En outre, les lignes maritimes vont fonctionner comme un samedi et la 18M nocturne verra augmenter le nombre de ses rotations. \u00c0 noter qu\u2019apr\u00e8s le feu d\u2019artifice, les bus seront positionn\u00e9s le long de l\u2019avenue des Tirailleurs s\u00e9n\u00e9galais, au niveau de l\u2019arr\u00eat Grignan, \u00e0 proximit\u00e9 du rond-point du Polygone.<\/p>\n<p>Infos <a href=\"https:\/\/toulon.fr\" target=\"_blank\" rel=\"noopener nofollow\">https:\/\/toulon.fr<\/a><\/p>\n","protected":false},"excerpt":{"rendered":"Pas de surprise, que du bonheur. Ainsi serait-on tent\u00e9 de r\u00e9sumer les festivit\u00e9s du 15 ao\u00fbt \u00e0 Toulon.&hellip;\n","protected":false},"author":2,"featured_media":316829,"comment_status":"","ping_status":"","sticky":false,"template":"","format":"standard","meta":{"footnotes":""},"categories":[9619],"tags":[1111,11,1777,674,7186,1011,27,12,882,25,2310,3366],"class_list":{"0":"post-316828","1":"post","2":"type-post","3":"status-publish","4":"format-standard","5":"has-post-thumbnail","7":"category-toulon","8":"tag-actu","9":"tag-actualites","10":"tag-eu","11":"tag-europe","12":"tag-festivites","13":"tag-fr","14":"tag-france","15":"tag-news","16":"tag-provence-alpes-cote-dazur","17":"tag-republique-francaise","18":"tag-toulon","19":"tag-vie-locale"},"share_on_mastodon":{"url":"https:\/\/pubeurope.com\/@fr\/115022809309989353","error":""},"_links":{"self":[{"href":"https:\/\/www.europesays.com\/fr\/wp-json\/wp\/v2\/posts\/316828","targetHints":{"allow":["GET"]}}],"collection":[{"href":"https:\/\/www.europesays.com\/fr\/wp-json\/wp\/v2\/posts"}],"about":[{"href":"https:\/\/www.europesays.com\/fr\/wp-json\/wp\/v2\/types\/post"}],"author":[{"embeddable":true,"href":"https:\/\/www.europesays.com\/fr\/wp-json\/wp\/v2\/users\/2"}],"replies":[{"embeddable":true,"href":"https:\/\/www.europesays.com\/fr\/wp-json\/wp\/v2\/comments?post=316828"}],"version-history":[{"count":0,"href":"https:\/\/www.europesays.com\/fr\/wp-json\/wp\/v2\/posts\/316828\/revisions"}],"wp:featuredmedia":[{"embeddable":true,"href":"https:\/\/www.europesays.com\/fr\/wp-json\/wp\/v2\/media\/316829"}],"wp:attachment":[{"href":"https:\/\/www.europesays.com\/fr\/wp-json\/wp\/v2\/media?parent=316828"}],"wp:term":[{"taxonomy":"category","embeddable":true,"href":"https:\/\/www.europesays.com\/fr\/wp-json\/wp\/v2\/categories?post=316828"},{"taxonomy":"post_tag","embeddable":true,"href":"https:\/\/www.europesays.com\/fr\/wp-json\/wp\/v2\/tags?post=316828"}],"curies":[{"name":"wp","href":"https:\/\/api.w.org\/{rel}","templated":true}]}}