{"id":316830,"date":"2025-08-13T18:12:12","date_gmt":"2025-08-13T18:12:12","guid":{"rendered":"https:\/\/www.europesays.com\/fr\/316830\/"},"modified":"2025-08-13T18:12:12","modified_gmt":"2025-08-13T18:12:12","slug":"toulon-les-services-de-letat-mobilises-en-periode-de-canicule-pour-les-personnes-sans-abri","status":"publish","type":"post","link":"https:\/\/www.europesays.com\/fr\/316830\/","title":{"rendered":"TOULON : Les services de l&rsquo;Etat mobilis\u00e9s en p\u00e9riode de canicule pour les personnes sans-abri"},"content":{"rendered":"<p><strong>SOLIDARIT\u00c9 \u2013 Les services de l\u2019\u00c9tat mobilis\u00e9s durant la canicule pour les personnes sans-abri.<\/strong><\/p>\n<p>Tout au long de l\u2019ann\u00e9e, les services de l\u2019\u00c9tat, dans le Var, sont en ordre de marche, avec leurs nombreux partenaires associatifs, pour assurer l\u2019accueil et l\u2019accompagnement des personnes en difficult\u00e9. Durant l\u2019\u00e9t\u00e9, cette mobilisation est renforc\u00e9e.<br \/>En lien avec les associations et les partenaires institutionnels, les services de l\u2019\u00c9tat s\u2019assurent de la disponibilit\u00e9 de places d\u2019h\u00e9bergement, de l\u2019ouverture d\u2019accueils de jour ainsi que de la mobilisation des \u00e9quipes mobiles (maraudes)\u2026 Cette ann\u00e9e encore, les associations mobilis\u00e9es se sont organis\u00e9es afin de proposer un accueil adapt\u00e9.<\/p>\n<p><strong>En cette p\u00e9riode de canicule, le dispositif op\u00e9rationnel dans le Var repose sur :<\/strong><\/p>\n<p>\uf0a7 une mobilisation renforc\u00e9e des moyens disponibles : le SIAO-115 (service int\u00e9gr\u00e9 d\u2019accueil et d\u2019orientation) du Var informe la Direction D\u00e9partementale de l\u2019Emploi, du Travail et des Solidarit\u00e9s (DDETS) en temps r\u00e9el de l\u2019\u00e9volution des demandes de prestations et de mises \u00e0 l\u2019abri en nombre et par zone g\u00e9ographique ;<br \/>\uf0a7 une attention particuli\u00e8re des appels 115 durant cette p\u00e9riode pour r\u00e9pondre \u00e0 la progression des signalements et des appels ;<br \/>\uf0a7 une intensification des maraudes (sur Toulon Provence M\u00e9diterran\u00e9e, l\u2019Aire Drac\u00e9noise et Fr\u00e9jus-Saint-Rapha\u00ebl) effectu\u00e9es par les \u00e9quipes mobiles et les b\u00e9n\u00e9voles, d\u00e8s activation de la vigilance jaune (cf. horaires en pi\u00e8ce jointe);<br \/>\uf0a7 une extension horaire et une ouverture les week-ends des accueils de jour en cas de d\u00e9clenchement, comme c\u2019est le cas actuellement, de la vigilance orange et rouge afin que les personnes sans h\u00e9bergement puissent trouver un lieu rafra\u00eechi et s\u2019hydrater.<\/p>\n<p>Ce dispositif s\u2019appuie \u00e9galement sur la vigilance de tous. Toute personne qui identifie une personne sans-abri en difficult\u00e9 dans la rue doit appeler le 115, num\u00e9ro d\u2019appel gratuit et accessible 24h\/24, 7j\/7 pour signaler la situation de cette personne \u00e0 un \u00e9coutant.<br \/>En cas de comportement pr\u00e9occupant ou de malaise, composer imm\u00e9diatement le 15.<\/p>\n","protected":false},"excerpt":{"rendered":"SOLIDARIT\u00c9 \u2013 Les services de l\u2019\u00c9tat mobilis\u00e9s durant la canicule pour les personnes sans-abri. Tout au long de&hellip;\n","protected":false},"author":2,"featured_media":92560,"comment_status":"","ping_status":"","sticky":false,"template":"","format":"standard","meta":{"footnotes":""},"categories":[9619],"tags":[1111,11,1777,674,1011,27,12,882,25,2310],"class_list":{"0":"post-316830","1":"post","2":"type-post","3":"status-publish","4":"format-standard","5":"has-post-thumbnail","7":"category-toulon","8":"tag-actu","9":"tag-actualites","10":"tag-eu","11":"tag-europe","12":"tag-fr","13":"tag-france","14":"tag-news","15":"tag-provence-alpes-cote-dazur","16":"tag-republique-francaise","17":"tag-toulon"},"share_on_mastodon":{"url":"https:\/\/pubeurope.com\/@fr\/115022813376942592","error":""},"_links":{"self":[{"href":"https:\/\/www.europesays.com\/fr\/wp-json\/wp\/v2\/posts\/316830","targetHints":{"allow":["GET"]}}],"collection":[{"href":"https:\/\/www.europesays.com\/fr\/wp-json\/wp\/v2\/posts"}],"about":[{"href":"https:\/\/www.europesays.com\/fr\/wp-json\/wp\/v2\/types\/post"}],"author":[{"embeddable":true,"href":"https:\/\/www.europesays.com\/fr\/wp-json\/wp\/v2\/users\/2"}],"replies":[{"embeddable":true,"href":"https:\/\/www.europesays.com\/fr\/wp-json\/wp\/v2\/comments?post=316830"}],"version-history":[{"count":0,"href":"https:\/\/www.europesays.com\/fr\/wp-json\/wp\/v2\/posts\/316830\/revisions"}],"wp:featuredmedia":[{"embeddable":true,"href":"https:\/\/www.europesays.com\/fr\/wp-json\/wp\/v2\/media\/92560"}],"wp:attachment":[{"href":"https:\/\/www.europesays.com\/fr\/wp-json\/wp\/v2\/media?parent=316830"}],"wp:term":[{"taxonomy":"category","embeddable":true,"href":"https:\/\/www.europesays.com\/fr\/wp-json\/wp\/v2\/categories?post=316830"},{"taxonomy":"post_tag","embeddable":true,"href":"https:\/\/www.europesays.com\/fr\/wp-json\/wp\/v2\/tags?post=316830"}],"curies":[{"name":"wp","href":"https:\/\/api.w.org\/{rel}","templated":true}]}}