{"id":316833,"date":"2025-08-13T18:14:15","date_gmt":"2025-08-13T18:14:15","guid":{"rendered":"https:\/\/www.europesays.com\/fr\/316833\/"},"modified":"2025-08-13T18:14:15","modified_gmt":"2025-08-13T18:14:15","slug":"attaque-au-couteau-contre-un-sdf-endormi-un-suspect-de-20-ans-en-garde-a-vue","status":"publish","type":"post","link":"https:\/\/www.europesays.com\/fr\/316833\/","title":{"rendered":"attaque au couteau contre un SDF endormi, un suspect de 20 ans en garde \u00e0 vue"},"content":{"rendered":"<p>            Par<br \/>\n        <strong><br \/>\n            <a href=\"https:\/\/actu.fr\/auteur\/lea-pippinato\" title=\"Consulter tous les articles de L\u00e9a Pippinato\" rel=\"nofollow noopener\" target=\"_blank\">L\u00e9a Pippinato<\/a><br \/>\n        <\/strong><\/p>\n<p>        Publi\u00e9 le<\/p>\n<p>            13 ao\u00fbt 2025 \u00e0 19h02        <\/p>\n<p><strong>Ce mercredi 13 ao\u00fbt 2025<\/strong>, un homme sans domicile fixe de 62 ans a \u00e9t\u00e9 bless\u00e9 au couteau \u00e0 Montpellier. Les faits ont eu lieu place de Thessalie, dans le quartier Antigone. La victime dormait dans son sac de couchage, pr\u00e8s d\u2019un autre SDF de 37 ans, sous des immeubles.<\/p>\n<p>    <a href=\"https:\/\/www.google.com\/maps\/embed?pb=!1m18!1m12!1m3!1d23114.090373704526!2d3.8338559999999995!3d43.6011008!2m3!1f0!2f0!3f0!3m2!1i1024!2i768!4f13.1!3m3!1m2!1s0x12b6af9dd048ec2d%3A0x675509f89ec8c9!2sPl.%20de%20Thessalie%2C%2034000%20Montpellier!5e0!3m2!1sfr!2sfr!4v1755099803754!5m2!1sfr!2sfr\" title=\"Ouvrie le lien\" rel=\"nofollow noopener\" target=\"_blank\">Cliquez ici pour visualiser le contenu<\/a><\/p>\n<p class=\" wall-content\">Selon les premiers \u00e9l\u00e9ments de l\u2019enqu\u00eate, un jeune homme de 20 ans s\u2019est approch\u00e9 des deux sans-abri endormis. Il leur a demand\u00e9 de l\u2019argent. Couteau \u00e0 la main, il a d\u2019abord menac\u00e9 le trentenaire. Puis, il s\u2019est tourn\u00e9 vers le sexag\u00e9naire. Ce dernier a refus\u00e9 de c\u00e9der et a cri\u00e9. L\u2019agresseur lui aurait alors port\u00e9 deux coups de couteau, l\u2019un dans le bas du dos, l\u2019autre au niveau de la clavicule.<\/p>\n<p>Arrestation du suspect<\/p>\n<p class=\" wall-content\">Les sapeurs-pompiers de l\u2019H\u00e9rault et les urgentistes du Samu 34 sont intervenus rapidement. Ils ont transport\u00e9 la victime aux urgences du centre hospitalier Lapeyronie. Son pronostic vital n\u2019est pas engag\u00e9. Vers 5h40, une patrouille de police secours a rep\u00e9r\u00e9 un jeune homme place du Nombre d\u2019Or, \u00e0 proximit\u00e9 des lieux. Les policiers nationaux l\u2019ont interpell\u00e9 et plac\u00e9 en garde \u00e0 vue au commissariat central. Les enqu\u00eateurs doivent encore pr\u00e9ciser le d\u00e9roulement des faits et \u00e9tablir les motivations du suspect.<\/p>\n<p class=\" wall-content\">Suivez toute l\u2019actualit\u00e9 de vos villes et m\u00e9dias favoris en vous inscrivant \u00e0 <a href=\"https:\/\/moncompte.actu.fr\" title=\"D\u00e9couvez Mon Actu\" rel=\"nofollow noopener\" data-trk=\"{&quot;cta&quot;:{&quot;action&quot;:&quot;https:\\\/\\\/moncompte.actu.fr&quot;,&quot;category&quot;:&quot;mon compte&quot;,&quot;from&quot;:&quot;article footer&quot;,&quot;name&quot;:&quot;Mon actu&quot;,&quot;type&quot;:&quot;cta&quot;}}\" target=\"_blank\">Mon Actu<\/a>.<\/p>\n","protected":false},"excerpt":{"rendered":"Par L\u00e9a Pippinato Publi\u00e9 le 13 ao\u00fbt 2025 \u00e0 19h02 Ce mercredi 13 ao\u00fbt 2025, un homme sans&hellip;\n","protected":false},"author":2,"featured_media":316834,"comment_status":"","ping_status":"","sticky":false,"template":"","format":"standard","meta":{"footnotes":""},"categories":[9599],"tags":[1111,11,1777,674,1011,27,2208,12,2680,1072,1311,25,104,7501],"class_list":{"0":"post-316833","1":"post","2":"type-post","3":"status-publish","4":"format-standard","5":"has-post-thumbnail","7":"category-montpellier","8":"tag-actu","9":"tag-actualites","10":"tag-eu","11":"tag-europe","12":"tag-fr","13":"tag-france","14":"tag-montpellier","15":"tag-news","16":"tag-occitanie","17":"tag-police","18":"tag-pompiers","19":"tag-republique-francaise","20":"tag-societe","21":"tag-violences-urbaines"},"share_on_mastodon":{"url":"https:\/\/pubeurope.com\/@fr\/115022821177910445","error":""},"_links":{"self":[{"href":"https:\/\/www.europesays.com\/fr\/wp-json\/wp\/v2\/posts\/316833","targetHints":{"allow":["GET"]}}],"collection":[{"href":"https:\/\/www.europesays.com\/fr\/wp-json\/wp\/v2\/posts"}],"about":[{"href":"https:\/\/www.europesays.com\/fr\/wp-json\/wp\/v2\/types\/post"}],"author":[{"embeddable":true,"href":"https:\/\/www.europesays.com\/fr\/wp-json\/wp\/v2\/users\/2"}],"replies":[{"embeddable":true,"href":"https:\/\/www.europesays.com\/fr\/wp-json\/wp\/v2\/comments?post=316833"}],"version-history":[{"count":0,"href":"https:\/\/www.europesays.com\/fr\/wp-json\/wp\/v2\/posts\/316833\/revisions"}],"wp:featuredmedia":[{"embeddable":true,"href":"https:\/\/www.europesays.com\/fr\/wp-json\/wp\/v2\/media\/316834"}],"wp:attachment":[{"href":"https:\/\/www.europesays.com\/fr\/wp-json\/wp\/v2\/media?parent=316833"}],"wp:term":[{"taxonomy":"category","embeddable":true,"href":"https:\/\/www.europesays.com\/fr\/wp-json\/wp\/v2\/categories?post=316833"},{"taxonomy":"post_tag","embeddable":true,"href":"https:\/\/www.europesays.com\/fr\/wp-json\/wp\/v2\/tags?post=316833"}],"curies":[{"name":"wp","href":"https:\/\/api.w.org\/{rel}","templated":true}]}}