{"id":316835,"date":"2025-08-13T18:15:11","date_gmt":"2025-08-13T18:15:11","guid":{"rendered":"https:\/\/www.europesays.com\/fr\/316835\/"},"modified":"2025-08-13T18:15:11","modified_gmt":"2025-08-13T18:15:11","slug":"en-groupe-ils-sen-prennent-a-une-femme-vulnerable-en-pleine-rue-a-rouen","status":"publish","type":"post","link":"https:\/\/www.europesays.com\/fr\/316835\/","title":{"rendered":"En groupe, ils s&rsquo;en prennent \u00e0 une femme vuln\u00e9rable en pleine rue \u00e0 Rouen"},"content":{"rendered":"<p>            Par<br \/>\n        <strong><br \/>\n            <a href=\"https:\/\/actu.fr\/auteur\/julien-bouteiller\" title=\"Consulter tous les articles de Julien Bouteiller\" rel=\"nofollow noopener\" target=\"_blank\">Julien Bouteiller<\/a><br \/>\n        <\/strong><\/p>\n<p>        Publi\u00e9 le<\/p>\n<p>            13 ao\u00fbt 2025 \u00e0 19h49        <\/p>\n<p>En groupe, c\u2019est plus facile\u2026 Une femme a \u00e9t\u00e9 <strong>agress\u00e9e par trois jeunes hommes, en pleine rue<\/strong> \u00e0 <a href=\"https:\/\/actu.fr\/normandie\/rouen_76540\" rel=\"nofollow noopener\" target=\"_blank\">Rouen<\/a>, dans la soir\u00e9e du lundi 11 ao\u00fbt 2025. La police a pu y mettre fin.<\/p>\n<p>Une agression en pleine rue<\/p>\n<p class=\" wall-content\">Initialement, les policiers ont \u00e9t\u00e9 appel\u00e9s <strong>vers 20 heures, pr\u00e8s du Th\u00e9\u00e2tre des Arts<\/strong>, car \u00ab\u00a0des individus auraient oblig\u00e9 une femme \u00e0 s\u2019asseoir sur un banc pour fouiller dans son sac\u00a0\u00bb, nous indique une source polici\u00e8re.<\/p>\n<p class=\" wall-content\">Sur les lieux, les policiers n\u2019ont rien trouv\u00e9, mais ils ont rep\u00e9r\u00e9, dans une rue \u00e0 l\u2019\u00e9cart, que \u00ab\u00a0trois individus entourent une femme et fouillent dans son sac\u00a0\u00bb.\u00a0<\/p>\n<p class=\" wall-content\">La situation n\u2019\u00e9tait pas tr\u00e8s claire. La jeune femme de 26 ans<strong> a expliqu\u00e9 \u00eatre sous curatelle<\/strong> et qu\u2019elle \u00e9tait \u00ab\u00a0venue pour rendre un t\u00e9l\u00e9phone qu\u2019elle aurait d\u00e9rob\u00e9 \u00e0 l\u2019un des hommes, qu\u2019elle conna\u00eetrait\u00a0\u00bb.\u00a0<\/p>\n<p class=\" wall-content\">Mais en groupe, les trois gar\u00e7ons de 16, 17 et 19 ans, <strong>lui ont vol\u00e9 deux cartes bancaires et l\u2019ont menac\u00e9e<\/strong> si elle ne leur donnait pas les codes.\u00a0<\/p>\n<p class=\" wall-content\">Au final, les trois suspects ont \u00e9t\u00e9 interpell\u00e9s et plac\u00e9s en garde \u00e0 vue.<\/p>\n<p>Suivez l\u2019actualit\u00e9 de Rouen <a href=\"https:\/\/www.whatsapp.com\/channel\/0029VaKfnf99hXF2ddApFB1D\" rel=\"nofollow noopener\" target=\"_blank\">sur notre cha\u00eene WhatsApp<\/a> et <a href=\"https:\/\/www.tiktok.com\/@76actu.fr?lang=fr\" rel=\"nofollow noopener\" target=\"_blank\">sur notre compte TikTok<\/a><\/p>\n<p class=\" wall-content\">Suivez toute l\u2019actualit\u00e9 de vos villes et m\u00e9dias favoris en vous inscrivant \u00e0 <a href=\"https:\/\/moncompte.actu.fr\" title=\"D\u00e9couvez Mon Actu\" rel=\"nofollow noopener\" data-trk=\"{&quot;cta&quot;:{&quot;action&quot;:&quot;https:\\\/\\\/moncompte.actu.fr&quot;,&quot;category&quot;:&quot;mon compte&quot;,&quot;from&quot;:&quot;article footer&quot;,&quot;name&quot;:&quot;Mon actu&quot;,&quot;type&quot;:&quot;cta&quot;}}\" target=\"_blank\">Mon Actu<\/a>.<\/p>\n<p>                    <script async src=\"\/\/www.tiktok.com\/embed.js\"><\/script><\/p>\n","protected":false},"excerpt":{"rendered":"Par Julien Bouteiller Publi\u00e9 le 13 ao\u00fbt 2025 \u00e0 19h49 En groupe, c\u2019est plus facile\u2026 Une femme a&hellip;\n","protected":false},"author":2,"featured_media":316836,"comment_status":"","ping_status":"","sticky":false,"template":"","format":"standard","meta":{"footnotes":""},"categories":[9587],"tags":[1111,11,1777,674,118,1011,27,12,5161,1072,25,9590],"class_list":{"0":"post-316835","1":"post","2":"type-post","3":"status-publish","4":"format-standard","5":"has-post-thumbnail","7":"category-rouen","8":"tag-actu","9":"tag-actualites","10":"tag-eu","11":"tag-europe","12":"tag-faits-divers","13":"tag-fr","14":"tag-france","15":"tag-news","16":"tag-normandie","17":"tag-police","18":"tag-republique-francaise","19":"tag-rouen"},"share_on_mastodon":{"url":"https:\/\/pubeurope.com\/@fr\/115022824885609767","error":""},"_links":{"self":[{"href":"https:\/\/www.europesays.com\/fr\/wp-json\/wp\/v2\/posts\/316835","targetHints":{"allow":["GET"]}}],"collection":[{"href":"https:\/\/www.europesays.com\/fr\/wp-json\/wp\/v2\/posts"}],"about":[{"href":"https:\/\/www.europesays.com\/fr\/wp-json\/wp\/v2\/types\/post"}],"author":[{"embeddable":true,"href":"https:\/\/www.europesays.com\/fr\/wp-json\/wp\/v2\/users\/2"}],"replies":[{"embeddable":true,"href":"https:\/\/www.europesays.com\/fr\/wp-json\/wp\/v2\/comments?post=316835"}],"version-history":[{"count":0,"href":"https:\/\/www.europesays.com\/fr\/wp-json\/wp\/v2\/posts\/316835\/revisions"}],"wp:featuredmedia":[{"embeddable":true,"href":"https:\/\/www.europesays.com\/fr\/wp-json\/wp\/v2\/media\/316836"}],"wp:attachment":[{"href":"https:\/\/www.europesays.com\/fr\/wp-json\/wp\/v2\/media?parent=316835"}],"wp:term":[{"taxonomy":"category","embeddable":true,"href":"https:\/\/www.europesays.com\/fr\/wp-json\/wp\/v2\/categories?post=316835"},{"taxonomy":"post_tag","embeddable":true,"href":"https:\/\/www.europesays.com\/fr\/wp-json\/wp\/v2\/tags?post=316835"}],"curies":[{"name":"wp","href":"https:\/\/api.w.org\/{rel}","templated":true}]}}