{"id":316837,"date":"2025-08-13T18:18:13","date_gmt":"2025-08-13T18:18:13","guid":{"rendered":"https:\/\/www.europesays.com\/fr\/316837\/"},"modified":"2025-08-13T18:18:13","modified_gmt":"2025-08-13T18:18:13","slug":"revel-un-concours-de-bucherons-ces-samedi-16-et-dimanche-17-aout","status":"publish","type":"post","link":"https:\/\/www.europesays.com\/fr\/316837\/","title":{"rendered":"Revel. Un concours de b\u00fbcherons ces samedi\u00a016 et dimanche 17\u00a0ao\u00fbt"},"content":{"rendered":"<p>L\u2019association Les Castors du dimanche \u00e0 Revel organise ces samedi\u00a016 et dimanche 17\u00a0ao\u00fbt une <a href=\"https:\/\/www.ledauphine.com\/culture-loisirs\/2025\/07\/31\/isere-revel-cette-fois-professionnels-et-amateurs-seront-melanges-le-retour-de-la-fete-de-freydieres-les-16-et-17-aout\" target=\"_blank\" rel=\"noopener\">nouvelle \u00e9dition de la f\u00eate de Freydi\u00e8res<\/a> , du nom du lieu-dit o\u00f9 se d\u00e9roule la manifestation. Au programme, concours de b\u00fbcherons, exposition de mat\u00e9riels et march\u00e9 d\u2019artisans. Le samedi apr\u00e8s-midi, les visiteurs pourront assister au concours professionnel sur le mod\u00e8le du Stihl timbersports. Diff\u00e9rentes \u00e9preuves spectaculaires seront propos\u00e9es. Le dimanche apr\u00e8s-midi, aura lieu le concours traditionnel.<\/p>\n<p class=\"note\">Samedi 16 et dimanche 17 ao\u00fbt \u00e0 partir de 11 h, \u00e0 <a href=\"https:\/\/www.ledauphine.com\/culture-loisirs\/2025\/07\/31\/isere-revel-cette-fois-professionnels-et-amateurs-seront-melanges-le-retour-de-la-fete-de-freydieres-les-16-et-17-aout\" target=\"_blank\" rel=\"noopener\">Freydi\u00e8res.<\/a> Entr\u00e9e gratuite.<\/p>\n","protected":false},"excerpt":{"rendered":"L\u2019association Les Castors du dimanche \u00e0 Revel organise ces samedi\u00a016 et dimanche 17\u00a0ao\u00fbt une nouvelle \u00e9dition de la&hellip;\n","protected":false},"author":2,"featured_media":316838,"comment_status":"","ping_status":"","sticky":false,"template":"","format":"standard","meta":{"footnotes":""},"categories":[9566],"tags":[1111,11,2430,1687,113,1777,674,3326,1011,27,2731,12204,12,2661,25,26949],"class_list":{"0":"post-316837","1":"post","2":"type-post","3":"status-publish","4":"format-standard","5":"has-post-thumbnail","7":"category-grenoble","8":"tag-actu","9":"tag-actualites","10":"tag-auvergne-rhone-alpes","11":"tag-culture-loisirs","12":"tag-edition-gresivaudan-oisans","13":"tag-eu","14":"tag-europe","15":"tag-fete-locale","16":"tag-fr","17":"tag-france","18":"tag-grenoble","19":"tag-gresivaudan","20":"tag-news","21":"tag-patrimoine-culturel","22":"tag-republique-francaise","23":"tag-revel"},"share_on_mastodon":{"url":"https:\/\/pubeurope.com\/@fr\/115022836754343448","error":""},"_links":{"self":[{"href":"https:\/\/www.europesays.com\/fr\/wp-json\/wp\/v2\/posts\/316837","targetHints":{"allow":["GET"]}}],"collection":[{"href":"https:\/\/www.europesays.com\/fr\/wp-json\/wp\/v2\/posts"}],"about":[{"href":"https:\/\/www.europesays.com\/fr\/wp-json\/wp\/v2\/types\/post"}],"author":[{"embeddable":true,"href":"https:\/\/www.europesays.com\/fr\/wp-json\/wp\/v2\/users\/2"}],"replies":[{"embeddable":true,"href":"https:\/\/www.europesays.com\/fr\/wp-json\/wp\/v2\/comments?post=316837"}],"version-history":[{"count":0,"href":"https:\/\/www.europesays.com\/fr\/wp-json\/wp\/v2\/posts\/316837\/revisions"}],"wp:featuredmedia":[{"embeddable":true,"href":"https:\/\/www.europesays.com\/fr\/wp-json\/wp\/v2\/media\/316838"}],"wp:attachment":[{"href":"https:\/\/www.europesays.com\/fr\/wp-json\/wp\/v2\/media?parent=316837"}],"wp:term":[{"taxonomy":"category","embeddable":true,"href":"https:\/\/www.europesays.com\/fr\/wp-json\/wp\/v2\/categories?post=316837"},{"taxonomy":"post_tag","embeddable":true,"href":"https:\/\/www.europesays.com\/fr\/wp-json\/wp\/v2\/tags?post=316837"}],"curies":[{"name":"wp","href":"https:\/\/api.w.org\/{rel}","templated":true}]}}